{"id":102033,"date":"2020-08-14T08:00:46","date_gmt":"2020-08-14T12:00:46","guid":{"rendered":"https:\/\/www.eltrabajo.cl\/portal\/?p=102033"},"modified":"2020-08-13T21:45:13","modified_gmt":"2020-08-14T01:45:13","slug":"concejal-christian-beals-presenta-denuncia-por-amenazas-en-su-contra","status":"publish","type":"post","link":"https:\/\/eltrabajo.cl\/portal\/concejal-christian-beals-presenta-denuncia-por-amenazas-en-su-contra\/","title":{"rendered":"Concejal Christian Beals presenta denuncia por amenazas en su contra"},"content":{"rendered":"<p style=\"text-align: left;\"><span style=\"color: #c81400;\"><strong>Dirigida contra un grupo de personas que lo han injuriado en redes sociales<\/strong><\/span><\/p>\n<p style=\"text-align: justify;\">Ayer en el cuartel de la PDI de San Felipe, el concejal <strong>Christian Beals Campos<\/strong> interpuso una denuncia por amenazas en su contra luego que la noche de este mi\u00e9rcoles, un grupo de personas que lo ha descalificado en redes sociales, lleg\u00f3 con lienzos donde aparece su nombre a \u2018funarlo\u2019 hasta el lugar donde vive.<\/p>\n<p style=\"text-align: justify;\">\u00ab<em>Vine a hacer una presentaci\u00f3n a este organismo en el que conf\u00edo cien por ciento, por las injurias y amenazas que he recibido en las redes p\u00fablicas de un grupo de personas determinadas, peque\u00f1os, de 10 a 15 personas, que adem\u00e1s han hecho \u2018funas\u2019 frente a la municipalidad el d\u00eda de ayer (mi\u00e9rcoles), interfiriendo la vida normal del trabajo que tiene una autoridad comunal como yo, que respecto a la destituci\u00f3n del alcalde Freire, lo \u00fanico que nosotros hemos hecho los concejales, es reafirmar el principio de investigaci\u00f3n y de transparencia y exigir que los actos sean transparentados. Este tipo de fiscalizaci\u00f3n los concejales normalmente nunca lo han ejercido y yo he tenido esa actitud de perseverar, que es lenta, este proceso lleva tres a\u00f1os; el tribunal constituido por jueces de la rep\u00fablica ha determinado que el alcalde incurri\u00f3 en falta a sus deberes\u00bb,<\/em> se\u00f1al\u00f3 Beals.<\/p>\n<p style=\"text-align: justify;\">&#8211; <strong>\u00bfC\u00f3mo est\u00e1 calificada la denuncia?<\/strong><\/p>\n<p style=\"text-align: justify;\">&#8211; Como amenaza. Como yo soy una autoridad, tiene que irse al ministerio y la PDI a trav\u00e9s del delito inform\u00e1tico, informar todas las personas que aparecen publicando. Hay que iniciar un juicio por querellas, injurias y calumnias y determinar las acciones legales que el sistema determine, porque hay que precaver de que cualquier persona, escondi\u00e9ndose detr\u00e1s de un nombre falso, pueda manifestarse con las cosas que se han dicho, \u2018que yo soy asesino\u2019, que demuestren que soy asesino\u2026 No s\u00e9 a qui\u00e9n asesin\u00e9, qu\u00e9 proceso, entonces cualquiera puede escribir estupideces, tiene que hacerse responsable y eso tambi\u00e9n sirve para que las dem\u00e1s personas, antes de publicar algo, sepan que hay un sistema que controla.<\/p>\n<p style=\"text-align: justify;\">&#8211; <strong>Es decir, \u00bfse ha sentido amedrentado con esta situaci\u00f3n?<\/strong><\/p>\n<p style=\"text-align: justify;\">&#8211; S\u00ed, muy molesto porque no es agradable por hacer tu trabajo, personas que est\u00e1n dirigidas\u2026 me imagino por intereses cercanos a la persona que est\u00e1 destituida, puedan ejercer esta acci\u00f3n anormal, cuando en el fondo no soy yo el que lo destituy\u00f3, fue el Tribunal Electoral que es un ente legal que rige los destinos de las municipalidades en Chile. No soy yo el que lo destituy\u00f3, fue un grupo de jueces que evalu\u00f3 los antecedentes que se presentaron, y no es porque yo lo persiga, que sea mala leche o que sea una persona conflictiva; no tengo ese problema.<\/p>\n<p style=\"text-align: justify;\">&#8211; <strong>\u00bfYa apareci\u00f3 hoy d\u00eda (ayer) en El Mercurio el extracto de la remoci\u00f3n?<\/strong><\/p>\n<p style=\"text-align: justify;\">&#8211; La notificaci\u00f3n autom\u00e1ticamente est\u00e1 destituido, contrariamente a lo que sus abogados creen, que tiene que estar notificado para ser destituido\u2026 Autom\u00e1ticamente est\u00e1 destituido\u2026 ya no hay alcalde en San Felipe.<\/p>\n<figure id=\"attachment_102034\" aria-describedby=\"caption-attachment-102034\" style=\"width: 580px\" class=\"wp-caption alignnone\"><img data-recalc-dims=\"1\" loading=\"lazy\" decoding=\"async\" class=\"size-full wp-image-102034\" src=\"https:\/\/i0.wp.com\/eltrabajo.cl\/portal\/wp-content\/uploads\/2020\/08\/Beals.jpg?resize=580%2C359&#038;ssl=1\" alt=\"Concejal Beals saliendo del cuartel de la PDI despu\u00e9s de realizar la denuncia.\" width=\"580\" height=\"359\" srcset=\"https:\/\/i0.wp.com\/eltrabajo.cl\/portal\/wp-content\/uploads\/2020\/08\/Beals.jpg?w=580&amp;ssl=1 580w, https:\/\/i0.wp.com\/eltrabajo.cl\/portal\/wp-content\/uploads\/2020\/08\/Beals.jpg?resize=300%2C186&amp;ssl=1 300w, https:\/\/i0.wp.com\/eltrabajo.cl\/portal\/wp-content\/uploads\/2020\/08\/Beals.jpg?resize=200%2C124&amp;ssl=1 200w\" sizes=\"auto, (max-width: 580px) 100vw, 580px\" \/><figcaption id=\"caption-attachment-102034\" class=\"wp-caption-text\">Concejal Beals saliendo del cuartel de la PDI despu\u00e9s de realizar la denuncia.<\/figcaption><\/figure>\n","protected":false},"excerpt":{"rendered":"<p>Dirigida contra un grupo de personas que lo han injuriado en redes sociales Ayer en el cuartel de la PDI de San Felipe, el concejal Christian Beals Campos interpuso una denuncia por&#8230;<\/p>\n","protected":false},"author":482,"featured_media":102034,"comment_status":"closed","ping_status":"open","sticky":false,"template":"","format":"standard","meta":{"advanced_seo_description":"","jetpack_seo_html_title":"","jetpack_seo_noindex":false,"_jetpack_memberships_contains_paid_content":false,"footnotes":""},"categories":[103],"tags":[],"class_list":["post-102033","post","type-post","status-publish","format-standard","has-post-thumbnail","hentry","category-cronica-2"],"jetpack_featured_media_url":"https:\/\/i0.wp.com\/eltrabajo.cl\/portal\/wp-content\/uploads\/2020\/08\/Beals.jpg?fit=580%2C359&ssl=1","jetpack_sharing_enabled":true,"jetpack_likes_enabled":true,"jetpack-related-posts":[],"_links":{"self":[{"href":"https:\/\/eltrabajo.cl\/portal\/wp-json\/wp\/v2\/posts\/102033","targetHints":{"allow":["GET"]}}],"collection":[{"href":"https:\/\/eltrabajo.cl\/portal\/wp-json\/wp\/v2\/posts"}],"about":[{"href":"https:\/\/eltrabajo.cl\/portal\/wp-json\/wp\/v2\/types\/post"}],"author":[{"embeddable":true,"href":"https:\/\/eltrabajo.cl\/portal\/wp-json\/wp\/v2\/users\/482"}],"replies":[{"embeddable":true,"href":"https:\/\/eltrabajo.cl\/portal\/wp-json\/wp\/v2\/comments?post=102033"}],"version-history":[{"count":0,"href":"https:\/\/eltrabajo.cl\/portal\/wp-json\/wp\/v2\/posts\/102033\/revisions"}],"wp:featuredmedia":[{"embeddable":true,"href":"https:\/\/eltrabajo.cl\/portal\/wp-json\/wp\/v2\/media\/102034"}],"wp:attachment":[{"href":"https:\/\/eltrabajo.cl\/portal\/wp-json\/wp\/v2\/media?parent=102033"}],"wp:term":[{"taxonomy":"category","embeddable":true,"href":"https:\/\/eltrabajo.cl\/portal\/wp-json\/wp\/v2\/categories?post=102033"},{"taxonomy":"post_tag","embeddable":true,"href":"https:\/\/eltrabajo.cl\/portal\/wp-json\/wp\/v2\/tags?post=102033"}],"curies":[{"name":"wp","href":"https:\/\/api.w.org\/{rel}","templated":true}]}}