{"id":102057,"date":"2020-08-17T07:30:54","date_gmt":"2020-08-17T11:30:54","guid":{"rendered":"https:\/\/www.eltrabajo.cl\/portal\/?p=102057"},"modified":"2020-08-16T20:18:25","modified_gmt":"2020-08-17T00:18:25","slug":"con-una-obra-social-la-barra-de-trasandino-celebro-el-dia-del-nino","status":"publish","type":"post","link":"https:\/\/eltrabajo.cl\/portal\/con-una-obra-social-la-barra-de-trasandino-celebro-el-dia-del-nino\/","title":{"rendered":"Con una obra social la barra de Trasandino celebr\u00f3 el D\u00eda del Ni\u00f1o"},"content":{"rendered":"<p style=\"text-align: justify;\">Tras una breve campa\u00f1a entre sus integrantes, la \u00abBanda del C\u00f3ndor\u00bb ligada el elenco de Trasandino de Los Andes, quiso remarcar su lado social, centrando sus esfuerzos en apoyar y entregar un momento de alegr\u00eda a las ni\u00f1as pertenecientes al hogar Casa Bel\u00e9n ubicada en Calle Santa Rosa.<\/p>\n<p style=\"text-align: justify;\">Para ello, lograron reunir el aporte de sus integrantes y canalizarlos en la compra de jugos, fruta y golosinas, las que fueron entregadas a la directora del <strong>Hogar Karen Mart\u00edn<\/strong>. Las bolsas, fueron entregadas por el vocero de la barra, <strong>Juan Francisco Gonz\u00e1lez<\/strong> en compa\u00f1\u00eda del director t\u00e9cnico de Trasandino <strong>Miguel S\u00e1nchez.<\/strong><\/p>\n<p style=\"text-align: justify;\">La directora de la residencia Casa Bel\u00e9n valor\u00f3 el acercamiento de la agrupaci\u00f3n social se\u00f1alando que les permite un momento de entretenimiento a las ni\u00f1as residentes, 22 menores en este hogar ubicado en la esquina de Calle Santa Rosa con Tres Carrera. <em>\u00abA partir del 16 de marzo que ya se decret\u00f3 cuarentena preventiva a todas las residencias de protecci\u00f3n de Sename, y desde esa fecha hasta hoy, las ni\u00f1as se encuentran en la residencia, sin poder recibir la visita de sus familiares. La residencia siempre tiene las puertas abiertas para que puedan venir a hacer alg\u00fan aporte o donaci\u00f3n. Ahora por la pandemia, no las pueden recibir las mismas ni\u00f1as, pero como equipo, nos preocupamos de que no sea un d\u00eda igual que todos los dem\u00e1s. Yo creo que lo que van a extra\u00f1ar este a\u00f1o, es que no puedan compartirlo con sus familiares\u00bb<\/em>, dijo Mart\u00edn.<\/p>\n<p style=\"text-align: justify;\">Asimismo, la directora de la residencia Casa Bel\u00e9n hizo un llamado a la comunidad andina a apoyarlos y acercarse para realizar talleres o simplemente \u00abtomar onces\u00bb con las ni\u00f1as. <em>\u00abYo invito a toda la comunidad que se puedan acercar a conocer nuestro funcionamiento, c\u00f3mo es nuestro trabajo con las ni\u00f1as y tambi\u00e9n hay periodos en que estamos dispuestos a hacer proceso de evaluaci\u00f3n por si hay alguna persona interesada en poder vincularse con alguna ni\u00f1a, tambi\u00e9n est\u00e1 esa posibilidad\u00bb,<\/em> finaliz\u00f3 Karen Mart\u00edn.<\/p>\n<p style=\"text-align: justify;\">En este contexto, la \u00abBanda del C\u00f3ndor\u00bb invit\u00f3 al director t\u00e9cnico de Trasandino, <strong>Miguel S\u00e1nchez<\/strong>, para formar parte de este acercamiento con diversas instituciones presentes en la ciudad, invitaci\u00f3n que fue bien acogida por el deportista, celebrando de manera diferente, el d\u00eda del ni\u00f1o y la ni\u00f1a. <em>\u00abLa instancia es apoyar la gesti\u00f3n de la barra, m\u00e1s si es una iniciativa de ellos, poder aportar en el d\u00eda del ni\u00f1o en esta instituci\u00f3n. Y nosotros como cuerpo t\u00e9cnico, creemos que nuestro apoyo siempre va a ser bien recibido por ellos (la barra) y obviamente lo que sea social. Muy contento de poder apoyar a la barra en esta instancia y esperemos que podamos seguir repiti\u00e9ndolo, lo mismo para el resto de los andinos que sabe que existen este tipo de instituciones y que no cuesta nada poder aportar con un grano de arena para todos los ni\u00f1os y ni\u00f1as de la ciudad\u00bb.<\/em><\/p>\n<p style=\"text-align: justify;\">Finalmente, <strong>Juan Francisco Gonz\u00e1lez<\/strong>, miembro de la barra e impulsor de la iniciativa, se\u00f1al\u00f3 que es parte del sello social que quiere imponer la \u00abBanda del C\u00f3ndor\u00bb. <em>\u00abEsto est\u00e1 enmarcado dentro del sello que queremos tener como barra de aqu\u00ed en adelante, de integrarnos a la sociedad. Tambi\u00e9n hacer un llamado a quienes se quieran sumar a nuestras actividades, nos pueden buscar en las redes sociales tanto en Facebook como Instagram: Awante Trasandino, Hinchas de Trasandino y La Voz del C\u00f3ndor, todos invitados a conocernos y participar junta nosotros\u00bb.<\/em><\/p>\n<p style=\"text-align: justify;\">Desde la agrupaci\u00f3n se\u00f1alaron que continuar\u00e1n realizando este tipo de labores, para incluirse, de la mejor manera posible, en la sociedad andina.<\/p>\n<figure id=\"attachment_102058\" aria-describedby=\"caption-attachment-102058\" style=\"width: 580px\" class=\"wp-caption alignnone\"><img data-recalc-dims=\"1\" loading=\"lazy\" decoding=\"async\" class=\"size-full wp-image-102058\" src=\"https:\/\/i0.wp.com\/eltrabajo.cl\/portal\/wp-content\/uploads\/2020\/08\/dia-del-nino.jpg?resize=580%2C360&#038;ssl=1\" alt=\"La agrupaci\u00f3n que re\u00fane a los hinchas m\u00e1s fan\u00e1ticos del \u2018Tra\u2019 entregaron golosinas a la Casa Bel\u00e9n.\" width=\"580\" height=\"360\" srcset=\"https:\/\/i0.wp.com\/eltrabajo.cl\/portal\/wp-content\/uploads\/2020\/08\/dia-del-nino.jpg?w=580&amp;ssl=1 580w, https:\/\/i0.wp.com\/eltrabajo.cl\/portal\/wp-content\/uploads\/2020\/08\/dia-del-nino.jpg?resize=300%2C186&amp;ssl=1 300w, https:\/\/i0.wp.com\/eltrabajo.cl\/portal\/wp-content\/uploads\/2020\/08\/dia-del-nino.jpg?resize=200%2C124&amp;ssl=1 200w\" sizes=\"auto, (max-width: 580px) 100vw, 580px\" \/><figcaption id=\"caption-attachment-102058\" class=\"wp-caption-text\">La agrupaci\u00f3n que re\u00fane a los hinchas m\u00e1s fan\u00e1ticos del \u2018Tra\u2019 entregaron golosinas a la Casa Bel\u00e9n.<\/figcaption><\/figure>\n","protected":false},"excerpt":{"rendered":"<p>Tras una breve campa\u00f1a entre sus integrantes, la \u00abBanda del C\u00f3ndor\u00bb ligada el elenco de Trasandino de Los Andes, quiso remarcar su lado social, centrando sus esfuerzos en apoyar y entregar un&#8230;<\/p>\n","protected":false},"author":482,"featured_media":102058,"comment_status":"closed","ping_status":"open","sticky":false,"template":"","format":"standard","meta":{"advanced_seo_description":"","jetpack_seo_html_title":"","jetpack_seo_noindex":false,"_jetpack_memberships_contains_paid_content":false,"footnotes":""},"categories":[19],"tags":[],"class_list":["post-102057","post","type-post","status-publish","format-standard","has-post-thumbnail","hentry","category-deportes"],"jetpack_featured_media_url":"https:\/\/i0.wp.com\/eltrabajo.cl\/portal\/wp-content\/uploads\/2020\/08\/dia-del-nino.jpg?fit=580%2C360&ssl=1","jetpack_sharing_enabled":true,"jetpack_likes_enabled":true,"jetpack-related-posts":[],"_links":{"self":[{"href":"https:\/\/eltrabajo.cl\/portal\/wp-json\/wp\/v2\/posts\/102057","targetHints":{"allow":["GET"]}}],"collection":[{"href":"https:\/\/eltrabajo.cl\/portal\/wp-json\/wp\/v2\/posts"}],"about":[{"href":"https:\/\/eltrabajo.cl\/portal\/wp-json\/wp\/v2\/types\/post"}],"author":[{"embeddable":true,"href":"https:\/\/eltrabajo.cl\/portal\/wp-json\/wp\/v2\/users\/482"}],"replies":[{"embeddable":true,"href":"https:\/\/eltrabajo.cl\/portal\/wp-json\/wp\/v2\/comments?post=102057"}],"version-history":[{"count":0,"href":"https:\/\/eltrabajo.cl\/portal\/wp-json\/wp\/v2\/posts\/102057\/revisions"}],"wp:featuredmedia":[{"embeddable":true,"href":"https:\/\/eltrabajo.cl\/portal\/wp-json\/wp\/v2\/media\/102058"}],"wp:attachment":[{"href":"https:\/\/eltrabajo.cl\/portal\/wp-json\/wp\/v2\/media?parent=102057"}],"wp:term":[{"taxonomy":"category","embeddable":true,"href":"https:\/\/eltrabajo.cl\/portal\/wp-json\/wp\/v2\/categories?post=102057"},{"taxonomy":"post_tag","embeddable":true,"href":"https:\/\/eltrabajo.cl\/portal\/wp-json\/wp\/v2\/tags?post=102057"}],"curies":[{"name":"wp","href":"https:\/\/api.w.org\/{rel}","templated":true}]}}