{"id":102061,"date":"2020-08-17T07:35:13","date_gmt":"2020-08-17T11:35:13","guid":{"rendered":"https:\/\/www.eltrabajo.cl\/portal\/?p=102061"},"modified":"2020-08-16T20:22:09","modified_gmt":"2020-08-17T00:22:09","slug":"vecinos-de-orolonco-y-hmnos-carrera-se-adjudican-184-alarmas-comunitarias","status":"publish","type":"post","link":"https:\/\/eltrabajo.cl\/portal\/vecinos-de-orolonco-y-hmnos-carrera-se-adjudican-184-alarmas-comunitarias\/","title":{"rendered":"Vecinos de Orolonco y Hmnos. Carrera se adjudican 184 alarmas comunitarias"},"content":{"rendered":"<p style=\"text-align: justify;\">Felices est\u00e1 la directiva de Poblaci\u00f3n Orolonco Hermanos Carrera, porque fueron beneficiados con la instalaci\u00f3n de 184 alarmas comunitarias que van a servir para mantener a los vecinos m\u00e1s unidos, conectados y efectuar alguna coordinaci\u00f3n en cada uno de los sectores. El presidente de la directiva, <strong>Guillermo Reyes<\/strong>, agradeci\u00f3 el haberse adjudicado este proyecto teniendo en cuenta la \u00e9poca que est\u00e1 viviendo nuestro pa\u00eds a causa del Covid-19.<\/p>\n<p style=\"text-align: justify;\">\u00ab<em>S\u00ed, sobretodo en un periodo tan dif\u00edcil como es esta pandemia, donde pr\u00e1cticamente todas nuestras autoridades y los dirigentes est\u00e1n sobrepasados, esto es la suma de un trabajo que se ha venido desarrollando en los \u00faltimos a\u00f1os y tambi\u00e9n agradecer a ustedes, porque junto con la cobertura que nos han dado hemos podido denunciar una serie de hechos delincuenciales que en los \u00faltimos tres a\u00f1os han recrudecido, e incluso hasta tener un asalto a mano armada ah\u00ed en el negocio El Pobre Ra\u00fal, del amigo <strong>Jos\u00e9 Puebla<\/strong>, y la verdad que tambi\u00e9n hemos tenido ac\u00e1 en otro almac\u00e9n de tal forma de poder colaborar a la gente de los negocios han sido innumerables las personas a quienes les han quitado sus carteras, que han asaltado a las propiedades que han ingresado<\/em>\u00bb, dijo Reyes.<\/p>\n<p style=\"text-align: justify;\">&#8211;<strong> \u00bfC\u00f3mo funcionan en la pr\u00e1ctica las alarmas comunitarias?<\/strong><\/p>\n<p style=\"text-align: justify;\">&#8211; Las alarmas comunitarias es un panel que se instala en cada cuadra donde se identifica cada una de las casas a trav\u00e9s de sensores electromagn\u00e9tico, digamos todo esto es v\u00eda se\u00f1al y en cada casa se coloca un dispositivo de las alarmas que cada vecino la puede hacer sonar en caso de emergencia, no tan s\u00f3lo en caso de robo, sientan ruidos, se sientan amenazados o alg\u00fan vecino sufra alg\u00fan trastorno de salud o alg\u00fan problema que requiera ser auxiliado, aqu\u00ed tenemos gente bastante mayor que vive sola y que necesitan el auxilio de los dem\u00e1s, incluso como antecedente hace algunos a\u00f1os un vecino falleci\u00f3 en su hogar y estuvo tres d\u00edas tirado ah\u00ed, tuvimos la oportunidad de rescatarlo pero lamentablemente si hubiese tenido alguna alarma habr\u00eda podido llamar a sus vecinos, en todo caso va a haber toda una capacitaci\u00f3n por parte de <strong>Alexis Guerrero<\/strong>, con respecto a este tema, me parece que es una cantidad enorme son miles de alarma las que se han instalado en la ciudad de San Felipe y hay una coordinaci\u00f3n muy importante de seguridad ciudadana, Carabineros, la experiencia que tenemos en los dos \u00faltimos a\u00f1os es que apenas nosotros llamamos a Carabineros ellos nos prestan una buena atenci\u00f3n, un buen servicio, estamos muy agradecidos en especial de los medios de comunicaci\u00f3n o sea <strong>Diario El Trabajo<\/strong>, que ustedes han desplegado cada vez que los hemos necesitado ustedes han venido y eso se valora, porque se visibilizan los problemas, se levantan y pr\u00e1cticamente llega a todos los escritorios, a todos los computadores de las autoridades.<\/p>\n<p style=\"text-align: justify;\">Cuenta que desde el a\u00f1o pasado que ven\u00edan postulando, y este felizmente salieron beneficiados.<\/p>\n<p style=\"text-align: justify;\">\n<p style=\"text-align: justify;\"><span style=\"color: #c81400;\"><strong>DIRIGENTE AGRADECIDO<\/strong><\/span><\/p>\n<p style=\"text-align: justify;\">Aprovech\u00f3 nuestro medio para enviar un saludo a todos los dirigentes, teniendo en cuenta que se celebr\u00f3 el <em>D\u00eda del Dirigente<\/em>, en especial a los integrantes de su directiva que los acompa\u00f1a como <strong>Alberto Maldonado<\/strong>, <strong>Mar\u00eda \u00c1ngela Espinoza<\/strong>, <strong>Luis Vald\u00e9s<\/strong>, <strong>Nelson Gonz\u00e1lez<\/strong>, a todas esas personas que han sido dirigentes como el se\u00f1or <strong>Craviolatti<\/strong>, <strong>Javier Cerda<\/strong>, <strong>Ricardo Grand\u00e9<\/strong>, a <strong>Marcela<\/strong> que los ha acompa\u00f1ado en estas dos \u00faltimas directivas.<\/p>\n<p style=\"text-align: justify;\">Tambi\u00e9n agradeci\u00f3 a Carabineros por intermedio del Mayor <strong>Mauricio Guzm\u00e1n Yuri<\/strong>, al gobernador <strong>Claudio Rodr\u00edguez Cataldo<\/strong>, al \u2018alcalde\u2019 <strong>Patricio Freire Canto<\/strong>, al coordinador de Seguridad Alexis Guerrero. Salud\u00f3 a las distintas juntas de vecinos Manuel Rodr\u00edguez, Luis Gajardo, aparte de Hermanos Carrera, Orolonco. Esperan que las alarmas que costaron 5 millones de pesos se instalen en el mes de septiembre a octubre.<\/p>\n<figure id=\"attachment_102062\" aria-describedby=\"caption-attachment-102062\" style=\"width: 580px\" class=\"wp-caption alignnone\"><img data-recalc-dims=\"1\" loading=\"lazy\" decoding=\"async\" class=\"size-full wp-image-102062\" src=\"https:\/\/i0.wp.com\/eltrabajo.cl\/portal\/wp-content\/uploads\/2020\/08\/Guillermo-Reyes-Monardes.jpg?resize=580%2C360&#038;ssl=1\" alt=\"Guillermo Reyes Monardes, presidente de la junta de vecinos Orolonco, Hermanos Carrera.\" width=\"580\" height=\"360\" srcset=\"https:\/\/i0.wp.com\/eltrabajo.cl\/portal\/wp-content\/uploads\/2020\/08\/Guillermo-Reyes-Monardes.jpg?w=580&amp;ssl=1 580w, https:\/\/i0.wp.com\/eltrabajo.cl\/portal\/wp-content\/uploads\/2020\/08\/Guillermo-Reyes-Monardes.jpg?resize=300%2C186&amp;ssl=1 300w, https:\/\/i0.wp.com\/eltrabajo.cl\/portal\/wp-content\/uploads\/2020\/08\/Guillermo-Reyes-Monardes.jpg?resize=200%2C124&amp;ssl=1 200w\" sizes=\"auto, (max-width: 580px) 100vw, 580px\" \/><figcaption id=\"caption-attachment-102062\" class=\"wp-caption-text\">Guillermo Reyes Monardes, presidente de la junta de vecinos Orolonco, Hermanos Carrera.<\/figcaption><\/figure>\n","protected":false},"excerpt":{"rendered":"<p>Felices est\u00e1 la directiva de Poblaci\u00f3n Orolonco Hermanos Carrera, porque fueron beneficiados con la instalaci\u00f3n de 184 alarmas comunitarias que van a servir para mantener a los vecinos m\u00e1s unidos, conectados y&#8230;<\/p>\n","protected":false},"author":482,"featured_media":102062,"comment_status":"closed","ping_status":"open","sticky":false,"template":"","format":"standard","meta":{"advanced_seo_description":"","jetpack_seo_html_title":"","jetpack_seo_noindex":false,"_jetpack_memberships_contains_paid_content":false,"footnotes":""},"categories":[15],"tags":[],"class_list":["post-102061","post","type-post","status-publish","format-standard","has-post-thumbnail","hentry","category-comunidad"],"jetpack_featured_media_url":"https:\/\/i0.wp.com\/eltrabajo.cl\/portal\/wp-content\/uploads\/2020\/08\/Guillermo-Reyes-Monardes.jpg?fit=580%2C360&ssl=1","jetpack_sharing_enabled":true,"jetpack_likes_enabled":true,"jetpack-related-posts":[],"_links":{"self":[{"href":"https:\/\/eltrabajo.cl\/portal\/wp-json\/wp\/v2\/posts\/102061","targetHints":{"allow":["GET"]}}],"collection":[{"href":"https:\/\/eltrabajo.cl\/portal\/wp-json\/wp\/v2\/posts"}],"about":[{"href":"https:\/\/eltrabajo.cl\/portal\/wp-json\/wp\/v2\/types\/post"}],"author":[{"embeddable":true,"href":"https:\/\/eltrabajo.cl\/portal\/wp-json\/wp\/v2\/users\/482"}],"replies":[{"embeddable":true,"href":"https:\/\/eltrabajo.cl\/portal\/wp-json\/wp\/v2\/comments?post=102061"}],"version-history":[{"count":0,"href":"https:\/\/eltrabajo.cl\/portal\/wp-json\/wp\/v2\/posts\/102061\/revisions"}],"wp:featuredmedia":[{"embeddable":true,"href":"https:\/\/eltrabajo.cl\/portal\/wp-json\/wp\/v2\/media\/102062"}],"wp:attachment":[{"href":"https:\/\/eltrabajo.cl\/portal\/wp-json\/wp\/v2\/media?parent=102061"}],"wp:term":[{"taxonomy":"category","embeddable":true,"href":"https:\/\/eltrabajo.cl\/portal\/wp-json\/wp\/v2\/categories?post=102061"},{"taxonomy":"post_tag","embeddable":true,"href":"https:\/\/eltrabajo.cl\/portal\/wp-json\/wp\/v2\/tags?post=102061"}],"curies":[{"name":"wp","href":"https:\/\/api.w.org\/{rel}","templated":true}]}}