{"id":102064,"date":"2020-08-17T07:40:25","date_gmt":"2020-08-17T11:40:25","guid":{"rendered":"https:\/\/www.eltrabajo.cl\/portal\/?p=102064"},"modified":"2020-08-16T20:25:32","modified_gmt":"2020-08-17T00:25:32","slug":"camion-brasileno-vuelca-con-toneladas-de-maiz-molido-en-la-carretera","status":"publish","type":"post","link":"https:\/\/eltrabajo.cl\/portal\/camion-brasileno-vuelca-con-toneladas-de-maiz-molido-en-la-carretera\/","title":{"rendered":"Cami\u00f3n brasile\u00f1o vuelca con toneladas de ma\u00edz molido en la carretera"},"content":{"rendered":"<p style=\"text-align: left;\"><span style=\"color: #c81400;\"><strong>Camino Internacional:<\/strong><\/span><\/p>\n<p style=\"text-align: justify;\"><strong>LOS ANDES<\/strong>.- Un aparatoso accidente se registr\u00f3 la tarde de este viernes en la Ruta 60 CH Camino Internacional a la altura del kil\u00f3metro 11 del sector San Esteban, cuando un cami\u00f3n de transporte internacional procedente de Brasil volc\u00f3 en la carretera, derramando todo su cargamento de ma\u00edz molido.<\/p>\n<p style=\"text-align: justify;\">El conductor del cami\u00f3n result\u00f3 con heridas de mediana peligrosidad, quien fue trasladado hasta el hospital de Los Andes, mientras que Carabineros investiga las razones del vuelco, ya que se descarta preliminarmente que otro veh\u00edculo estuviese involucrado.<\/p>\n<p style=\"text-align: justify;\">Horas despu\u00e9s, ya en la noche, equipo especializado procedi\u00f3 a cargar las toneladas de polvo en otro cami\u00f3n, y a la vez levantar el cami\u00f3n y retirarlo del lugar, como muestran las c\u00e1maras de <strong>Diario El Trabajo<\/strong>, la cabina del cabezal del cami\u00f3n qued\u00f3 severamente da\u00f1ada.<\/p>\n<p style=\"text-align: justify;\"><strong>Roberto Gonz\u00e1lez Short<\/strong><\/p>\n<figure id=\"attachment_102065\" aria-describedby=\"caption-attachment-102065\" style=\"width: 580px\" class=\"wp-caption alignnone\"><img data-recalc-dims=\"1\" loading=\"lazy\" decoding=\"async\" class=\"size-full wp-image-102065\" src=\"https:\/\/i0.wp.com\/eltrabajo.cl\/portal\/wp-content\/uploads\/2020\/08\/Maiz1.jpg?resize=580%2C360&#038;ssl=1\" alt=\"PUDO SER PEOR.- Toneladas de ma\u00edz molido se derramaron a un costado de la ruta internacional como lo muestran las c\u00e1maras de Diario El Trabajo, tras volcar este cami\u00f3n con patente brasile\u00f1a.\" width=\"580\" height=\"360\" srcset=\"https:\/\/i0.wp.com\/eltrabajo.cl\/portal\/wp-content\/uploads\/2020\/08\/Maiz1.jpg?w=580&amp;ssl=1 580w, https:\/\/i0.wp.com\/eltrabajo.cl\/portal\/wp-content\/uploads\/2020\/08\/Maiz1.jpg?resize=300%2C186&amp;ssl=1 300w, https:\/\/i0.wp.com\/eltrabajo.cl\/portal\/wp-content\/uploads\/2020\/08\/Maiz1.jpg?resize=200%2C124&amp;ssl=1 200w\" sizes=\"auto, (max-width: 580px) 100vw, 580px\" \/><figcaption id=\"caption-attachment-102065\" class=\"wp-caption-text\">PUDO SER PEOR.- Toneladas de ma\u00edz molido se derramaron a un costado de la ruta internacional como lo muestran las c\u00e1maras de Diario El Trabajo, tras volcar este cami\u00f3n con patente brasile\u00f1a.<\/figcaption><\/figure>\n<figure id=\"attachment_102066\" aria-describedby=\"caption-attachment-102066\" style=\"width: 580px\" class=\"wp-caption alignnone\"><img data-recalc-dims=\"1\" loading=\"lazy\" decoding=\"async\" class=\"size-full wp-image-102066\" src=\"https:\/\/i0.wp.com\/eltrabajo.cl\/portal\/wp-content\/uploads\/2020\/08\/Maiz2.jpg?resize=580%2C359&#038;ssl=1\" alt=\"EJE QUEBRADO.- El eje delantero del cabezal qued\u00f3 torcido, los tanques de combustible derramaron bencina, una dicha que no explotaran y la tragedia fuera mayor.\" width=\"580\" height=\"359\" srcset=\"https:\/\/i0.wp.com\/eltrabajo.cl\/portal\/wp-content\/uploads\/2020\/08\/Maiz2.jpg?w=580&amp;ssl=1 580w, https:\/\/i0.wp.com\/eltrabajo.cl\/portal\/wp-content\/uploads\/2020\/08\/Maiz2.jpg?resize=300%2C186&amp;ssl=1 300w, https:\/\/i0.wp.com\/eltrabajo.cl\/portal\/wp-content\/uploads\/2020\/08\/Maiz2.jpg?resize=200%2C124&amp;ssl=1 200w\" sizes=\"auto, (max-width: 580px) 100vw, 580px\" \/><figcaption id=\"caption-attachment-102066\" class=\"wp-caption-text\">EJE QUEBRADO.- El eje delantero del cabezal qued\u00f3 torcido, los tanques de combustible derramaron bencina, una dicha que no explotaran y la tragedia fuera mayor.<\/figcaption><\/figure>\n<figure id=\"attachment_102067\" aria-describedby=\"caption-attachment-102067\" style=\"width: 580px\" class=\"wp-caption alignnone\"><img data-recalc-dims=\"1\" loading=\"lazy\" decoding=\"async\" class=\"size-full wp-image-102067\" src=\"https:\/\/i0.wp.com\/eltrabajo.cl\/portal\/wp-content\/uploads\/2020\/08\/Maiz3.jpg?resize=580%2C359&#038;ssl=1\" alt=\"ZONA ASEGURADA.- Carabineros aseguraron la zona e impidieron que este cami\u00f3n volcado generara otros accidentes.\" width=\"580\" height=\"359\" srcset=\"https:\/\/i0.wp.com\/eltrabajo.cl\/portal\/wp-content\/uploads\/2020\/08\/Maiz3.jpg?w=580&amp;ssl=1 580w, https:\/\/i0.wp.com\/eltrabajo.cl\/portal\/wp-content\/uploads\/2020\/08\/Maiz3.jpg?resize=300%2C186&amp;ssl=1 300w, https:\/\/i0.wp.com\/eltrabajo.cl\/portal\/wp-content\/uploads\/2020\/08\/Maiz3.jpg?resize=200%2C124&amp;ssl=1 200w\" sizes=\"auto, (max-width: 580px) 100vw, 580px\" \/><figcaption id=\"caption-attachment-102067\" class=\"wp-caption-text\">ZONA ASEGURADA.- Carabineros aseguraron la zona e impidieron que este cami\u00f3n volcado generara otros accidentes.<\/figcaption><\/figure>\n<figure id=\"attachment_102068\" aria-describedby=\"caption-attachment-102068\" style=\"width: 580px\" class=\"wp-caption alignnone\"><img data-recalc-dims=\"1\" loading=\"lazy\" decoding=\"async\" class=\"size-full wp-image-102068\" src=\"https:\/\/i0.wp.com\/eltrabajo.cl\/portal\/wp-content\/uploads\/2020\/08\/Maiz4.jpg?resize=580%2C359&#038;ssl=1\" alt=\"PRODUCTO RECUPERADO.- El producto en su mayor\u00eda pudo ser recuperado, pero los da\u00f1os en el pesado cami\u00f3n son millonarios.\" width=\"580\" height=\"359\" srcset=\"https:\/\/i0.wp.com\/eltrabajo.cl\/portal\/wp-content\/uploads\/2020\/08\/Maiz4.jpg?w=580&amp;ssl=1 580w, https:\/\/i0.wp.com\/eltrabajo.cl\/portal\/wp-content\/uploads\/2020\/08\/Maiz4.jpg?resize=300%2C186&amp;ssl=1 300w, https:\/\/i0.wp.com\/eltrabajo.cl\/portal\/wp-content\/uploads\/2020\/08\/Maiz4.jpg?resize=200%2C124&amp;ssl=1 200w\" sizes=\"auto, (max-width: 580px) 100vw, 580px\" \/><figcaption id=\"caption-attachment-102068\" class=\"wp-caption-text\">PRODUCTO RECUPERADO.- El producto en su mayor\u00eda pudo ser recuperado, pero los da\u00f1os en el pesado cami\u00f3n son millonarios.<\/figcaption><\/figure>\n","protected":false},"excerpt":{"rendered":"<p>Camino Internacional: LOS ANDES.- Un aparatoso accidente se registr\u00f3 la tarde de este viernes en la Ruta 60 CH Camino Internacional a la altura del kil\u00f3metro 11 del sector San Esteban, cuando&#8230;<\/p>\n","protected":false},"author":482,"featured_media":102067,"comment_status":"closed","ping_status":"open","sticky":false,"template":"","format":"standard","meta":{"advanced_seo_description":"","jetpack_seo_html_title":"","jetpack_seo_noindex":false,"_jetpack_memberships_contains_paid_content":false,"footnotes":""},"categories":[21],"tags":[],"class_list":["post-102064","post","type-post","status-publish","format-standard","has-post-thumbnail","hentry","category-policial"],"jetpack_featured_media_url":"https:\/\/i0.wp.com\/eltrabajo.cl\/portal\/wp-content\/uploads\/2020\/08\/Maiz3.jpg?fit=580%2C359&ssl=1","jetpack_sharing_enabled":true,"jetpack_likes_enabled":true,"jetpack-related-posts":[],"_links":{"self":[{"href":"https:\/\/eltrabajo.cl\/portal\/wp-json\/wp\/v2\/posts\/102064","targetHints":{"allow":["GET"]}}],"collection":[{"href":"https:\/\/eltrabajo.cl\/portal\/wp-json\/wp\/v2\/posts"}],"about":[{"href":"https:\/\/eltrabajo.cl\/portal\/wp-json\/wp\/v2\/types\/post"}],"author":[{"embeddable":true,"href":"https:\/\/eltrabajo.cl\/portal\/wp-json\/wp\/v2\/users\/482"}],"replies":[{"embeddable":true,"href":"https:\/\/eltrabajo.cl\/portal\/wp-json\/wp\/v2\/comments?post=102064"}],"version-history":[{"count":0,"href":"https:\/\/eltrabajo.cl\/portal\/wp-json\/wp\/v2\/posts\/102064\/revisions"}],"wp:featuredmedia":[{"embeddable":true,"href":"https:\/\/eltrabajo.cl\/portal\/wp-json\/wp\/v2\/media\/102067"}],"wp:attachment":[{"href":"https:\/\/eltrabajo.cl\/portal\/wp-json\/wp\/v2\/media?parent=102064"}],"wp:term":[{"taxonomy":"category","embeddable":true,"href":"https:\/\/eltrabajo.cl\/portal\/wp-json\/wp\/v2\/categories?post=102064"},{"taxonomy":"post_tag","embeddable":true,"href":"https:\/\/eltrabajo.cl\/portal\/wp-json\/wp\/v2\/tags?post=102064"}],"curies":[{"name":"wp","href":"https:\/\/api.w.org\/{rel}","templated":true}]}}