{"id":102070,"date":"2020-08-17T07:45:49","date_gmt":"2020-08-17T11:45:49","guid":{"rendered":"https:\/\/www.eltrabajo.cl\/portal\/?p=102070"},"modified":"2020-08-16T20:27:44","modified_gmt":"2020-08-17T00:27:44","slug":"union-san-felipe-tuvo-su-primer-apronte-amistoso-en-el-retorno","status":"publish","type":"post","link":"https:\/\/eltrabajo.cl\/portal\/union-san-felipe-tuvo-su-primer-apronte-amistoso-en-el-retorno\/","title":{"rendered":"Uni\u00f3n San Felipe tuvo su primer apronte amistoso en el retorno"},"content":{"rendered":"<p style=\"text-align: justify;\">Durante la jornada matinal del viernes reci\u00e9n pasado, frente a San Luis de Quillota, Uni\u00f3n San Felipe realiz\u00f3 su primer ensayo futbol\u00edstico en el reintegro deportivo tras el largo receso por el Covid-19. El encuentro amistoso se realiz\u00f3 en el complejo deportivo albirrojo y const\u00f3 de dos tiempos de 35 minutos cada uno, en lo que el t\u00e9cnico del Un\u00ed Un\u00ed, <strong>Erwin Dur\u00e1n<\/strong>, pudo empezar a delinear sistemas y f\u00f3rmulas que utilizar\u00e1 cuando se reinicie la competencia de plata del f\u00fatbol profesional chileno.<\/p>\n<p style=\"text-align: justify;\">En el primer tiempo que culmin\u00f3 a favor de los sanfelipe\u00f1os por la cuenta m\u00ednima gracias a una conquista de <strong>Francisco Salinas<\/strong>, los locales alinearon de la siguiente manera: <strong>Andr\u00e9s Fern\u00e1ndez<\/strong> en el arco; <strong>Francisco Salinas<\/strong>, <strong>Jes\u00fas Pino<\/strong>, <strong>Gonzalo Villegas<\/strong>, <strong>Jos\u00e9 Vargas<\/strong>; <strong>Juan M\u00e9ndez<\/strong>, <strong>Leandro Fioravanti<\/strong>, <strong>Hern\u00e1n Fredes<\/strong>, <strong>Pablo Vergara<\/strong>; <strong>Ignacio Mes\u00edas<\/strong>, <strong>Gonzalo \u00c1lvarez<\/strong>.<\/p>\n<p style=\"text-align: justify;\">Para la segunda fracci\u00f3n que finaliz\u00f3 2 a 4 en contra, los anfitriones alinearon con: <strong>Nicol\u00e1s Rodr\u00edguez<\/strong> en el p\u00f3rtico; <strong>Mat\u00edas Torres<\/strong>, <strong>Mat\u00edas Silva<\/strong>, <strong>V\u00edctor Morales<\/strong>, <strong>C\u00e9sar Gonz\u00e1lez<\/strong>; <strong>Osvaldo Carrasco<\/strong>, <strong>Tom\u00e1s Lanzini<\/strong>, <strong>Mat Lagos<\/strong>, <strong>Byro Riveros<\/strong>; <strong>Jimmy Cisterna<\/strong>, <strong>Alejandro Az\u00f3car<\/strong> (<strong>Sergio Astudillo<\/strong>).<\/p>\n<figure id=\"attachment_102071\" aria-describedby=\"caption-attachment-102071\" style=\"width: 580px\" class=\"wp-caption alignnone\"><img data-recalc-dims=\"1\" loading=\"lazy\" decoding=\"async\" class=\"size-full wp-image-102071\" src=\"https:\/\/i0.wp.com\/eltrabajo.cl\/portal\/wp-content\/uploads\/2020\/08\/amistoso.jpg?resize=580%2C600&#038;ssl=1\" alt=\"Frente a San Luis de Quillota el Un\u00ed Un\u00ed tuvo su primer test de ensayo tras la larga detenci\u00f3n por el Covid-19.\" width=\"580\" height=\"600\" srcset=\"https:\/\/i0.wp.com\/eltrabajo.cl\/portal\/wp-content\/uploads\/2020\/08\/amistoso.jpg?w=580&amp;ssl=1 580w, https:\/\/i0.wp.com\/eltrabajo.cl\/portal\/wp-content\/uploads\/2020\/08\/amistoso.jpg?resize=290%2C300&amp;ssl=1 290w, https:\/\/i0.wp.com\/eltrabajo.cl\/portal\/wp-content\/uploads\/2020\/08\/amistoso.jpg?resize=145%2C150&amp;ssl=1 145w\" sizes=\"auto, (max-width: 580px) 100vw, 580px\" \/><figcaption id=\"caption-attachment-102071\" class=\"wp-caption-text\">Frente a San Luis de Quillota el Un\u00ed Un\u00ed tuvo su primer test de ensayo tras la larga detenci\u00f3n por el Covid-19.<\/figcaption><\/figure>\n<figure id=\"attachment_102072\" aria-describedby=\"caption-attachment-102072\" style=\"width: 580px\" class=\"wp-caption alignnone\"><img data-recalc-dims=\"1\" loading=\"lazy\" decoding=\"async\" class=\"size-full wp-image-102072\" src=\"https:\/\/i0.wp.com\/eltrabajo.cl\/portal\/wp-content\/uploads\/2020\/08\/villegas.jpg?resize=580%2C358&#038;ssl=1\" alt=\"El central Gonzalo Villegas intenta pasar el bal\u00f3n frente a la oposici\u00f3n de un delantero \u2018canario\u2019.\" width=\"580\" height=\"358\" srcset=\"https:\/\/i0.wp.com\/eltrabajo.cl\/portal\/wp-content\/uploads\/2020\/08\/villegas.jpg?w=580&amp;ssl=1 580w, https:\/\/i0.wp.com\/eltrabajo.cl\/portal\/wp-content\/uploads\/2020\/08\/villegas.jpg?resize=300%2C185&amp;ssl=1 300w, https:\/\/i0.wp.com\/eltrabajo.cl\/portal\/wp-content\/uploads\/2020\/08\/villegas.jpg?resize=200%2C123&amp;ssl=1 200w\" sizes=\"auto, (max-width: 580px) 100vw, 580px\" \/><figcaption id=\"caption-attachment-102072\" class=\"wp-caption-text\">El central Gonzalo Villegas intenta pasar el bal\u00f3n frente a la oposici\u00f3n de un delantero \u2018canario\u2019.<\/figcaption><\/figure>\n","protected":false},"excerpt":{"rendered":"<p>Durante la jornada matinal del viernes reci\u00e9n pasado, frente a San Luis de Quillota, Uni\u00f3n San Felipe realiz\u00f3 su primer ensayo futbol\u00edstico en el reintegro deportivo tras el largo receso por el&#8230;<\/p>\n","protected":false},"author":482,"featured_media":102071,"comment_status":"closed","ping_status":"open","sticky":false,"template":"","format":"standard","meta":{"advanced_seo_description":"","jetpack_seo_html_title":"","jetpack_seo_noindex":false,"_jetpack_memberships_contains_paid_content":false,"footnotes":""},"categories":[19],"tags":[],"class_list":["post-102070","post","type-post","status-publish","format-standard","has-post-thumbnail","hentry","category-deportes"],"jetpack_featured_media_url":"https:\/\/i0.wp.com\/eltrabajo.cl\/portal\/wp-content\/uploads\/2020\/08\/amistoso.jpg?fit=580%2C600&ssl=1","jetpack_sharing_enabled":true,"jetpack_likes_enabled":true,"jetpack-related-posts":[],"_links":{"self":[{"href":"https:\/\/eltrabajo.cl\/portal\/wp-json\/wp\/v2\/posts\/102070","targetHints":{"allow":["GET"]}}],"collection":[{"href":"https:\/\/eltrabajo.cl\/portal\/wp-json\/wp\/v2\/posts"}],"about":[{"href":"https:\/\/eltrabajo.cl\/portal\/wp-json\/wp\/v2\/types\/post"}],"author":[{"embeddable":true,"href":"https:\/\/eltrabajo.cl\/portal\/wp-json\/wp\/v2\/users\/482"}],"replies":[{"embeddable":true,"href":"https:\/\/eltrabajo.cl\/portal\/wp-json\/wp\/v2\/comments?post=102070"}],"version-history":[{"count":0,"href":"https:\/\/eltrabajo.cl\/portal\/wp-json\/wp\/v2\/posts\/102070\/revisions"}],"wp:featuredmedia":[{"embeddable":true,"href":"https:\/\/eltrabajo.cl\/portal\/wp-json\/wp\/v2\/media\/102071"}],"wp:attachment":[{"href":"https:\/\/eltrabajo.cl\/portal\/wp-json\/wp\/v2\/media?parent=102070"}],"wp:term":[{"taxonomy":"category","embeddable":true,"href":"https:\/\/eltrabajo.cl\/portal\/wp-json\/wp\/v2\/categories?post=102070"},{"taxonomy":"post_tag","embeddable":true,"href":"https:\/\/eltrabajo.cl\/portal\/wp-json\/wp\/v2\/tags?post=102070"}],"curies":[{"name":"wp","href":"https:\/\/api.w.org\/{rel}","templated":true}]}}