{"id":102074,"date":"2020-08-17T07:50:02","date_gmt":"2020-08-17T11:50:02","guid":{"rendered":"https:\/\/www.eltrabajo.cl\/portal\/?p=102074"},"modified":"2020-08-16T21:23:42","modified_gmt":"2020-08-17T01:23:42","slug":"en-prision-preventiva-queda-la-banda-criminal-dedicada-al-trafico-de-armas","status":"publish","type":"post","link":"https:\/\/eltrabajo.cl\/portal\/en-prision-preventiva-queda-la-banda-criminal-dedicada-al-trafico-de-armas\/","title":{"rendered":"En prisi\u00f3n preventiva queda la banda criminal dedicada al tr\u00e1fico de armas"},"content":{"rendered":"<p style=\"text-align: justify;\">En Prisi\u00f3n Preventiva quedaron los cuatro imputados que fueron detenidos por la PDI en la denominada \u00abOperaci\u00f3n Alemania\u00bb. Fueron formalizados por Tr\u00e1fico de Armas y uno por Receptaci\u00f3n, Contrabando de cigarrillos y Porte ilegal de armas. La informaci\u00f3n fue entregada desde el Ministerio P\u00fablico Regional.<\/p>\n<p style=\"text-align: justify;\">Importante recordar que este procedimiento se dio en el marco de la \u2018<strong>Operaci\u00f3n Alemania<\/strong>\u2019, donde detectives de la Brigada Investigadora de Robos (BIRO)\u00a0Los\u00a0Andes\u00a0de la Polic\u00eda de Investigaciones de Chile, en coordinaci\u00f3n con el Ministerio P\u00fablico, detuvieron a cuatro personas por el Delito de Tr\u00e1fico de Armas.<\/p>\n<p style=\"text-align: justify;\"><span style=\"color: #c81400;\"><strong>CARABINERO INVOLUCRADO<\/strong><\/span><\/p>\n<p style=\"text-align: justify;\">Seg\u00fan antecedentes aportados por la PDI, tras un importante trabajo de inteligencia policial, se logr\u00f3 establecer la existencia de una banda criminal de la comuna de Putaendo, que se encargaba de captar personas que facilitaran su identidad para adquirir armas de fuego en una armer\u00eda en la ciudad de Constituci\u00f3n, en coordinaci\u00f3n con un funcionario activo de Carabineros de la autoridad fiscalizadora, quien realizaba la tramitaci\u00f3n de la documentaci\u00f3n. Cabe se\u00f1alar, que una vez adquiridas las autorizaciones correspondientes, el armamento era comercializado entre organizaciones criminales de la Regi\u00f3n de Valpara\u00edso y Metropolitana.<\/p>\n<p>&nbsp;<br \/>\n<hr \/>\r\n\r\n<h4 style=\"text-align: justify\">Lo sentimos. Este contenido est\u00e1 restringido para usuarios no registrados en alguno de nuestros <strong><span style=\"color: #ff0000\"><a style=\"color: #ff0000\" href=\"https:\/\/eltrabajo.cl\/portal\/regism\/\">Planes de Suscripci\u00f3n<\/a><\/span><\/strong>. Si deseas registrarte o renovar tu suscripci\u00f3n, puedes hacerlo v\u00eda transferencia bancaria haciendo click <span style=\"color: #ff0000\"><a style=\"color: #ff0000\" href=\"https:\/\/eltrabajo.cl\/portal\/transfer\/\">aqu\u00ed<\/a>.<\/span><\/h4>\r\n&nbsp;\r\n<h4 style=\"text-align: center\">Recuerda registrarte y suscribirte a Diario EL TRABAJO.\r\nNuestros suscriptores no ven este mensaje.\r\n(Por ahora contin\u00faa disfrutando la lectura)<\/h4>\r\n\r\n<hr \/>\r\n\r\n&nbsp;<\/p>\n<p>&nbsp;<\/p>\n<p style=\"text-align: justify;\">Como parte de los operativos, se incautaron 63 armas de fuego, entre pistolas, rifles, escopetas y fusiles, adem\u00e1s de gran variedad de municiones. Asimismo, se detuvo en Constituci\u00f3n al due\u00f1o de la armer\u00eda y a un Cabo 1\u00b0 de Carabineros, mientras en la comuna de Quinta Normal fue aprehendido <strong>A.A.M.E.<\/strong>, y <strong>J.R.R.G.<\/strong>, en San Felipe.<\/p>\n<p style=\"text-align: justify;\"><span style=\"color: #c81400;\"><strong>HABLA EL FISCAL<\/strong><\/span><\/p>\n<p style=\"text-align: justify;\">Seg\u00fan el fiscal <strong>Benjam\u00edn Santib\u00e1\u00f1ez<\/strong>, esta operaci\u00f3n se llam\u00f3 as\u00ed porque al principal sujeto que lograron individualizar que hac\u00eda ofertas de dinero a cambio de la documentaci\u00f3n de estas personas, lo apodaban \u2018El Alem\u00e1n\u2019, quien fue detenido.<\/p>\n<p style=\"text-align: justify;\">&#8211; <strong>\u00bfC\u00f3mo operaba esta banda?<\/strong><\/p>\n<p style=\"text-align: justify;\">&#8211; Hab\u00eda un sujeto que captaba a personas que no ten\u00edan antecedentes penales y que estaban disponibles para facilitar la c\u00e9dula de identidad y el certificado de antecedentes, con esos antecedentes estas personas se iban a la ciudad de Constituci\u00f3n en donde llegaban a una armer\u00eda y en esa armer\u00eda proced\u00edan a adquirir armas modernas Glock, stayer y otras (pistolas), posteriormente el encargado de la armer\u00eda se iba hacia la autoridad fiscalizadora de Constituci\u00f3n y en ese lugar obten\u00eda las otras documentaci\u00f3n que se requiere tanto como dar una prueba de conocimiento, un examen m\u00e9dico extendido por un psiquiatra que se\u00f1ala que f\u00edsica y ps\u00edquicamente est\u00e1 apta para tener armas etc\u00e9tera.<\/p>\n<p style=\"text-align: justify;\"><span style=\"color: #c81400;\"><strong>RED DE FRAUDE<\/strong><\/span><\/p>\n<p style=\"text-align: justify;\">En esa misma l\u00ednea el fiscal especific\u00f3 donde se produc\u00eda el fraude, porque la ley establece que cada persona que quiere inscribir un arma debe ir a la armer\u00eda, ah\u00ed le van a dar un documento que en el fondo es un presupuesto m\u00e1s el documento que entrega el banco de pruebas de Chile del arma, \u00ab<em>\u00e9l debe ir personalmente a la autoridad fiscalizadora en donde le hacen un examen, ah\u00ed tiene que hacer una declaraci\u00f3n jurada de su domicilio, Carabineros tiene que verificar los antecedentes policiales, luego tiene que verificar el domicilio que \u00e9l est\u00e1 se\u00f1alando, comprobarlo y llevarlo a un m\u00e9dico psiquiatra, el m\u00e9dico le tiene que extender ese certificado, ese tr\u00e1mite no era hecho en forma personal por la persona, a quien quedaba el arma, y esos antecedentes de acuerdo a los primeros an\u00e1lisis que hemos visto, hay documentaci\u00f3n que se utiliz\u00f3 y es falsa, por lo tanto esta es una investigaci\u00f3n que estamos partiendo ahora con lo grueso para pasar a determinar cu\u00e1ntas son las armas que est\u00e1n inscritas de forma irregular, cuantas armas son las que est\u00e1n en poder de personas que no son sus titulares etc\u00e9tera<\/em>\u00bb, indic\u00f3 el persecutor.<\/p>\n<p style=\"text-align: justify;\">A prop\u00f3sito de esto \u00faltimo el fiscal explic\u00f3 el caso de una mujer de La Serena que ella no tiene idea \u00abella dice nunca he ido a Constituci\u00f3n, nadie ha hablado conmigo seguramente, ella lo \u00fanico que dice que en una oportunidad subi\u00f3 a internet para postular a un trabajo donde le pidieron un certificado de antecedentes y una copia de la c\u00e9dula, dice que eso es lo \u00fanico que ha hecho\u00bb manifest\u00f3 Santib\u00e1\u00f1ez.<\/p>\n<p style=\"text-align: justify;\">&#8211; <strong>\u00bfC\u00f3mo obten\u00edan los Rut de las personas?<\/strong><\/p>\n<p style=\"text-align: justify;\">&#8211; Estos sujetos captaban personas a las cuales les facilitaban o les pagaban diversas sumas de dinero a cambio de que ellos mismos fueran al Registro Civil y sacaran su certificado de antecedentes, y posteriormente se lo entregaban junto con una fotocopia de la c\u00e9dula.<\/p>\n<p style=\"text-align: justify;\">El fiscal Benjam\u00edn Santib\u00e1\u00f1ez record\u00f3 que esta investigaci\u00f3n parti\u00f3 con la detenci\u00f3n de un sujeto ac\u00e1 en San Felipe, quien apunt\u00f3 a Carabineros de San Felipe con una pistola con mira laser, \u00abal ser detenido ten\u00eda tres armas de fuego; dos de esas armas, eran dos pistolas glock, estaban inscritas a nombre de j\u00f3venes de 19 a 21 a\u00f1os de edad y ellos eran de Putaendo, al contactarlos logramos determinar que esas armas hab\u00edan sido adquiridas all\u00e1 e inscritas en Constituci\u00f3n.<\/p>\n<p style=\"text-align: justify;\">El persecutor calific\u00f3 este hecho muy peligroso por la gravedad que reviste.<\/p>\n<p style=\"text-align: justify;\">Explic\u00f3 que uno de los detenidos es de Santiago, quien se contactaba con el armero para llevarle documentaci\u00f3n y personas que en algunos casos como no pueden acceder a compra un arma de fuego, \u00ab<em>buscan a otras personas que faciliten los documentos la compran y ellos se quedan con un arma de fuego<\/em>\u00bb, indic\u00f3 Santib\u00e1\u00f1ez. Reconoci\u00f3 el fiscal que muchas armas iban a llegar a poder de delincuentes realizando el mismo tr\u00e1mite.<\/p>\n<p style=\"text-align: justify;\">La audiencia de control de detenci\u00f3n se realiz\u00f3 este viernes alrededor de las 12:00 horas en el Tribunal de Garant\u00eda de San Felipe. Se fij\u00f3 adem\u00e1s un plazo de 80 d\u00edas para el cierre de la investigaci\u00f3n.<\/p>\n<figure id=\"attachment_102075\" aria-describedby=\"caption-attachment-102075\" style=\"width: 580px\" class=\"wp-caption alignnone\"><img data-recalc-dims=\"1\" loading=\"lazy\" decoding=\"async\" class=\"size-full wp-image-102075\" src=\"https:\/\/i0.wp.com\/eltrabajo.cl\/portal\/wp-content\/uploads\/2020\/08\/armas-1.jpg?resize=580%2C360&#038;ssl=1\" alt=\"Armas largas, cortas, cartuchos incautados en esta operaci\u00f3n por la PDI en conjunto con la fiscal\u00eda local San Felipe.\" width=\"580\" height=\"360\" srcset=\"https:\/\/i0.wp.com\/eltrabajo.cl\/portal\/wp-content\/uploads\/2020\/08\/armas-1.jpg?w=580&amp;ssl=1 580w, https:\/\/i0.wp.com\/eltrabajo.cl\/portal\/wp-content\/uploads\/2020\/08\/armas-1.jpg?resize=300%2C186&amp;ssl=1 300w, https:\/\/i0.wp.com\/eltrabajo.cl\/portal\/wp-content\/uploads\/2020\/08\/armas-1.jpg?resize=200%2C124&amp;ssl=1 200w\" sizes=\"auto, (max-width: 580px) 100vw, 580px\" \/><figcaption id=\"caption-attachment-102075\" class=\"wp-caption-text\">Armas largas, cortas, cartuchos incautados en esta operaci\u00f3n por la PDI en conjunto con la fiscal\u00eda local San Felipe.<\/figcaption><\/figure>\n<figure id=\"attachment_102076\" aria-describedby=\"caption-attachment-102076\" style=\"width: 580px\" class=\"wp-caption alignnone\"><img data-recalc-dims=\"1\" loading=\"lazy\" decoding=\"async\" class=\"size-full wp-image-102076\" src=\"https:\/\/i0.wp.com\/eltrabajo.cl\/portal\/wp-content\/uploads\/2020\/08\/armas-2.jpg?resize=580%2C360&#038;ssl=1\" alt=\"Efectivos de la PDI rodean la gran cantidad de armas incautadas.\" width=\"580\" height=\"360\" srcset=\"https:\/\/i0.wp.com\/eltrabajo.cl\/portal\/wp-content\/uploads\/2020\/08\/armas-2.jpg?w=580&amp;ssl=1 580w, https:\/\/i0.wp.com\/eltrabajo.cl\/portal\/wp-content\/uploads\/2020\/08\/armas-2.jpg?resize=300%2C186&amp;ssl=1 300w, https:\/\/i0.wp.com\/eltrabajo.cl\/portal\/wp-content\/uploads\/2020\/08\/armas-2.jpg?resize=200%2C124&amp;ssl=1 200w\" sizes=\"auto, (max-width: 580px) 100vw, 580px\" \/><figcaption id=\"caption-attachment-102076\" class=\"wp-caption-text\">Efectivos de la PDI rodean la gran cantidad de armas incautadas.<\/figcaption><\/figure>\n<figure id=\"attachment_102077\" aria-describedby=\"caption-attachment-102077\" style=\"width: 580px\" class=\"wp-caption alignnone\"><img data-recalc-dims=\"1\" loading=\"lazy\" decoding=\"async\" class=\"size-full wp-image-102077\" src=\"https:\/\/i0.wp.com\/eltrabajo.cl\/portal\/wp-content\/uploads\/2020\/08\/armas-3.jpg?resize=580%2C360&#038;ssl=1\" alt=\"Una de las tantas pistolas incautadas muestra el funcionario de la PDI.\" width=\"580\" height=\"360\" srcset=\"https:\/\/i0.wp.com\/eltrabajo.cl\/portal\/wp-content\/uploads\/2020\/08\/armas-3.jpg?w=580&amp;ssl=1 580w, https:\/\/i0.wp.com\/eltrabajo.cl\/portal\/wp-content\/uploads\/2020\/08\/armas-3.jpg?resize=300%2C186&amp;ssl=1 300w, https:\/\/i0.wp.com\/eltrabajo.cl\/portal\/wp-content\/uploads\/2020\/08\/armas-3.jpg?resize=200%2C124&amp;ssl=1 200w\" sizes=\"auto, (max-width: 580px) 100vw, 580px\" \/><figcaption id=\"caption-attachment-102077\" class=\"wp-caption-text\">Una de las tantas pistolas incautadas muestra el funcionario de la PDI.<\/figcaption><\/figure>\n<figure id=\"attachment_102078\" aria-describedby=\"caption-attachment-102078\" style=\"width: 579px\" class=\"wp-caption alignnone\"><img data-recalc-dims=\"1\" loading=\"lazy\" decoding=\"async\" class=\"size-full wp-image-102078\" src=\"https:\/\/i0.wp.com\/eltrabajo.cl\/portal\/wp-content\/uploads\/2020\/08\/armas-Benjamin-Santibanez.jpg?resize=579%2C600&#038;ssl=1\" alt=\"Benjam\u00edn Santib\u00e1\u00f1ez Contreras, fiscal de la Fiscal\u00eda de San Felipe a cargo de la investigaci\u00f3n.\" width=\"579\" height=\"600\" srcset=\"https:\/\/i0.wp.com\/eltrabajo.cl\/portal\/wp-content\/uploads\/2020\/08\/armas-Benjamin-Santibanez.jpg?w=579&amp;ssl=1 579w, https:\/\/i0.wp.com\/eltrabajo.cl\/portal\/wp-content\/uploads\/2020\/08\/armas-Benjamin-Santibanez.jpg?resize=290%2C300&amp;ssl=1 290w, https:\/\/i0.wp.com\/eltrabajo.cl\/portal\/wp-content\/uploads\/2020\/08\/armas-Benjamin-Santibanez.jpg?resize=145%2C150&amp;ssl=1 145w\" sizes=\"auto, (max-width: 579px) 100vw, 579px\" \/><figcaption id=\"caption-attachment-102078\" class=\"wp-caption-text\">Benjam\u00edn Santib\u00e1\u00f1ez Contreras, fiscal de la Fiscal\u00eda de San Felipe a cargo de la investigaci\u00f3n.<\/figcaption><\/figure>\n","protected":false},"excerpt":{"rendered":"<p>En Prisi\u00f3n Preventiva quedaron los cuatro imputados que fueron detenidos por la PDI en la denominada \u00abOperaci\u00f3n Alemania\u00bb. Fueron formalizados por Tr\u00e1fico de Armas y uno por Receptaci\u00f3n, Contrabando de cigarrillos y&#8230;<\/p>\n","protected":false},"author":482,"featured_media":102077,"comment_status":"closed","ping_status":"open","sticky":false,"template":"","format":"standard","meta":{"advanced_seo_description":"","jetpack_seo_html_title":"","jetpack_seo_noindex":false,"_jetpack_memberships_contains_paid_content":false,"footnotes":""},"categories":[97],"tags":[],"class_list":["post-102074","post","type-post","status-publish","format-standard","has-post-thumbnail","hentry","category-tribunales"],"jetpack_featured_media_url":"https:\/\/i0.wp.com\/eltrabajo.cl\/portal\/wp-content\/uploads\/2020\/08\/armas-3.jpg?fit=580%2C360&ssl=1","jetpack_sharing_enabled":true,"jetpack_likes_enabled":true,"jetpack-related-posts":[],"_links":{"self":[{"href":"https:\/\/eltrabajo.cl\/portal\/wp-json\/wp\/v2\/posts\/102074","targetHints":{"allow":["GET"]}}],"collection":[{"href":"https:\/\/eltrabajo.cl\/portal\/wp-json\/wp\/v2\/posts"}],"about":[{"href":"https:\/\/eltrabajo.cl\/portal\/wp-json\/wp\/v2\/types\/post"}],"author":[{"embeddable":true,"href":"https:\/\/eltrabajo.cl\/portal\/wp-json\/wp\/v2\/users\/482"}],"replies":[{"embeddable":true,"href":"https:\/\/eltrabajo.cl\/portal\/wp-json\/wp\/v2\/comments?post=102074"}],"version-history":[{"count":0,"href":"https:\/\/eltrabajo.cl\/portal\/wp-json\/wp\/v2\/posts\/102074\/revisions"}],"wp:featuredmedia":[{"embeddable":true,"href":"https:\/\/eltrabajo.cl\/portal\/wp-json\/wp\/v2\/media\/102077"}],"wp:attachment":[{"href":"https:\/\/eltrabajo.cl\/portal\/wp-json\/wp\/v2\/media?parent=102074"}],"wp:term":[{"taxonomy":"category","embeddable":true,"href":"https:\/\/eltrabajo.cl\/portal\/wp-json\/wp\/v2\/categories?post=102074"},{"taxonomy":"post_tag","embeddable":true,"href":"https:\/\/eltrabajo.cl\/portal\/wp-json\/wp\/v2\/tags?post=102074"}],"curies":[{"name":"wp","href":"https:\/\/api.w.org\/{rel}","templated":true}]}}