{"id":102087,"date":"2020-08-17T08:00:08","date_gmt":"2020-08-17T12:00:08","guid":{"rendered":"https:\/\/www.eltrabajo.cl\/portal\/?p=102087"},"modified":"2020-08-16T21:21:14","modified_gmt":"2020-08-17T01:21:14","slug":"a-partir-del-proximo-domingo-23-se-reabre-la-feria-diego-de-almagro","status":"publish","type":"post","link":"https:\/\/eltrabajo.cl\/portal\/a-partir-del-proximo-domingo-23-se-reabre-la-feria-diego-de-almagro\/","title":{"rendered":"A partir del pr\u00f3ximo domingo 23 se reabre la Feria Diego de Almagro"},"content":{"rendered":"<p style=\"text-align: justify;\">Despu\u00e9s que los feriantes desistieran de la demanda presentada en contra del municipio, este domingo 23 de agosto volver\u00e1 a funcionar la chacarer\u00eda de la Feria Diego de Almagro. Para esto se elabor\u00f3 un protocolo sanitario de funcionamiento que permite la reapertura de los puestos de frutas y verduras, el resto no podr\u00e1 operar por ahora.<\/p>\n<p style=\"text-align: justify;\">En la pr\u00e1ctica, los dirigentes se comprometen a mantener la seguridad en el interior de la feria, sumado a contar con los elementos necesarios para el control de temperatura y la disposici\u00f3n de elementos de higiene, por ejemplo, dispensadores de alcohol gel.<\/p>\n<hr \/>\r\n\r\n<h4 style=\"text-align: justify\">Lo sentimos. Este contenido est\u00e1 restringido para usuarios no registrados en alguno de nuestros <strong><span style=\"color: #ff0000\"><a style=\"color: #ff0000\" href=\"https:\/\/eltrabajo.cl\/portal\/regism\/\">Planes de Suscripci\u00f3n<\/a><\/span><\/strong>. Si deseas registrarte o renovar tu suscripci\u00f3n, puedes hacerlo v\u00eda transferencia bancaria haciendo click <span style=\"color: #ff0000\"><a style=\"color: #ff0000\" href=\"https:\/\/eltrabajo.cl\/portal\/transfer\/\">aqu\u00ed<\/a>.<\/span><\/h4>\r\n&nbsp;\r\n<h4 style=\"text-align: center\">Recuerda registrarte y suscribirte a Diario EL TRABAJO.\r\nNuestros suscriptores no ven este mensaje.\r\n(Por ahora contin\u00faa disfrutando la lectura)<\/h4>\r\n\r\n<hr \/>\r\n\r\n&nbsp;\n<p style=\"text-align: justify;\">La recomendaci\u00f3n, adem\u00e1s, es que s\u00f3lo acuda una persona por grupo familiar a la feria, que mantengan el distanciamiento f\u00edsico y que cuenten con el permiso temporal correspondiente, esto porque el fin de semana se mantiene la cuarentena en la comuna. Lo que significa que los adultos mayores sobre 75 a\u00f1os no podr\u00e1n acudir a este recinto.<\/p>\n<p style=\"text-align: justify;\">El alcalde (S) <strong>Claudio Paredes<\/strong> expres\u00f3 que como municipio resulta importante el aporte que entrega este sector, \u00ab<em>es parte de la cadena alimenticia y permitir\u00e1 reactivar la econom\u00eda a local<\/em> (\u2026) <em>Nos parece relevante que se logre este acuerdo porque nos da seguridad a todos. Realizamos un llamado a la comunidad para que cumpla todas las normas y requisitos sanitarios que exigir\u00e1 la feria<\/em>\u00bb, sostuvo Paredes.<\/p>\n<p style=\"text-align: justify;\">Mientras que el abogado municipal, <strong>Mauricio Mass<\/strong>, destac\u00f3 que, a trav\u00e9s del di\u00e1logo se consolid\u00f3 una soluci\u00f3n satisfactoria para ambas partes y permitir\u00e1 el funcionamiento \u00f3ptimo de la Feria Diego de Almagro. \u00ab<em>Esto significa que son los propios chacareros los que adquieren un compromiso para funcionar conforme a las medidas sanitarias vigentes; adem\u00e1s, nuestra tarea es velar por el per\u00edmetro exterior, fiscalizar el correcto desplazamiento de las personas, en especial, que porten con el permiso de compra entregado a trav\u00e9s de la Comisar\u00eda Virtual<\/em>\u00bb, coment\u00f3.<\/p>\n<p style=\"text-align: justify;\"><strong>Jos\u00e9 Quijanes<\/strong>, presidente de la Feria Diego de Almagro, expres\u00f3 su satisfacci\u00f3n de alcanzar un acuerdo con el municipio, \u00ab<em>esperamos cumplir cada una de las exigencias establecidas en el protocolo sanitario de funcionamiento<\/em>\u00bb.<\/p>\n<figure id=\"attachment_102088\" aria-describedby=\"caption-attachment-102088\" style=\"width: 580px\" class=\"wp-caption alignnone\"><img data-recalc-dims=\"1\" loading=\"lazy\" decoding=\"async\" class=\"size-full wp-image-102088\" src=\"https:\/\/i0.wp.com\/eltrabajo.cl\/portal\/wp-content\/uploads\/2020\/08\/Feria-1.jpg?resize=580%2C360&#038;ssl=1\" alt=\"Se alcanz\u00f3 un acuerdo con los dirigentes, lo que permite que este recinto vuelva a operar bajo estrictas medidas de seguridad e higiene. En la foto el alcalde (S) Claudio Paredes y el dirigente ferial.\" width=\"580\" height=\"360\" srcset=\"https:\/\/i0.wp.com\/eltrabajo.cl\/portal\/wp-content\/uploads\/2020\/08\/Feria-1.jpg?w=580&amp;ssl=1 580w, https:\/\/i0.wp.com\/eltrabajo.cl\/portal\/wp-content\/uploads\/2020\/08\/Feria-1.jpg?resize=300%2C186&amp;ssl=1 300w, https:\/\/i0.wp.com\/eltrabajo.cl\/portal\/wp-content\/uploads\/2020\/08\/Feria-1.jpg?resize=200%2C124&amp;ssl=1 200w\" sizes=\"auto, (max-width: 580px) 100vw, 580px\" \/><figcaption id=\"caption-attachment-102088\" class=\"wp-caption-text\">Se alcanz\u00f3 un acuerdo con los dirigentes, lo que permite que este recinto vuelva a operar bajo estrictas medidas de seguridad e higiene. En la foto el alcalde (S) Claudio Paredes y el dirigente ferial.<\/figcaption><\/figure>\n","protected":false},"excerpt":{"rendered":"<p>Despu\u00e9s que los feriantes desistieran de la demanda presentada en contra del municipio, este domingo 23 de agosto volver\u00e1 a funcionar la chacarer\u00eda de la Feria Diego de Almagro. Para esto se&#8230;<\/p>\n","protected":false},"author":482,"featured_media":102088,"comment_status":"closed","ping_status":"open","sticky":false,"template":"","format":"standard","meta":{"advanced_seo_description":"","jetpack_seo_html_title":"","jetpack_seo_noindex":false,"_jetpack_memberships_contains_paid_content":false,"footnotes":""},"categories":[105,103],"tags":[],"class_list":["post-102087","post","type-post","status-publish","format-standard","has-post-thumbnail","hentry","category-covid-19","category-cronica-2"],"jetpack_featured_media_url":"https:\/\/i0.wp.com\/eltrabajo.cl\/portal\/wp-content\/uploads\/2020\/08\/Feria-1.jpg?fit=580%2C360&ssl=1","jetpack_sharing_enabled":true,"jetpack_likes_enabled":true,"jetpack-related-posts":[],"_links":{"self":[{"href":"https:\/\/eltrabajo.cl\/portal\/wp-json\/wp\/v2\/posts\/102087","targetHints":{"allow":["GET"]}}],"collection":[{"href":"https:\/\/eltrabajo.cl\/portal\/wp-json\/wp\/v2\/posts"}],"about":[{"href":"https:\/\/eltrabajo.cl\/portal\/wp-json\/wp\/v2\/types\/post"}],"author":[{"embeddable":true,"href":"https:\/\/eltrabajo.cl\/portal\/wp-json\/wp\/v2\/users\/482"}],"replies":[{"embeddable":true,"href":"https:\/\/eltrabajo.cl\/portal\/wp-json\/wp\/v2\/comments?post=102087"}],"version-history":[{"count":0,"href":"https:\/\/eltrabajo.cl\/portal\/wp-json\/wp\/v2\/posts\/102087\/revisions"}],"wp:featuredmedia":[{"embeddable":true,"href":"https:\/\/eltrabajo.cl\/portal\/wp-json\/wp\/v2\/media\/102088"}],"wp:attachment":[{"href":"https:\/\/eltrabajo.cl\/portal\/wp-json\/wp\/v2\/media?parent=102087"}],"wp:term":[{"taxonomy":"category","embeddable":true,"href":"https:\/\/eltrabajo.cl\/portal\/wp-json\/wp\/v2\/categories?post=102087"},{"taxonomy":"post_tag","embeddable":true,"href":"https:\/\/eltrabajo.cl\/portal\/wp-json\/wp\/v2\/tags?post=102087"}],"curies":[{"name":"wp","href":"https:\/\/api.w.org\/{rel}","templated":true}]}}