{"id":102137,"date":"2020-08-17T21:11:53","date_gmt":"2020-08-18T01:11:53","guid":{"rendered":"https:\/\/www.eltrabajo.cl\/portal\/?p=102137"},"modified":"2020-08-17T21:11:53","modified_gmt":"2020-08-18T01:11:53","slug":"presidente-arfa-quinta-y-seremi-salud-se-reunen-para-abordar-retorno-del-futbol","status":"publish","type":"post","link":"https:\/\/eltrabajo.cl\/portal\/presidente-arfa-quinta-y-seremi-salud-se-reunen-para-abordar-retorno-del-futbol\/","title":{"rendered":"Presidente ARFA Quinta y Seremi Salud se re\u00fanen para abordar retorno del f\u00fatbol"},"content":{"rendered":"<p style=\"text-align: justify;\">Mediante la plataforma Zoom para evitar correr riesgos de contagio, durante la jornada matinal de este martes 18 de agosto, el Seremi de Salud de la Regi\u00f3n de Valpara\u00edso, <strong>Francisco \u00c1lvarez Rom\u00e1n<\/strong>, y el presidente de la Asociaci\u00f3n Regional de F\u00fatbol Amateur de la Quinta Regi\u00f3n (ARFA) <strong>Christian Ibaceta<\/strong>, sostendr\u00e1n una cita que de paso ser\u00e1 el primer acercamiento para ir delineando lo que ser\u00e1 el retorno del balompi\u00e9 aficionado regional cuando las condiciones sanitarias lo permitan.<\/p>\n<p style=\"text-align: justify;\">La reuni\u00f3n es importante ya que en ella el timonel de ARFA le har\u00e1 ver al Seremi la realidad de esta disciplina, y los pasos que la organizaci\u00f3n deportiva est\u00e1 dando para que el regreso sea seguro para todos. No menos gravitante es el hecho que el directorio de ARFA busca llevar tranquilidad a todos sus asociados, ya que es indesmentible que muchos quieren volver a jugar, y en la agrupaci\u00f3n -que re\u00fane a cientos de clubes y miles de deportistas- quieren que todo sea organizado para que no se produzca un desbande en el que los futbolistas comiencen a usar las canchas sin precauci\u00f3n ni los cuidados que exige la contingencia.<\/p>\n<figure id=\"attachment_102143\" aria-describedby=\"caption-attachment-102143\" style=\"width: 580px\" class=\"wp-caption alignnone\"><img data-recalc-dims=\"1\" loading=\"lazy\" decoding=\"async\" class=\"size-full wp-image-102143\" src=\"https:\/\/i0.wp.com\/eltrabajo.cl\/portal\/wp-content\/uploads\/2020\/08\/amateur-1.jpg?resize=580%2C492&#038;ssl=1\" alt=\"Existe completa claridad en autoridades deportivas y sanitarias que el retorno al f\u00fatbol debe ser seguro para no correr riesgos de contagios de Covid\u201319.\" width=\"580\" height=\"492\" srcset=\"https:\/\/i0.wp.com\/eltrabajo.cl\/portal\/wp-content\/uploads\/2020\/08\/amateur-1.jpg?w=580&amp;ssl=1 580w, https:\/\/i0.wp.com\/eltrabajo.cl\/portal\/wp-content\/uploads\/2020\/08\/amateur-1.jpg?resize=300%2C254&amp;ssl=1 300w, https:\/\/i0.wp.com\/eltrabajo.cl\/portal\/wp-content\/uploads\/2020\/08\/amateur-1.jpg?resize=177%2C150&amp;ssl=1 177w\" sizes=\"auto, (max-width: 580px) 100vw, 580px\" \/><figcaption id=\"caption-attachment-102143\" class=\"wp-caption-text\">Existe completa claridad en autoridades deportivas y sanitarias que el retorno al f\u00fatbol debe ser seguro para no correr riesgos de contagios de Covid\u201319.<\/figcaption><\/figure>\n","protected":false},"excerpt":{"rendered":"<p>Mediante la plataforma Zoom para evitar correr riesgos de contagio, durante la jornada matinal de este martes 18 de agosto, el Seremi de Salud de la Regi\u00f3n de Valpara\u00edso, Francisco \u00c1lvarez Rom\u00e1n,&#8230;<\/p>\n","protected":false},"author":482,"featured_media":102143,"comment_status":"closed","ping_status":"open","sticky":false,"template":"","format":"standard","meta":{"advanced_seo_description":"","jetpack_seo_html_title":"","jetpack_seo_noindex":false,"_jetpack_memberships_contains_paid_content":false,"footnotes":""},"categories":[105,19],"tags":[],"class_list":["post-102137","post","type-post","status-publish","format-standard","has-post-thumbnail","hentry","category-covid-19","category-deportes"],"jetpack_featured_media_url":"https:\/\/i0.wp.com\/eltrabajo.cl\/portal\/wp-content\/uploads\/2020\/08\/amateur-1.jpg?fit=580%2C492&ssl=1","jetpack_sharing_enabled":true,"jetpack_likes_enabled":true,"jetpack-related-posts":[],"_links":{"self":[{"href":"https:\/\/eltrabajo.cl\/portal\/wp-json\/wp\/v2\/posts\/102137","targetHints":{"allow":["GET"]}}],"collection":[{"href":"https:\/\/eltrabajo.cl\/portal\/wp-json\/wp\/v2\/posts"}],"about":[{"href":"https:\/\/eltrabajo.cl\/portal\/wp-json\/wp\/v2\/types\/post"}],"author":[{"embeddable":true,"href":"https:\/\/eltrabajo.cl\/portal\/wp-json\/wp\/v2\/users\/482"}],"replies":[{"embeddable":true,"href":"https:\/\/eltrabajo.cl\/portal\/wp-json\/wp\/v2\/comments?post=102137"}],"version-history":[{"count":0,"href":"https:\/\/eltrabajo.cl\/portal\/wp-json\/wp\/v2\/posts\/102137\/revisions"}],"wp:featuredmedia":[{"embeddable":true,"href":"https:\/\/eltrabajo.cl\/portal\/wp-json\/wp\/v2\/media\/102143"}],"wp:attachment":[{"href":"https:\/\/eltrabajo.cl\/portal\/wp-json\/wp\/v2\/media?parent=102137"}],"wp:term":[{"taxonomy":"category","embeddable":true,"href":"https:\/\/eltrabajo.cl\/portal\/wp-json\/wp\/v2\/categories?post=102137"},{"taxonomy":"post_tag","embeddable":true,"href":"https:\/\/eltrabajo.cl\/portal\/wp-json\/wp\/v2\/tags?post=102137"}],"curies":[{"name":"wp","href":"https:\/\/api.w.org\/{rel}","templated":true}]}}