{"id":102145,"date":"2020-08-17T21:14:38","date_gmt":"2020-08-18T01:14:38","guid":{"rendered":"https:\/\/www.eltrabajo.cl\/portal\/?p=102145"},"modified":"2020-08-17T21:14:38","modified_gmt":"2020-08-18T01:14:38","slug":"alcalde-patricio-freire-se-refiere-a-su-actual-situacion-y-confirma-apelacion","status":"publish","type":"post","link":"https:\/\/eltrabajo.cl\/portal\/alcalde-patricio-freire-se-refiere-a-su-actual-situacion-y-confirma-apelacion\/","title":{"rendered":"Alcalde Patricio Freire se refiere a su actual situaci\u00f3n y confirma apelaci\u00f3n"},"content":{"rendered":"<p style=\"text-align: justify;\">El pasado martes 11 de agosto, el Tribunal Electoral Regional, TER, determin\u00f3 removerme del cargo de Alcalde de San Felipe e inhabilitarme para ejercer cargos p\u00fablicos por cinco a\u00f1os.<\/p>\n<p style=\"text-align: justify;\">Esta fue la \u00faltima de las acciones que realizaron dos concejales, pero que se suman a varias otras, que han presentado durante estos \u00faltimos cuatro a\u00f1os, las cuales siempre han tenido resultados negativos para ellos.<\/p>\n<p style=\"text-align: justify;\">Y eso, porque todos estos a\u00f1os, que he estado a la cabeza del municipio de San Felipe he actuado con total transparencia, y resguardando los recursos que llegan al municipio, porque son de todos los vecinos.<\/p>\n<p style=\"text-align: justify;\">Soy un sanfelipe\u00f1o, nacido y criado en esta tierra bendita, as\u00ed como tambi\u00e9n mis abuelos, mis padres y hermanos. Y como soy un agradecido de la tierra que me vio nacer, form\u00e9 mi familia y trat\u00e9 de aportar desde mi visi\u00f3n de aconcag\u00fcino, colaborando para generar oportunidades laborales para muchos vecinos.<\/p>\n<p style=\"text-align: justify;\">Esa misma motivaci\u00f3n, fue la que tuve cuando me present\u00e9 como candidato a Alcalde hace ocho a\u00f1os, convencido de poder ejecutar un proyecto que sumara a todos los vecinos, esperaba convertir a San Felipe en \u00abla comuna de todos\u00bb.<\/p>\n<p style=\"text-align: justify;\">Y durante este tiempo efectivamente hemos podido cambiar esta comuna, haci\u00e9ndola m\u00e1s participativa, m\u00e1s tolerante, m\u00e1s moderna y con oportunidades para los vecinos. Ha sido un arduo trabajo, pero de mucha alegr\u00eda, al ver convertidos en realidad los proyectos que los vecinos necesitan. No hay nada m\u00e1s emocionante para m\u00ed que ver la cara de los sanfelipe\u00f1os cuando hemos hecho realidad sus necesidades. Estos a\u00f1os hemos construido sedes sociales, multicanchas, plazoletas, hemos pavimentado decenas de calles, mejoramos la iluminaci\u00f3n, entregando seguridad a los vecinos, llevamos alegr\u00eda con distintos eventos art\u00edsticos y culturales, y fomentamos la vida sana con la pr\u00e1ctica de distintos deportes, adem\u00e1s de muchas otras actividades.<\/p>\n<p style=\"text-align: justify;\">Hemos ejecutado muchas iniciativas, donde los funcionarios municipales han sido fundamentales, por su colaboraci\u00f3n y compromiso y a ellos se suman los dirigentes vecinales, quienes con su participaci\u00f3n nos han permitido plasmar muchos de sus sue\u00f1os.<\/p>\n<p style=\"text-align: justify;\">Todos ustedes, vecinos, amigos de toda la vida, han sido un gran apoyo en estos d\u00edas complejos, por ello les agradezco sus mensajes de cari\u00f1o y respaldo, ustedes saben de mi compromiso desinteresado con esta comuna, del esfuerzo que hemos puesto para hacer realidad muchos proyectos, y as\u00ed construir una sociedad m\u00e1s justa y solidaria.<\/p>\n<p style=\"text-align: justify;\">Honestidad, solidaridad, respeto, responsabilidad y lealtad son valores que han guiado mi vida y mi actuar a lo largo de los a\u00f1os. Esos valores me dan la tranquilidad para seguir adelante en estos momentos dif\u00edciles.<\/p>\n<p style=\"text-align: justify;\">Esta semana apelar\u00e9 a los organismos correspondientes por la determinaci\u00f3n dada a conocer por el Tribunal Electoral Regional, porque considero que este tribunal no tuvo todos los antecedentes a la vista para determinar la destituci\u00f3n, y espero revertir esta decisi\u00f3n.<\/p>\n<p style=\"text-align: justify;\">En este tiempo que estar\u00e1 a la cabeza del municipio el Alcalde subrogante Claudio Paredes, espero tambi\u00e9n puedan apoyarlo, para seguir avanzando, sin pausa, en el camino que entre todos hemos construido.<\/p>\n<p style=\"text-align: justify;\"><strong>Patricio Freire Canto, <\/strong><strong>Un sanfelipe\u00f1o de coraz\u00f3n, cuenten conmigo por siempre<\/strong><\/p>\n<figure id=\"attachment_102146\" aria-describedby=\"caption-attachment-102146\" style=\"width: 580px\" class=\"wp-caption alignnone\"><img data-recalc-dims=\"1\" loading=\"lazy\" decoding=\"async\" class=\"size-full wp-image-102146\" src=\"https:\/\/i0.wp.com\/eltrabajo.cl\/portal\/wp-content\/uploads\/2020\/08\/Alcalde_Patricio-Freire-Canto.jpg?resize=580%2C447&#038;ssl=1\" alt=\"Patricio Freire Canto se dirigi\u00f3 a los vecinos a trav\u00e9s de una declaraci\u00f3n p\u00fablica.\" width=\"580\" height=\"447\" srcset=\"https:\/\/i0.wp.com\/eltrabajo.cl\/portal\/wp-content\/uploads\/2020\/08\/Alcalde_Patricio-Freire-Canto.jpg?w=580&amp;ssl=1 580w, https:\/\/i0.wp.com\/eltrabajo.cl\/portal\/wp-content\/uploads\/2020\/08\/Alcalde_Patricio-Freire-Canto.jpg?resize=300%2C231&amp;ssl=1 300w, https:\/\/i0.wp.com\/eltrabajo.cl\/portal\/wp-content\/uploads\/2020\/08\/Alcalde_Patricio-Freire-Canto.jpg?resize=195%2C150&amp;ssl=1 195w\" sizes=\"auto, (max-width: 580px) 100vw, 580px\" \/><figcaption id=\"caption-attachment-102146\" class=\"wp-caption-text\">Patricio Freire Canto se dirigi\u00f3 a los vecinos a trav\u00e9s de una declaraci\u00f3n p\u00fablica.<\/figcaption><\/figure>\n","protected":false},"excerpt":{"rendered":"<p>El pasado martes 11 de agosto, el Tribunal Electoral Regional, TER, determin\u00f3 removerme del cargo de Alcalde de San Felipe e inhabilitarme para ejercer cargos p\u00fablicos por cinco a\u00f1os. Esta fue la&#8230;<\/p>\n","protected":false},"author":482,"featured_media":102146,"comment_status":"closed","ping_status":"open","sticky":false,"template":"","format":"standard","meta":{"advanced_seo_description":"","jetpack_seo_html_title":"","jetpack_seo_noindex":false,"_jetpack_memberships_contains_paid_content":false,"footnotes":""},"categories":[103],"tags":[],"class_list":["post-102145","post","type-post","status-publish","format-standard","has-post-thumbnail","hentry","category-cronica-2"],"jetpack_featured_media_url":"https:\/\/i0.wp.com\/eltrabajo.cl\/portal\/wp-content\/uploads\/2020\/08\/Alcalde_Patricio-Freire-Canto.jpg?fit=580%2C447&ssl=1","jetpack_sharing_enabled":true,"jetpack_likes_enabled":true,"jetpack-related-posts":[],"_links":{"self":[{"href":"https:\/\/eltrabajo.cl\/portal\/wp-json\/wp\/v2\/posts\/102145","targetHints":{"allow":["GET"]}}],"collection":[{"href":"https:\/\/eltrabajo.cl\/portal\/wp-json\/wp\/v2\/posts"}],"about":[{"href":"https:\/\/eltrabajo.cl\/portal\/wp-json\/wp\/v2\/types\/post"}],"author":[{"embeddable":true,"href":"https:\/\/eltrabajo.cl\/portal\/wp-json\/wp\/v2\/users\/482"}],"replies":[{"embeddable":true,"href":"https:\/\/eltrabajo.cl\/portal\/wp-json\/wp\/v2\/comments?post=102145"}],"version-history":[{"count":0,"href":"https:\/\/eltrabajo.cl\/portal\/wp-json\/wp\/v2\/posts\/102145\/revisions"}],"wp:featuredmedia":[{"embeddable":true,"href":"https:\/\/eltrabajo.cl\/portal\/wp-json\/wp\/v2\/media\/102146"}],"wp:attachment":[{"href":"https:\/\/eltrabajo.cl\/portal\/wp-json\/wp\/v2\/media?parent=102145"}],"wp:term":[{"taxonomy":"category","embeddable":true,"href":"https:\/\/eltrabajo.cl\/portal\/wp-json\/wp\/v2\/categories?post=102145"},{"taxonomy":"post_tag","embeddable":true,"href":"https:\/\/eltrabajo.cl\/portal\/wp-json\/wp\/v2\/tags?post=102145"}],"curies":[{"name":"wp","href":"https:\/\/api.w.org\/{rel}","templated":true}]}}