{"id":102148,"date":"2020-08-18T07:40:09","date_gmt":"2020-08-18T11:40:09","guid":{"rendered":"https:\/\/www.eltrabajo.cl\/portal\/?p=102148"},"modified":"2020-08-17T21:19:56","modified_gmt":"2020-08-18T01:19:56","slug":"los-regalones-de-la-olla-repartieron-golosinas-en-este-dia-del-nino","status":"publish","type":"post","link":"https:\/\/eltrabajo.cl\/portal\/los-regalones-de-la-olla-repartieron-golosinas-en-este-dia-del-nino\/","title":{"rendered":"\u2018Los Regalones de la Olla\u2019 repartieron golosinas en este D\u00eda del Ni\u00f1o"},"content":{"rendered":"<p style=\"text-align: left;\"><span style=\"color: #c81400;\"><strong>Recorrieron toda la comuna regalando alegr\u00eda:<\/strong><\/span><\/p>\n<p style=\"text-align: justify;\">Tal como lo prometimos a nuestros lectores, hoy compartimos un registro gr\u00e1fico de la jornada dominical que desarrollaron los integrantes del <em>Comedor Solidario Los Regalones de la Olla<\/em>; <strong>Guillermo Lillo Vivar<\/strong>, <strong>Carolina<\/strong> y <strong>Nicol Quijanes<\/strong>, y <strong>Mauricio Fosa<\/strong>. Se trat\u00f3 de un trabajo en equipo para celebrar a los m\u00e1s peque\u00f1itos de San Felipe el D\u00eda del Ni\u00f1o, jornada que se desarroll\u00f3 durante todo este fin de semana en las poblaciones de nuestra comuna.<\/p>\n<p style=\"text-align: justify;\">\n<p style=\"text-align: justify;\"><span style=\"color: #c81400;\"><strong>ALMUERZOS Y REGALOS<\/strong><\/span><\/p>\n<p style=\"text-align: justify;\">\u00ab<em>Pero el trabajo no lo hicimos solos, tambi\u00e9n nos apoyaron las juntas vecinales de poblaciones como Escuadra 2, Totoral y Departamentos Sargento Aldea, teniendo almuerzos para 500 personas. Con la ayuda de amigas, amigos, la cooperativa y an\u00f3nimos, fue posible tener un rico almuerzo para estas familias y para gente en situaci\u00f3n de calle, d\u00e1ndole un plato fuerte, ensaladas, frutas y pan hecho por los amigos de la Panader\u00eda Popular y gesti\u00f3n de Paula Freire<\/em>\u00bb, inform\u00f3 a <strong>Diario El Trabajo<\/strong> el presidente del Comedor Los Regalones, <strong>Guillermo Lillo<\/strong>.<\/p>\n<p style=\"text-align: justify;\">&#8211; <strong>\u00bfA qu\u00e9 otras poblaciones llevaron ustedes alegr\u00eda a los ni\u00f1os de nuestra comuna?<\/strong><\/p>\n<p style=\"text-align: justify;\">&#8211; Este domingo 16 realizamos el gran D\u00eda del Ni\u00f1o en estas poblaciones y sus alrededores: Escuadra 2, Departamentos Sargento Aldea, Totoral, 11 De Septiembre, Villa La Capital, Hip\u00f3lito Vergara, Calle Diego de Almagro, Chorrillos y la organizaci\u00f3n de Villa Juan Pablo II \u2018Mam\u00e1s del Pueblo\u2019, con un carro aleg\u00f3rico prestado por la empresa GAET Ingenier\u00eda, donde realizamos un recorrido con m\u00fasica y disfraces entregando una bolsa de dulces para todos los ni\u00f1os (1.400 bolsas), las que fueron hechas la semana pasada gracias al aporte de la comunidad, nuestros amigos, familia y gente an\u00f3nima. Estamos muy felices con el resultado de esta actividad, la cual nos permiti\u00f3 llegar a los hogares de la comunidad con mucha alegr\u00eda y amor. Quiero agradecer a nombre de todos quienes trabajamos en esta iniciativa, a todas las personas que hacen posible estas nobles actividades, las que sin sus aportes esto no ser\u00eda posible.<\/p>\n<p style=\"text-align: justify;\">Es importante tambi\u00e9n destacar que este proyecto Los Regalones de la Olla, desde hace varios meses vienen dando apoyo social con sus entregas de almuerzos a quienes llegan a su sede comunitaria en Poblaci\u00f3n El Esfuerzo y otros sectores de nuestra comuna.<\/p>\n<p style=\"text-align: justify;\"><strong>Roberto Gonz\u00e1lez Short<\/strong><\/p>\n<figure id=\"attachment_102150\" aria-describedby=\"caption-attachment-102150\" style=\"width: 580px\" class=\"wp-caption alignnone\"><img data-recalc-dims=\"1\" loading=\"lazy\" decoding=\"async\" class=\"size-full wp-image-102150\" src=\"https:\/\/i0.wp.com\/eltrabajo.cl\/portal\/wp-content\/uploads\/2020\/08\/Regalones2.jpg?resize=580%2C354&#038;ssl=1\" alt=\"PERSONAJES DE PEL\u00cdCULA.- Muchos personajes del mundo infantil recorrieron nuestra comuna para sorprender a los peque\u00f1ines en su d\u00eda.\" width=\"580\" height=\"354\" srcset=\"https:\/\/i0.wp.com\/eltrabajo.cl\/portal\/wp-content\/uploads\/2020\/08\/Regalones2.jpg?w=580&amp;ssl=1 580w, https:\/\/i0.wp.com\/eltrabajo.cl\/portal\/wp-content\/uploads\/2020\/08\/Regalones2.jpg?resize=300%2C183&amp;ssl=1 300w, https:\/\/i0.wp.com\/eltrabajo.cl\/portal\/wp-content\/uploads\/2020\/08\/Regalones2.jpg?resize=200%2C122&amp;ssl=1 200w\" sizes=\"auto, (max-width: 580px) 100vw, 580px\" \/><figcaption id=\"caption-attachment-102150\" class=\"wp-caption-text\">PERSONAJES DE PEL\u00cdCULA.- Muchos personajes del mundo infantil recorrieron nuestra comuna para sorprender a los peque\u00f1ines en su d\u00eda.<\/figcaption><\/figure>\n<figure id=\"attachment_102152\" aria-describedby=\"caption-attachment-102152\" style=\"width: 579px\" class=\"wp-caption alignnone\"><img data-recalc-dims=\"1\" loading=\"lazy\" decoding=\"async\" class=\"size-full wp-image-102152\" src=\"https:\/\/i0.wp.com\/eltrabajo.cl\/portal\/wp-content\/uploads\/2020\/08\/Regalones4.jpg?resize=579%2C353&#038;ssl=1\" alt=\"GRACIAS CHIQUILLOS.- Los voluntarios de este equipo de trabajo comunitario programaron este proyecto por varias semanas antes de ejecutarlo.\" width=\"579\" height=\"353\" srcset=\"https:\/\/i0.wp.com\/eltrabajo.cl\/portal\/wp-content\/uploads\/2020\/08\/Regalones4.jpg?w=579&amp;ssl=1 579w, https:\/\/i0.wp.com\/eltrabajo.cl\/portal\/wp-content\/uploads\/2020\/08\/Regalones4.jpg?resize=300%2C183&amp;ssl=1 300w, https:\/\/i0.wp.com\/eltrabajo.cl\/portal\/wp-content\/uploads\/2020\/08\/Regalones4.jpg?resize=200%2C122&amp;ssl=1 200w\" sizes=\"auto, (max-width: 579px) 100vw, 579px\" \/><figcaption id=\"caption-attachment-102152\" class=\"wp-caption-text\">GRACIAS CHIQUILLOS.- Los voluntarios de este equipo de trabajo comunitario programaron este proyecto por varias semanas antes de ejecutarlo.<\/figcaption><\/figure>\n<figure id=\"attachment_102149\" aria-describedby=\"caption-attachment-102149\" style=\"width: 580px\" class=\"wp-caption alignnone\"><img data-recalc-dims=\"1\" loading=\"lazy\" decoding=\"async\" class=\"size-full wp-image-102149\" src=\"https:\/\/i0.wp.com\/eltrabajo.cl\/portal\/wp-content\/uploads\/2020\/08\/Regalones1.jpg?resize=580%2C382&#038;ssl=1\" alt=\"FELICES NUESTROS NI\u00d1OS.- Esta gr\u00e1fica refleja claramente la alegr\u00eda que vivieron los ni\u00f1os y vecinos de Departamentos Sargento Aldea en este D\u00eda del Ni\u00f1o.\" width=\"580\" height=\"382\" srcset=\"https:\/\/i0.wp.com\/eltrabajo.cl\/portal\/wp-content\/uploads\/2020\/08\/Regalones1.jpg?w=580&amp;ssl=1 580w, https:\/\/i0.wp.com\/eltrabajo.cl\/portal\/wp-content\/uploads\/2020\/08\/Regalones1.jpg?resize=300%2C198&amp;ssl=1 300w, https:\/\/i0.wp.com\/eltrabajo.cl\/portal\/wp-content\/uploads\/2020\/08\/Regalones1.jpg?resize=200%2C132&amp;ssl=1 200w\" sizes=\"auto, (max-width: 580px) 100vw, 580px\" \/><figcaption id=\"caption-attachment-102149\" class=\"wp-caption-text\">FELICES NUESTROS NI\u00d1OS.- Esta gr\u00e1fica refleja claramente la alegr\u00eda que vivieron los ni\u00f1os y vecinos de Departamentos Sargento Aldea en este D\u00eda del Ni\u00f1o.<\/figcaption><\/figure>\n<figure id=\"attachment_102151\" aria-describedby=\"caption-attachment-102151\" style=\"width: 579px\" class=\"wp-caption alignnone\"><img data-recalc-dims=\"1\" loading=\"lazy\" decoding=\"async\" class=\"size-full wp-image-102151\" src=\"https:\/\/i0.wp.com\/eltrabajo.cl\/portal\/wp-content\/uploads\/2020\/08\/Regalones3.jpg?resize=579%2C380&#038;ssl=1\" alt=\"ESTE PERRITO LA LLEVA.- Este es Scooby-Doo, interpretado por el propio Guillermo Lillo, personaje principal de la jornada regalona.\" width=\"579\" height=\"380\" srcset=\"https:\/\/i0.wp.com\/eltrabajo.cl\/portal\/wp-content\/uploads\/2020\/08\/Regalones3.jpg?w=579&amp;ssl=1 579w, https:\/\/i0.wp.com\/eltrabajo.cl\/portal\/wp-content\/uploads\/2020\/08\/Regalones3.jpg?resize=300%2C197&amp;ssl=1 300w, https:\/\/i0.wp.com\/eltrabajo.cl\/portal\/wp-content\/uploads\/2020\/08\/Regalones3.jpg?resize=200%2C131&amp;ssl=1 200w\" sizes=\"auto, (max-width: 579px) 100vw, 579px\" \/><figcaption id=\"caption-attachment-102151\" class=\"wp-caption-text\">ESTE PERRITO LA LLEVA.- Este es Scooby-Doo, interpretado por el propio Guillermo Lillo, personaje principal de la jornada regalona.<\/figcaption><\/figure>\n<figure id=\"attachment_102153\" aria-describedby=\"caption-attachment-102153\" style=\"width: 580px\" class=\"wp-caption alignnone\"><img data-recalc-dims=\"1\" loading=\"lazy\" decoding=\"async\" class=\"size-full wp-image-102153\" src=\"https:\/\/i0.wp.com\/eltrabajo.cl\/portal\/wp-content\/uploads\/2020\/08\/Regalones_Guillermo-Lillo.jpg?resize=580%2C586&#038;ssl=1\" alt=\"Guillermo Lillo, presidente del Comedor Escolar Los Regalones de la Olla.\" width=\"580\" height=\"586\" srcset=\"https:\/\/i0.wp.com\/eltrabajo.cl\/portal\/wp-content\/uploads\/2020\/08\/Regalones_Guillermo-Lillo.jpg?w=580&amp;ssl=1 580w, https:\/\/i0.wp.com\/eltrabajo.cl\/portal\/wp-content\/uploads\/2020\/08\/Regalones_Guillermo-Lillo.jpg?resize=297%2C300&amp;ssl=1 297w, https:\/\/i0.wp.com\/eltrabajo.cl\/portal\/wp-content\/uploads\/2020\/08\/Regalones_Guillermo-Lillo.jpg?resize=148%2C150&amp;ssl=1 148w\" sizes=\"auto, (max-width: 580px) 100vw, 580px\" \/><figcaption id=\"caption-attachment-102153\" class=\"wp-caption-text\">Guillermo Lillo, presidente del Comedor Escolar Los Regalones de la Olla.<\/figcaption><\/figure>\n","protected":false},"excerpt":{"rendered":"<p>Recorrieron toda la comuna regalando alegr\u00eda: Tal como lo prometimos a nuestros lectores, hoy compartimos un registro gr\u00e1fico de la jornada dominical que desarrollaron los integrantes del Comedor Solidario Los Regalones de&#8230;<\/p>\n","protected":false},"author":482,"featured_media":102149,"comment_status":"closed","ping_status":"open","sticky":false,"template":"","format":"standard","meta":{"advanced_seo_description":"","jetpack_seo_html_title":"","jetpack_seo_noindex":false,"_jetpack_memberships_contains_paid_content":false,"footnotes":""},"categories":[15],"tags":[],"class_list":["post-102148","post","type-post","status-publish","format-standard","has-post-thumbnail","hentry","category-comunidad"],"jetpack_featured_media_url":"https:\/\/i0.wp.com\/eltrabajo.cl\/portal\/wp-content\/uploads\/2020\/08\/Regalones1.jpg?fit=580%2C382&ssl=1","jetpack_sharing_enabled":true,"jetpack_likes_enabled":true,"jetpack-related-posts":[],"_links":{"self":[{"href":"https:\/\/eltrabajo.cl\/portal\/wp-json\/wp\/v2\/posts\/102148","targetHints":{"allow":["GET"]}}],"collection":[{"href":"https:\/\/eltrabajo.cl\/portal\/wp-json\/wp\/v2\/posts"}],"about":[{"href":"https:\/\/eltrabajo.cl\/portal\/wp-json\/wp\/v2\/types\/post"}],"author":[{"embeddable":true,"href":"https:\/\/eltrabajo.cl\/portal\/wp-json\/wp\/v2\/users\/482"}],"replies":[{"embeddable":true,"href":"https:\/\/eltrabajo.cl\/portal\/wp-json\/wp\/v2\/comments?post=102148"}],"version-history":[{"count":0,"href":"https:\/\/eltrabajo.cl\/portal\/wp-json\/wp\/v2\/posts\/102148\/revisions"}],"wp:featuredmedia":[{"embeddable":true,"href":"https:\/\/eltrabajo.cl\/portal\/wp-json\/wp\/v2\/media\/102149"}],"wp:attachment":[{"href":"https:\/\/eltrabajo.cl\/portal\/wp-json\/wp\/v2\/media?parent=102148"}],"wp:term":[{"taxonomy":"category","embeddable":true,"href":"https:\/\/eltrabajo.cl\/portal\/wp-json\/wp\/v2\/categories?post=102148"},{"taxonomy":"post_tag","embeddable":true,"href":"https:\/\/eltrabajo.cl\/portal\/wp-json\/wp\/v2\/tags?post=102148"}],"curies":[{"name":"wp","href":"https:\/\/api.w.org\/{rel}","templated":true}]}}