{"id":102155,"date":"2020-08-18T07:45:12","date_gmt":"2020-08-18T11:45:12","guid":{"rendered":"https:\/\/www.eltrabajo.cl\/portal\/?p=102155"},"modified":"2020-08-17T21:22:28","modified_gmt":"2020-08-18T01:22:28","slug":"municipio-implementara-cierres-parciales-de-calles-y-ampliacion-de-veredas","status":"publish","type":"post","link":"https:\/\/eltrabajo.cl\/portal\/municipio-implementara-cierres-parciales-de-calles-y-ampliacion-de-veredas\/","title":{"rendered":"Municipio implementar\u00e1 cierres parciales de calles y ampliaci\u00f3n de veredas"},"content":{"rendered":"<p style=\"text-align: left;\"><span style=\"color: #c81400;\"><strong>Por solicitud de la Seremi de Salud:<\/strong><\/span><\/p>\n<ul>\n<li style=\"text-align: left;\"><strong>Se aplicar\u00e1 desde este martes 18 de agosto y, provisionalmente, se mantendr\u00e1 hasta el 1 de septiembre, lo que busca facilitar el tr\u00e1nsito de personas por el centro de la comuna.<\/strong><\/li>\n<\/ul>\n<p style=\"text-align: justify;\">Por solicitud de la Seremi de Salud, la Municipalidad de San Felipe determin\u00f3, desde este martes 18 de agosto y hasta el 1 de septiembre, el cierre parcial de calle Prat, Coimas y Salinas; adem\u00e1s, la ampliaci\u00f3n de veredas en el per\u00edmetro que comprende la Plaza de Armas, con el prop\u00f3sito de disminuir la gran congesti\u00f3n de personas que se registra en el centro de la comuna.<\/p>\n<p style=\"text-align: justify;\">La medida implica que se suspender\u00e1 el tr\u00e1nsito, desde las 8 hasta las 15 horas, por calle Prat, entre Toro Mazote-Portus, Portus-Coimas, Salinas-Traslavi\u00f1a; Salinas, entre Santo Domingo-Prat; y Coimas, entre Santo Domingo-Prat.<\/p>\n<p style=\"text-align: justify;\">A esto se agrega la ampliaci\u00f3n de vereda en calle Prat, entre Coimas y Salinas; la eliminaci\u00f3n de los estacionamientos frente a la Plaza de Armas; calle Merced, con la eliminaci\u00f3n de los estacionamientos en la Plaza de Armas y calle Coimas.<\/p>\n<p style=\"text-align: justify;\">Lo anterior significa que los veh\u00edculos s\u00f3lo tendr\u00e1n una v\u00eda de circulaci\u00f3n para ingresar al anillo del centro de la comuna. La idea es permitir el tr\u00e1nsito de las personas y facilitar el distanciamiento social en las filas que se producen en los distintos comercios y entidades financieras.<\/p>\n<p style=\"text-align: justify;\">La directora de Salud Municipal, <strong>Marcela Brito<\/strong>, sostuvo que esto es el resultado de un trabajo intenso que se ha desarrollado para seguir avanzando en el proceso de desconfinamiento, pero esto tiene que ir de la mano con mantener las normas de higiene y seguridad necesarias para prevenir la propagaci\u00f3n del virus.<\/p>\n<p style=\"text-align: justify;\">\u00ab<em>Si la comunidad no entiende, en definitiva, que son sujetos relevantes para que la pandemia se contenga, nos ir\u00e1 mal, y es muy probable que empecemos a dar pasos hacia atr\u00e1s; el esp\u00edritu que tiene esta decisi\u00f3n es evitar eso, reconocemos que traer\u00e1 una molestia, pero hoy es muy necesaria\u00bb,<\/em> sostuvo.<\/p>\n<p style=\"text-align: justify;\"><strong>Rodrigo Salinas<\/strong>, secretario comunal de Planificaci\u00f3n (s), reiter\u00f3 que lo que se busca es restringir el uso del autom\u00f3vil y dar los espacios suficientes para la circulaci\u00f3n de personas, <em>\u00abese es el sentido de estas medidas. Esta es una primera aproximaci\u00f3n para ir mejorando el c\u00f3mo estamos respecto al distanciamiento f\u00edsico que requiere la Autoridad Sanitaria para que no se propague el virus. Eventualmente, en un an\u00e1lisis futuro, las medidas pueden mantenerse o modificarse, esperamos que las vecinas y vecinos entiendan que esto es pensado en el bienestar de todos\u00bb,<\/em> subray\u00f3.<\/p>\n<p style=\"text-align: justify;\">La jefa de la oficina provincial Aconcagua de la Seremi de Salud, <strong>Claudia Abarca<\/strong>, dej\u00f3 en claro que, despu\u00e9s de las intensas fiscalizaciones realizadas durante los \u00faltimos d\u00edas, qued\u00f3 en evidencia que el problema son las aglomeraciones fuera de los establecimientos comerciales: <em>\u00abEsto nos llev\u00f3 a solicitar al municipio el cierre de las calles del centro, de modo que las personas que deben acudir puedan hacer estas filas de forma segura y que mantengan el distanciamiento social necesario; esperamos que esta medida sea de corto plazo\u00bb,<\/em> coment\u00f3.<\/p>\n<p style=\"text-align: justify;\"><strong>Pablo Vergara<\/strong>, representante de la C\u00e1mara de Comercio de San Felipe, reconoci\u00f3 que la gran cantidad de personas circulando ha representado una cuota de preocupaci\u00f3n, <em>\u00abporque el retroceder implica volver a cuarentena, lo que es malo para todos, en especial para nuestro sector\u00bb.<\/em><\/p>\n<figure id=\"attachment_102156\" aria-describedby=\"caption-attachment-102156\" style=\"width: 580px\" class=\"wp-caption alignnone\"><img data-recalc-dims=\"1\" loading=\"lazy\" decoding=\"async\" class=\"size-full wp-image-102156\" src=\"https:\/\/i0.wp.com\/eltrabajo.cl\/portal\/wp-content\/uploads\/2020\/08\/Calles-2.jpg?resize=580%2C337&#038;ssl=1\" alt=\"La aglomeraci\u00f3n de personas en las calles del centro de la ciudad motivaron la determinaci\u00f3n de cerrarlas al uso vehicular.\" width=\"580\" height=\"337\" srcset=\"https:\/\/i0.wp.com\/eltrabajo.cl\/portal\/wp-content\/uploads\/2020\/08\/Calles-2.jpg?w=580&amp;ssl=1 580w, https:\/\/i0.wp.com\/eltrabajo.cl\/portal\/wp-content\/uploads\/2020\/08\/Calles-2.jpg?resize=300%2C174&amp;ssl=1 300w, https:\/\/i0.wp.com\/eltrabajo.cl\/portal\/wp-content\/uploads\/2020\/08\/Calles-2.jpg?resize=200%2C116&amp;ssl=1 200w\" sizes=\"auto, (max-width: 580px) 100vw, 580px\" \/><figcaption id=\"caption-attachment-102156\" class=\"wp-caption-text\">La aglomeraci\u00f3n de personas en las calles del centro de la ciudad motivaron la determinaci\u00f3n de cerrarlas al uso vehicular.<\/figcaption><\/figure>\n","protected":false},"excerpt":{"rendered":"<p>Por solicitud de la Seremi de Salud: Se aplicar\u00e1 desde este martes 18 de agosto y, provisionalmente, se mantendr\u00e1 hasta el 1 de septiembre, lo que busca facilitar el tr\u00e1nsito de personas&#8230;<\/p>\n","protected":false},"author":482,"featured_media":102156,"comment_status":"closed","ping_status":"open","sticky":false,"template":"","format":"standard","meta":{"advanced_seo_description":"","jetpack_seo_html_title":"","jetpack_seo_noindex":false,"_jetpack_memberships_contains_paid_content":false,"footnotes":""},"categories":[105,103],"tags":[],"class_list":["post-102155","post","type-post","status-publish","format-standard","has-post-thumbnail","hentry","category-covid-19","category-cronica-2"],"jetpack_featured_media_url":"https:\/\/i0.wp.com\/eltrabajo.cl\/portal\/wp-content\/uploads\/2020\/08\/Calles-2.jpg?fit=580%2C337&ssl=1","jetpack_sharing_enabled":true,"jetpack_likes_enabled":true,"jetpack-related-posts":[],"_links":{"self":[{"href":"https:\/\/eltrabajo.cl\/portal\/wp-json\/wp\/v2\/posts\/102155","targetHints":{"allow":["GET"]}}],"collection":[{"href":"https:\/\/eltrabajo.cl\/portal\/wp-json\/wp\/v2\/posts"}],"about":[{"href":"https:\/\/eltrabajo.cl\/portal\/wp-json\/wp\/v2\/types\/post"}],"author":[{"embeddable":true,"href":"https:\/\/eltrabajo.cl\/portal\/wp-json\/wp\/v2\/users\/482"}],"replies":[{"embeddable":true,"href":"https:\/\/eltrabajo.cl\/portal\/wp-json\/wp\/v2\/comments?post=102155"}],"version-history":[{"count":0,"href":"https:\/\/eltrabajo.cl\/portal\/wp-json\/wp\/v2\/posts\/102155\/revisions"}],"wp:featuredmedia":[{"embeddable":true,"href":"https:\/\/eltrabajo.cl\/portal\/wp-json\/wp\/v2\/media\/102156"}],"wp:attachment":[{"href":"https:\/\/eltrabajo.cl\/portal\/wp-json\/wp\/v2\/media?parent=102155"}],"wp:term":[{"taxonomy":"category","embeddable":true,"href":"https:\/\/eltrabajo.cl\/portal\/wp-json\/wp\/v2\/categories?post=102155"},{"taxonomy":"post_tag","embeddable":true,"href":"https:\/\/eltrabajo.cl\/portal\/wp-json\/wp\/v2\/tags?post=102155"}],"curies":[{"name":"wp","href":"https:\/\/api.w.org\/{rel}","templated":true}]}}