{"id":102158,"date":"2020-08-18T07:50:17","date_gmt":"2020-08-18T11:50:17","guid":{"rendered":"https:\/\/www.eltrabajo.cl\/portal\/?p=102158"},"modified":"2020-08-17T21:25:23","modified_gmt":"2020-08-18T01:25:23","slug":"alcalde-patricio-freire-reconoce-que-fue-mal-asesorado-por-su-equipo-juridico","status":"publish","type":"post","link":"https:\/\/eltrabajo.cl\/portal\/alcalde-patricio-freire-reconoce-que-fue-mal-asesorado-por-su-equipo-juridico\/","title":{"rendered":"Alcalde Patricio Freire reconoce que fue mal asesorado por su equipo jur\u00eddico"},"content":{"rendered":"<ul>\n<li style=\"text-align: left;\"><strong>El suspendido edil no descarta realizar un \u2018cambio de gabinete\u2019 en caso de recuperar su cargo tras la apelaci\u00f3n que presentar\u00e1 hoy al Tricel.<\/strong><\/li>\n<\/ul>\n<p style=\"text-align: justify;\">Ha sido la primera entrevista que ha dado a un medio local, en este caso a Radio Aconcagua, el alcalde <strong>Patricio Freire Canto<\/strong>, hoy removido de su cargo por un fallo del TER (Tribunal Electoral Regional) que adem\u00e1s lo inhabilita por 5 a\u00f1os a ejercer alg\u00fan cargo p\u00fablico.<\/p>\n<p style=\"text-align: justify;\">Al iniciar la conversaci\u00f3n de inmediato hace un mea culpa sobre la situaci\u00f3n que est\u00e1 viviendo. Se\u00f1ala que en este proceso tiene a los mejores abogados que hay en Chile en derecho, y espera que hoy, pese a tener plazo hasta el jueves, poder entregar la apelaci\u00f3n ante el Tricel. No sin antes en la conversaci\u00f3n hacer un mea culpa:<\/p>\n<p style=\"text-align: justify;\">\u00ab<em>Yo hago un mea culpa porque no se entregaron todos los informes que correspond\u00edan, y eso seg\u00fan los abogados que en derecho son los mejores que hay en Chile,\u00a0 les dije que no\u2026\u00a0 no se entreg\u00f3 toda la informaci\u00f3n, y hoy d\u00eda se van a hacer los descargos, tenemos plazo hasta el jueves pero ya ma\u00f1ana (hoy) dejan todo presentado. Creo que vamos a salir s\u00faper bien, a uno le extra\u00f1a mucho, pero esto es reiterativo\u2026 es reiterativo porque han entrado al juego sucio que yo no esperaba. Siempre pens\u00e9 que pod\u00eda tener alguna dificultad con alg\u00fan concejal\u2026 yo creo que no tengo problemas con ning\u00fan concejal, pero hoy s\u00ed, es la forma de llegar a la alcald\u00eda destruyendo imagen, porque detr\u00e1s de un micr\u00f3fono se pueden decir mil cosas, denostar a la persona\u2026 destruirla, destruir familias, destruir todo. En San Felipe nos conocemos todos, sabemos los valores que tenemos como seres humanos, la gente nos conoce de a\u00f1os. Yo no hice campa\u00f1a cuando sal\u00ed porque mi campa\u00f1a fue de tres meses la primera vez, nunca me imagin\u00e9 que la gente iba a tener confianza en m\u00ed, que iba a votar y felizmente sucedi\u00f3 que sal\u00ed alcalde la primera vez y he hecho bien las cosas\u00bb,<\/em> reflexiona\u00a0 Patricio Freire.<\/p>\n<p style=\"text-align: justify;\">\n<p style=\"text-align: left;\"><span style=\"color: #c81400;\"><strong>VOTACI\u00d3N PARA ESTACIONAMIENTOS<\/strong><\/span><\/p>\n<p style=\"text-align: justify;\">&#8211; <strong>Usted plante\u00f3 que respecto a los estacionamientos no hab\u00eda sido bien asesorado jur\u00eddicamente, lo mismo con la situaci\u00f3n del administrador Patricio Gonz\u00e1lez, tambi\u00e9n la falta de presentaci\u00f3n de antecedentes al TER. \u00bfAh\u00ed hay un problema definitivamente, que no est\u00e1 funcionando como necesita el alcalde de San Felipe?<\/strong><\/p>\n<p style=\"text-align: justify;\">&#8211; Faltaron antecedentes\u2026 bueno creo que son temas que hay que analizarlos, yo coincido con ellos e incluso en la votaci\u00f3n que yo no deb\u00eda haber votado, deb\u00eda estar antes de entrar al concejo: <em>\u00abEsta votaci\u00f3n a usted no le corresponde votar es decir no le corresponde\u00bb,<\/em> mi voto no ten\u00eda ninguna incidencia, la votaci\u00f3n no la cambiaba, todo lo contrario, fue un\u00e1nime y mi voto no ten\u00eda mayor trascendencia, entonces son temas.<\/p>\n<p style=\"text-align: justify;\">\n<p style=\"text-align: left;\"><span style=\"color: #c81400;\"><strong>DESTITUCI\u00d3N DEL ADMINISTRADOR MUNICIPAL ES EL TEMA M\u00c1S IMPORTANTE<\/strong><\/span><\/p>\n<p style=\"text-align: justify;\">En esa misma l\u00ednea y siguiendo con la conversaci\u00f3n, Freire reconoci\u00f3 que el tema m\u00e1s importante de toda la acusaci\u00f3n dice relaci\u00f3n con la destituci\u00f3n del administrador municipal <strong>Patricio Gonz\u00e1lez<\/strong>. En esta parte el alcalde Patricio Freire Canto indica\u00a0 que si a \u00e9l le hubiera llegado una orden de la Contralor\u00eda, <em>\u00abque me dice a m\u00ed: \u2018no, el alcalde no puede votar este tema y destit\u00fayase al administrador\u2019, yo pido la renuncia al administrador y este tema estar\u00eda aclarado. Felizmente aqu\u00ed no hay dolo, no hay corrupci\u00f3n, no hay nada, nada, nada, porque he escuchado que se ha hablado de corrupci\u00f3n en el municipio de San Felipe, personas que tienen harto que desear en la ciudad donde todos nos conocemos, hay un maltrato incluso hacia mi persona, hacia mi familia, es decir no corresponde\u00bb,<\/em> indica.<\/p>\n<p style=\"text-align: justify;\">\n<p style=\"text-align: left;\"><strong><span style=\"color: #c81400;\">PRESENTACI\u00d3N DE RECURSOS<\/span> <\/strong><\/p>\n<p style=\"text-align: justify;\">En la conversaci\u00f3n con la emisora dijo que se va a presentar un recurso de reposici\u00f3n al TER, donde van a llevar documentos que fueron ingresados, entre ellos el pronunciamiento de la Contralor\u00eda para probar que \u00e9l no se ve beneficiado con la aprobaci\u00f3n de la ordenanza autorizando estacionamientos; <em>\u00abpara nada, todo lo contrario, yo estoy beneficiando a terceros al votar a favor de esa ordenanza, estoy beneficiando que otras personas se pongan con estacionamientos\u00bb,<\/em> manifiesta.<\/p>\n<p style=\"text-align: justify;\">\n<p style=\"text-align: left;\"><span style=\"color: #c81400;\"><strong>ASESORES HAN PERJUDICADO SU IMAGEN<\/strong><\/span><\/p>\n<p style=\"text-align: justify;\">Consultado si sus asesores han perjudicado su imagen, dijo que cuando se tiene un equipo, se hacen proyectos y son positivos, porque <em>\u00abuno trabaja con estos asesores, salen proyectos de ciudad y yo s\u00e9 que un contrato mal hecho en la parte jur\u00eddica es sumamente grave, y eso han trabajado, han trabajado bien en el desarrollo de esas defensas jur\u00eddicas, me refiero ante los proyectos, porque todo lo que se hace, aunque sea la pavimentaci\u00f3n m\u00e1s chica, tiene que ir a jur\u00eddico con una relaci\u00f3n y se tiene que firmar en la notar\u00eda, que en las partes sea beneficiado el municipio no la contraparte, y eso es lo que uno siempre realiza en la parte jur\u00eddica, salga la municipalidad beneficiada en cualquier escrito que salga de la oficina de jur\u00eddica. Tambi\u00e9n a lo que se refiere a planificaci\u00f3n, y son puestos de confianza, ah\u00ed tambi\u00e9n son grandes proyectos de ciudad y en el cual yo estoy \u2018cateteando\u2019: \u2018Oye, \u00bfqu\u00e9 pasa?\u2019, ustedes son tantos, son seis o son cinco,\u00a0 \u00bfy qu\u00e9 proyecto sali\u00f3 este mes?, \u00bfcu\u00e1ntos proyectos salieron este semestre o trimestre?, pero por favor apur\u00e9monos\u2019. Y eso uno est\u00e1 \u2018chicoteando\u2019 el tema: \u2018Oye, \u00bfpor qu\u00e9 se demora tanto en salir el tema de por decir de las juntas de vecinos de La Troya?, quieren una sede comunitaria, \u00bfpor qu\u00e9 no sale?, \u00bfqu\u00e9 pas\u00f3?\u2019. \u2018No, es que se enred\u00f3 porque ah\u00ed funciona un jard\u00edn infantil y vamos a tenerles que hacer ba\u00f1os para los ni\u00f1os chicos\u2019, es decir ya, pero \u00bfcu\u00e1ndo sale?, y son 14 sedes comunitarias nuevas, si hasta La Santita que esper\u00f3 40 a\u00f1os hoy d\u00eda es una linda sede comunitaria junto con una multi cancha nueva. Hoy d\u00eda son temas y que est\u00e1n detr\u00e1s todos esos equipos, y creo que siempre es bueno que cuando uno lo est\u00e1 haciendo bien, a veces mantener los equipos, y si lo est\u00e1n haciendo mal, tiene que hacer cambios\u00bb,<\/em> manifest\u00f3 Freire.<\/p>\n<p style=\"text-align: justify;\">Se le pregunt\u00f3 si debido a toda esta situaci\u00f3n que est\u00e1 viviendo, se producir\u00eda alg\u00fan <strong>\u2018cambio de gabinete\u2019<\/strong>, es decir en su grupo de asesores m\u00e1s cercanos, se\u00f1al\u00f3 textual: <em>\u00abA lo mejor el cambio s\u00ed, yo creo que el cambio de gabinete\u2026 esperemos cuando salga la resoluci\u00f3n del Tribunal Electoral, a lo mejor antes que yo asuma\u2026 a lo mejor podemos ver cambio de gabinete\u00bb,<\/em> se\u00f1al\u00f3 Freire.<\/p>\n<p style=\"text-align: justify;\">Al finalizar reconoce que se ha puesto en el escenario que pierda. Al respecto manifest\u00f3 lo siguiente: <em>\u00abYo no soy una persona que trabajo en el mundo p\u00fablico, si me inhabilitan por cinco a\u00f1os o en un puesto que no pueda asumir puestos p\u00fablicos, a m\u00ed me deja totalmente tranquilo, no tengo mayormente alguna visi\u00f3n en relaci\u00f3n a eso\u00bb,<\/em> manifest\u00f3.<\/p>\n<p style=\"text-align: justify;\">Importante recordar que el alcalde Patricio Frere Canto fue notificado de su remoci\u00f3n el d\u00eda jueves 13 de agosto en horas de la tarde.<\/p>\n<figure id=\"attachment_102159\" aria-describedby=\"caption-attachment-102159\" style=\"width: 580px\" class=\"wp-caption alignnone\"><img data-recalc-dims=\"1\" loading=\"lazy\" decoding=\"async\" class=\"size-full wp-image-102159\" src=\"https:\/\/i0.wp.com\/eltrabajo.cl\/portal\/wp-content\/uploads\/2020\/08\/Patricio-Freire-1.jpg?resize=580%2C557&#038;ssl=1\" alt=\"Patricio Freire Canto no descarta realizar un \u2018cambio de gabinete\u2019 si la apelaci\u00f3n le resulta favorable y recupera su cargo.\" width=\"580\" height=\"557\" srcset=\"https:\/\/i0.wp.com\/eltrabajo.cl\/portal\/wp-content\/uploads\/2020\/08\/Patricio-Freire-1.jpg?w=580&amp;ssl=1 580w, https:\/\/i0.wp.com\/eltrabajo.cl\/portal\/wp-content\/uploads\/2020\/08\/Patricio-Freire-1.jpg?resize=300%2C288&amp;ssl=1 300w, https:\/\/i0.wp.com\/eltrabajo.cl\/portal\/wp-content\/uploads\/2020\/08\/Patricio-Freire-1.jpg?resize=156%2C150&amp;ssl=1 156w\" sizes=\"auto, (max-width: 580px) 100vw, 580px\" \/><figcaption id=\"caption-attachment-102159\" class=\"wp-caption-text\">Patricio Freire Canto no descarta realizar un \u2018cambio de gabinete\u2019 si la apelaci\u00f3n le resulta favorable y recupera su cargo.<\/figcaption><\/figure>\n","protected":false},"excerpt":{"rendered":"<p>El suspendido edil no descarta realizar un \u2018cambio de gabinete\u2019 en caso de recuperar su cargo tras la apelaci\u00f3n que presentar\u00e1 hoy al Tricel. Ha sido la primera entrevista que ha dado&#8230;<\/p>\n","protected":false},"author":482,"featured_media":102159,"comment_status":"closed","ping_status":"open","sticky":false,"template":"","format":"standard","meta":{"advanced_seo_description":"","jetpack_seo_html_title":"","jetpack_seo_noindex":false,"_jetpack_memberships_contains_paid_content":false,"footnotes":""},"categories":[16],"tags":[],"class_list":["post-102158","post","type-post","status-publish","format-standard","has-post-thumbnail","hentry","category-politica"],"jetpack_featured_media_url":"https:\/\/i0.wp.com\/eltrabajo.cl\/portal\/wp-content\/uploads\/2020\/08\/Patricio-Freire-1.jpg?fit=580%2C557&ssl=1","jetpack_sharing_enabled":true,"jetpack_likes_enabled":true,"jetpack-related-posts":[],"_links":{"self":[{"href":"https:\/\/eltrabajo.cl\/portal\/wp-json\/wp\/v2\/posts\/102158","targetHints":{"allow":["GET"]}}],"collection":[{"href":"https:\/\/eltrabajo.cl\/portal\/wp-json\/wp\/v2\/posts"}],"about":[{"href":"https:\/\/eltrabajo.cl\/portal\/wp-json\/wp\/v2\/types\/post"}],"author":[{"embeddable":true,"href":"https:\/\/eltrabajo.cl\/portal\/wp-json\/wp\/v2\/users\/482"}],"replies":[{"embeddable":true,"href":"https:\/\/eltrabajo.cl\/portal\/wp-json\/wp\/v2\/comments?post=102158"}],"version-history":[{"count":0,"href":"https:\/\/eltrabajo.cl\/portal\/wp-json\/wp\/v2\/posts\/102158\/revisions"}],"wp:featuredmedia":[{"embeddable":true,"href":"https:\/\/eltrabajo.cl\/portal\/wp-json\/wp\/v2\/media\/102159"}],"wp:attachment":[{"href":"https:\/\/eltrabajo.cl\/portal\/wp-json\/wp\/v2\/media?parent=102158"}],"wp:term":[{"taxonomy":"category","embeddable":true,"href":"https:\/\/eltrabajo.cl\/portal\/wp-json\/wp\/v2\/categories?post=102158"},{"taxonomy":"post_tag","embeddable":true,"href":"https:\/\/eltrabajo.cl\/portal\/wp-json\/wp\/v2\/tags?post=102158"}],"curies":[{"name":"wp","href":"https:\/\/api.w.org\/{rel}","templated":true}]}}