{"id":102161,"date":"2020-08-18T07:55:23","date_gmt":"2020-08-18T11:55:23","guid":{"rendered":"https:\/\/www.eltrabajo.cl\/portal\/?p=102161"},"modified":"2020-08-17T21:32:03","modified_gmt":"2020-08-18T01:32:03","slug":"grave-en-hospital-quedo-conductor-tras-estrellarse-contra-camion-en-tocornal","status":"publish","type":"post","link":"https:\/\/eltrabajo.cl\/portal\/grave-en-hospital-quedo-conductor-tras-estrellarse-contra-camion-en-tocornal\/","title":{"rendered":"Grave en hospital qued\u00f3 conductor tras estrellarse contra cami\u00f3n en Tocornal"},"content":{"rendered":"<p style=\"text-align: left;\"><span style=\"color: #c81400;\"><strong>Fue rescatado por vecinos de entre los fierros retorcidos:<\/strong><\/span><\/p>\n<p style=\"text-align: justify;\">Una persona result\u00f3 herida de gravedad, con m\u00faltiples fracturas en su cadera y extremidades, tras protagonizar una colisi\u00f3n automovil\u00edstica de alta energ\u00eda la ma\u00f1ana de este lunes en el paradero 14 del camino Tocornal, sector Los Pinos, junto a la salida de callej\u00f3n Las Mar\u00edas.<\/p>\n<p style=\"text-align: justify;\">El hecho se registr\u00f3 alrededor de las 11:20 horas, donde se vieron\u00a0 involucrados un cami\u00f3n JAC patente FB VZ 24 y un autom\u00f3vil Volkswagen patente KV JX 60.<\/p>\n<p style=\"text-align: justify;\">Como resultado del violento impacto result\u00f3 gravemente herido el conductor del Volkswagen color plomo, de iniciales <strong>F.C.C.<\/strong>, de aproximadamente 35 a\u00f1os de edad y con domicilio en San Esteban, mientras que quien conduc\u00eda el veh\u00edculo de carga, <strong>V\u00edctor Ahumada<\/strong>, sali\u00f3 del cami\u00f3n por sus propios medios, pero con fuertes golpes en sus hombros y cuello.<\/p>\n<p style=\"text-align: justify;\"><strong>Diario El Trabajo<\/strong> habl\u00f3 con Ahumada para conocer su versi\u00f3n de los hechos, quien se\u00f1al\u00f3 que \u00e9l <em>\u00abven\u00eda de Santa Mar\u00eda por Tocornal, se\u00f1alic\u00e9 mi cami\u00f3n para entrar al callej\u00f3n Las Mar\u00edas, en eso el veh\u00edculo menor ven\u00eda a toda velocidad adelantando autos, y al doblar yo este conductor me adelant\u00f3, o intent\u00f3 hacerlo, me impact\u00f3 con toda potencia y qued\u00f3 debajo de mi cami\u00f3n. Ese conductor ven\u00eda al menos a 140 kil\u00f3metros por hora<\/em>\u00bb, mencion\u00f3 el conductor del cami\u00f3n.<\/p>\n<p style=\"text-align: justify;\">Seg\u00fan se supo, al momento del impacto el auto menor empez\u00f3 a echar humo y sufri\u00f3 un amago de incendio, mientras que los vecinos lograron extraer del interior de los fierros retorcidos del auto a su conductor, el cual se encontraba consciente y se quejaba de muchos dolores en distintas partes del cuerpo, mientras que otros vecinos apagaban las llamas con extintores.<\/p>\n<p style=\"text-align: justify;\"><span style=\"color: #c81400;\"><strong>YA EN TRAUMATOLOG\u00cdA<\/strong><\/span><\/p>\n<p style=\"text-align: justify;\">A cargo de la unidad del SAMU estuvo el param\u00e9dico <strong>Miguel Gald\u00e1mez<\/strong>, quien tras estabilizar a su paciente lo traslad\u00f3 grave a Traumatolog\u00eda del Hospital de Los Andes. Nuestro medio tambi\u00e9n habl\u00f3 con el relacionador p\u00fablico del Cuerpo de Bomberos de Santa Mar\u00eda, <strong>Diego Arancibia<\/strong>.<\/p>\n<p style=\"text-align: justify;\">\u00ab<em>Este lunes, minutos antes del mediod\u00eda, se registr\u00f3 un accidente vehicular en el paradero 14 camino Tocornal. En el mismo un auto menor qued\u00f3 debajo de un cami\u00f3n mediano. El conductor del auto menor result\u00f3 con fracturas y cortes en su cuerpo. A la llegada de Bomberos el conductor estaba fuera de su veh\u00edculo, ya que el mismo se estaba incendiando, pero fue apagado con los extintores de algunos conductores presentes en el lugar. Varios bomberos trabajaron junto con personal del SAMU y fue luego trasladado a un centro asistencial. El conductor del cami\u00f3n no requiri\u00f3 ser trasladado a ning\u00fan hospital<\/em>\u00bb, dijo el funcionario. Trabajaron en el lugar las unidades bomberiles RB1 y RX2 al mando de <strong>Eduardo Gonz\u00e1lez<\/strong> de la Tercera Compa\u00f1\u00eda.<\/p>\n<p style=\"text-align: justify;\"><strong>Roberto Gonz\u00e1lez Short<\/strong><\/p>\n<figure id=\"attachment_102162\" aria-describedby=\"caption-attachment-102162\" style=\"width: 578px\" class=\"wp-caption alignnone\"><img data-recalc-dims=\"1\" loading=\"lazy\" decoding=\"async\" class=\"size-full wp-image-102162\" src=\"https:\/\/i0.wp.com\/eltrabajo.cl\/portal\/wp-content\/uploads\/2020\/08\/Choque1-portada.jpg?resize=578%2C362&#038;ssl=1\" alt=\"EN INVESTIGACI\u00d3N.- Incrustado debajo del cami\u00f3n qued\u00f3 el Volkswagen patente KV JX 60, luego que, seg\u00fan la versi\u00f3n del conductor del cami\u00f3n, intentara adelantarlo.\" width=\"578\" height=\"362\" srcset=\"https:\/\/i0.wp.com\/eltrabajo.cl\/portal\/wp-content\/uploads\/2020\/08\/Choque1-portada.jpg?w=578&amp;ssl=1 578w, https:\/\/i0.wp.com\/eltrabajo.cl\/portal\/wp-content\/uploads\/2020\/08\/Choque1-portada.jpg?resize=300%2C188&amp;ssl=1 300w, https:\/\/i0.wp.com\/eltrabajo.cl\/portal\/wp-content\/uploads\/2020\/08\/Choque1-portada.jpg?resize=200%2C125&amp;ssl=1 200w\" sizes=\"auto, (max-width: 578px) 100vw, 578px\" \/><figcaption id=\"caption-attachment-102162\" class=\"wp-caption-text\">EN INVESTIGACI\u00d3N.- Incrustado debajo del cami\u00f3n qued\u00f3 el Volkswagen patente KV JX 60, luego que, seg\u00fan la versi\u00f3n del conductor del cami\u00f3n, intentara adelantarlo.<\/figcaption><\/figure>\n<figure id=\"attachment_102163\" aria-describedby=\"caption-attachment-102163\" style=\"width: 578px\" class=\"wp-caption alignnone\"><img data-recalc-dims=\"1\" loading=\"lazy\" decoding=\"async\" class=\"size-full wp-image-102163\" src=\"https:\/\/i0.wp.com\/eltrabajo.cl\/portal\/wp-content\/uploads\/2020\/08\/choque1a.jpg?resize=578%2C386&#038;ssl=1\" alt=\"EN INVESTIGACI\u00d3N.- Incrustado debajo del cami\u00f3n qued\u00f3 el Volkswagen patente KV JX 60, luego que, seg\u00fan la versi\u00f3n del conductor del cami\u00f3n, intentara adelantarlo.\" width=\"578\" height=\"386\" srcset=\"https:\/\/i0.wp.com\/eltrabajo.cl\/portal\/wp-content\/uploads\/2020\/08\/choque1a.jpg?w=578&amp;ssl=1 578w, https:\/\/i0.wp.com\/eltrabajo.cl\/portal\/wp-content\/uploads\/2020\/08\/choque1a.jpg?resize=300%2C200&amp;ssl=1 300w, https:\/\/i0.wp.com\/eltrabajo.cl\/portal\/wp-content\/uploads\/2020\/08\/choque1a.jpg?resize=200%2C134&amp;ssl=1 200w\" sizes=\"auto, (max-width: 578px) 100vw, 578px\" \/><figcaption id=\"caption-attachment-102163\" class=\"wp-caption-text\">EN INVESTIGACI\u00d3N.- Incrustado debajo del cami\u00f3n qued\u00f3 el Volkswagen patente KV JX 60, luego que, seg\u00fan la versi\u00f3n del conductor del cami\u00f3n, intentara adelantarlo.<\/figcaption><\/figure>\n<figure id=\"attachment_102164\" aria-describedby=\"caption-attachment-102164\" style=\"width: 578px\" class=\"wp-caption alignnone\"><img data-recalc-dims=\"1\" loading=\"lazy\" decoding=\"async\" class=\"size-full wp-image-102164\" src=\"https:\/\/i0.wp.com\/eltrabajo.cl\/portal\/wp-content\/uploads\/2020\/08\/Choque2-1.jpg?resize=578%2C356&#038;ssl=1\" alt=\"SAMU EN ACCI\u00d3N.- El param\u00e9dico del SAMU, Miguel Gald\u00e1mez, estabiliz\u00f3 a su paciente y lo traslad\u00f3 grave a Traumatolog\u00eda del Hospital de Los Andes.\" width=\"578\" height=\"356\" srcset=\"https:\/\/i0.wp.com\/eltrabajo.cl\/portal\/wp-content\/uploads\/2020\/08\/Choque2-1.jpg?w=578&amp;ssl=1 578w, https:\/\/i0.wp.com\/eltrabajo.cl\/portal\/wp-content\/uploads\/2020\/08\/Choque2-1.jpg?resize=300%2C185&amp;ssl=1 300w, https:\/\/i0.wp.com\/eltrabajo.cl\/portal\/wp-content\/uploads\/2020\/08\/Choque2-1.jpg?resize=200%2C123&amp;ssl=1 200w\" sizes=\"auto, (max-width: 578px) 100vw, 578px\" \/><figcaption id=\"caption-attachment-102164\" class=\"wp-caption-text\">SAMU EN ACCI\u00d3N.- El param\u00e9dico del SAMU, Miguel Gald\u00e1mez, estabiliz\u00f3 a su paciente y lo traslad\u00f3 grave a Traumatolog\u00eda del Hospital de Los Andes.<\/figcaption><\/figure>\n<figure id=\"attachment_102165\" aria-describedby=\"caption-attachment-102165\" style=\"width: 579px\" class=\"wp-caption alignnone\"><img data-recalc-dims=\"1\" loading=\"lazy\" decoding=\"async\" class=\"size-full wp-image-102165\" src=\"https:\/\/i0.wp.com\/eltrabajo.cl\/portal\/wp-content\/uploads\/2020\/08\/Choque3-1.jpg?resize=579%2C357&#038;ssl=1\" alt=\"SACADO DEL CAMINO.- Tras ser impactado, el cami\u00f3n termin\u00f3 chocando contra un pared\u00f3n al lado de la carretera.\" width=\"579\" height=\"357\" srcset=\"https:\/\/i0.wp.com\/eltrabajo.cl\/portal\/wp-content\/uploads\/2020\/08\/Choque3-1.jpg?w=579&amp;ssl=1 579w, https:\/\/i0.wp.com\/eltrabajo.cl\/portal\/wp-content\/uploads\/2020\/08\/Choque3-1.jpg?resize=300%2C185&amp;ssl=1 300w, https:\/\/i0.wp.com\/eltrabajo.cl\/portal\/wp-content\/uploads\/2020\/08\/Choque3-1.jpg?resize=200%2C123&amp;ssl=1 200w\" sizes=\"auto, (max-width: 579px) 100vw, 579px\" \/><figcaption id=\"caption-attachment-102165\" class=\"wp-caption-text\">SACADO DEL CAMINO.- Tras ser impactado, el cami\u00f3n termin\u00f3 chocando contra un pared\u00f3n al lado de la carretera.<\/figcaption><\/figure>\n<figure id=\"attachment_102166\" aria-describedby=\"caption-attachment-102166\" style=\"width: 579px\" class=\"wp-caption alignnone\"><img data-recalc-dims=\"1\" loading=\"lazy\" decoding=\"async\" class=\"size-full wp-image-102166\" src=\"https:\/\/i0.wp.com\/eltrabajo.cl\/portal\/wp-content\/uploads\/2020\/08\/Choque4.jpg?resize=579%2C751&#038;ssl=1\" alt=\"POR POCO EXPLOTA.- En la casa esquinera donde qued\u00f3 prensado el auto menor, los chorros de aceite del veh\u00edculo corrieron por la propiedad.\" width=\"579\" height=\"751\" srcset=\"https:\/\/i0.wp.com\/eltrabajo.cl\/portal\/wp-content\/uploads\/2020\/08\/Choque4.jpg?w=579&amp;ssl=1 579w, https:\/\/i0.wp.com\/eltrabajo.cl\/portal\/wp-content\/uploads\/2020\/08\/Choque4.jpg?resize=231%2C300&amp;ssl=1 231w, https:\/\/i0.wp.com\/eltrabajo.cl\/portal\/wp-content\/uploads\/2020\/08\/Choque4.jpg?resize=116%2C150&amp;ssl=1 116w\" sizes=\"auto, (max-width: 579px) 100vw, 579px\" \/><figcaption id=\"caption-attachment-102166\" class=\"wp-caption-text\">POR POCO EXPLOTA.- En la casa esquinera donde qued\u00f3 prensado el auto menor, los chorros de aceite del veh\u00edculo corrieron por la propiedad.<\/figcaption><\/figure>\n<figure id=\"attachment_102167\" aria-describedby=\"caption-attachment-102167\" style=\"width: 580px\" class=\"wp-caption alignnone\"><img data-recalc-dims=\"1\" loading=\"lazy\" decoding=\"async\" class=\"size-full wp-image-102167\" src=\"https:\/\/i0.wp.com\/eltrabajo.cl\/portal\/wp-content\/uploads\/2020\/08\/Choque_Diego-Arancibia.jpg?resize=580%2C513&#038;ssl=1\" alt=\"Relacionador p\u00fablico del Cuerpo de Bomberos de Santa Mar\u00eda, Diego Arancibia.\" width=\"580\" height=\"513\" srcset=\"https:\/\/i0.wp.com\/eltrabajo.cl\/portal\/wp-content\/uploads\/2020\/08\/Choque_Diego-Arancibia.jpg?w=580&amp;ssl=1 580w, https:\/\/i0.wp.com\/eltrabajo.cl\/portal\/wp-content\/uploads\/2020\/08\/Choque_Diego-Arancibia.jpg?resize=300%2C265&amp;ssl=1 300w, https:\/\/i0.wp.com\/eltrabajo.cl\/portal\/wp-content\/uploads\/2020\/08\/Choque_Diego-Arancibia.jpg?resize=170%2C150&amp;ssl=1 170w\" sizes=\"auto, (max-width: 580px) 100vw, 580px\" \/><figcaption id=\"caption-attachment-102167\" class=\"wp-caption-text\">Relacionador p\u00fablico del Cuerpo de Bomberos de Santa Mar\u00eda, Diego Arancibia.<\/figcaption><\/figure>\n<figure id=\"attachment_102168\" aria-describedby=\"caption-attachment-102168\" style=\"width: 580px\" class=\"wp-caption alignnone\"><img data-recalc-dims=\"1\" loading=\"lazy\" decoding=\"async\" class=\"size-full wp-image-102168\" src=\"https:\/\/i0.wp.com\/eltrabajo.cl\/portal\/wp-content\/uploads\/2020\/08\/Choque_Victor-Ahumada.jpg?resize=580%2C533&#038;ssl=1\" alt=\"V\u00edctor Ahumada, sobrevivi\u00f3 a la violenta colisi\u00f3n s\u00f3lo con golpes.\" width=\"580\" height=\"533\" srcset=\"https:\/\/i0.wp.com\/eltrabajo.cl\/portal\/wp-content\/uploads\/2020\/08\/Choque_Victor-Ahumada.jpg?w=580&amp;ssl=1 580w, https:\/\/i0.wp.com\/eltrabajo.cl\/portal\/wp-content\/uploads\/2020\/08\/Choque_Victor-Ahumada.jpg?resize=300%2C276&amp;ssl=1 300w, https:\/\/i0.wp.com\/eltrabajo.cl\/portal\/wp-content\/uploads\/2020\/08\/Choque_Victor-Ahumada.jpg?resize=163%2C150&amp;ssl=1 163w\" sizes=\"auto, (max-width: 580px) 100vw, 580px\" \/><figcaption id=\"caption-attachment-102168\" class=\"wp-caption-text\">V\u00edctor Ahumada, sobrevivi\u00f3 a la violenta colisi\u00f3n s\u00f3lo con golpes.<\/figcaption><\/figure>\n","protected":false},"excerpt":{"rendered":"<p>Fue rescatado por vecinos de entre los fierros retorcidos: Una persona result\u00f3 herida de gravedad, con m\u00faltiples fracturas en su cadera y extremidades, tras protagonizar una colisi\u00f3n automovil\u00edstica de alta energ\u00eda la&#8230;<\/p>\n","protected":false},"author":482,"featured_media":102162,"comment_status":"closed","ping_status":"open","sticky":false,"template":"","format":"standard","meta":{"advanced_seo_description":"","jetpack_seo_html_title":"","jetpack_seo_noindex":false,"_jetpack_memberships_contains_paid_content":false,"footnotes":""},"categories":[21],"tags":[],"class_list":["post-102161","post","type-post","status-publish","format-standard","has-post-thumbnail","hentry","category-policial"],"jetpack_featured_media_url":"https:\/\/i0.wp.com\/eltrabajo.cl\/portal\/wp-content\/uploads\/2020\/08\/Choque1-portada.jpg?fit=578%2C362&ssl=1","jetpack_sharing_enabled":true,"jetpack_likes_enabled":true,"jetpack-related-posts":[],"_links":{"self":[{"href":"https:\/\/eltrabajo.cl\/portal\/wp-json\/wp\/v2\/posts\/102161","targetHints":{"allow":["GET"]}}],"collection":[{"href":"https:\/\/eltrabajo.cl\/portal\/wp-json\/wp\/v2\/posts"}],"about":[{"href":"https:\/\/eltrabajo.cl\/portal\/wp-json\/wp\/v2\/types\/post"}],"author":[{"embeddable":true,"href":"https:\/\/eltrabajo.cl\/portal\/wp-json\/wp\/v2\/users\/482"}],"replies":[{"embeddable":true,"href":"https:\/\/eltrabajo.cl\/portal\/wp-json\/wp\/v2\/comments?post=102161"}],"version-history":[{"count":0,"href":"https:\/\/eltrabajo.cl\/portal\/wp-json\/wp\/v2\/posts\/102161\/revisions"}],"wp:featuredmedia":[{"embeddable":true,"href":"https:\/\/eltrabajo.cl\/portal\/wp-json\/wp\/v2\/media\/102162"}],"wp:attachment":[{"href":"https:\/\/eltrabajo.cl\/portal\/wp-json\/wp\/v2\/media?parent=102161"}],"wp:term":[{"taxonomy":"category","embeddable":true,"href":"https:\/\/eltrabajo.cl\/portal\/wp-json\/wp\/v2\/categories?post=102161"},{"taxonomy":"post_tag","embeddable":true,"href":"https:\/\/eltrabajo.cl\/portal\/wp-json\/wp\/v2\/tags?post=102161"}],"curies":[{"name":"wp","href":"https:\/\/api.w.org\/{rel}","templated":true}]}}