{"id":102171,"date":"2020-08-18T08:00:19","date_gmt":"2020-08-18T12:00:19","guid":{"rendered":"https:\/\/www.eltrabajo.cl\/portal\/?p=102171"},"modified":"2020-08-17T21:37:43","modified_gmt":"2020-08-18T01:37:43","slug":"mujeres-de-santa-maria-en-pie-de-guerra-con-imputado-por-abusos-sexuales","status":"publish","type":"post","link":"https:\/\/eltrabajo.cl\/portal\/mujeres-de-santa-maria-en-pie-de-guerra-con-imputado-por-abusos-sexuales\/","title":{"rendered":"Mujeres de Santa Mar\u00eda en \u2018pie de guerra\u2019 con imputado por abusos sexuales"},"content":{"rendered":"<p style=\"text-align: left;\"><span style=\"color: #c81400;\"><strong>Est\u00e1 con arresto domiciliario total:<\/strong><\/span><\/p>\n<ul>\n<li style=\"text-align: left;\"><strong>Vecinas indignadas protagonizan marchas y manifestaciones exigiendo que vuelva a la c\u00e1rcel a cumplir prisi\u00f3n preventiva.<\/strong><\/li>\n<\/ul>\n<p style=\"text-align: justify;\">Al parecer las mujeres de Santa Mar\u00eda no van a parar hasta ver que el imputado por abuso sexual contra menores de 14 a\u00f1os, vuelva a la c\u00e1rcel a cumplir prisi\u00f3n preventiva mientras dure la investigaci\u00f3n.<\/p>\n<p style=\"text-align: justify;\">Recordar que fue la cuarta sala de la I. Corte de Apelaciones de Valpara\u00edso la que revoc\u00f3 la medida de primera instancia fallada por el Tribunal de Garant\u00eda de San Felipe, ordenando que el imputado cumpliera su arresto total en su domicilio ubicado en la misma comuna. Algo que molest\u00f3 a la comunidad, especialmente a las mujeres e incluso en su momento fue el propio alcalde <strong>Claudio Zurita Ibarra<\/strong> que pidi\u00f3 p\u00fablicamente que le fuera cambiado el lugar donde deb\u00eda cumplir su arresto domiciliario.<\/p>\n<p style=\"text-align: justify;\">Desde entonces que las mujeres no han dejado de manifestarse p\u00fablicamente a trav\u00e9s de marchas, juntas de firmas, etc.<\/p>\n<p style=\"text-align: justify;\"><strong>Naike Rojas Altamirano<\/strong>, docente y dirigente de <strong>Anamuri <\/strong>(Asociaci\u00f3n Nacional de Mujeres Rurales e ind\u00edgenas), una de las organizadoras de las manifestaciones, dijo a nuestro medio que continuaban firmes con las manifestaciones en contra del imputado por abuso sexual: <em>\u00abNuestro petitorio es claro y es que este individuo vuelva a la c\u00e1rcel para la tranquilidad de las menores que viven en dicha villa\u00bb,<\/em> se\u00f1ala.<\/p>\n<p style=\"text-align: justify;\">&#8211; <strong>\u00bfEs decir que salga de la casa y vuelva a la c\u00e1rcel?<\/strong><\/p>\n<p style=\"text-align: justify;\">&#8211; Exacto, porque \u00e9l no est\u00e1 cumpliendo con el arresto domiciliario y sale a la calle a burlarse y amenaza a los vecinos del lugar.<\/p>\n<p style=\"text-align: justify;\">&#8211; <strong>\u00bfSe reunieron con el concejo?<\/strong><\/p>\n<p style=\"text-align: justify;\">&#8211; Hasta el momento no hemos recibido la invitaci\u00f3n de la municipalidad para estar presentes en el concejo.<\/p>\n<p style=\"text-align: justify;\">El d\u00eda s\u00e1bado se manifestaron en la plaza de armas de la comuna de Santa Mar\u00eda, donde recopilaron firmas de los vecinos que apoyan su petitorio.<\/p>\n<p style=\"text-align: justify;\">La fiscal del caso, <strong>Paula Hott<\/strong>, se\u00f1al\u00f3 luego que se revocara la prisi\u00f3n preventiva, que aparecieron dos nuevas denuncias.<\/p>\n<p style=\"text-align: justify;\">Recordar que fue formalizado por tres denuncias de menores de 14 a\u00f1os por abuso sexual.<\/p>\n<p style=\"text-align: justify;\">El imputado fue identificado con las iniciales <strong>G.T.<\/strong> de 50 a\u00f1os.<\/p>\n<figure id=\"attachment_102175\" aria-describedby=\"caption-attachment-102175\" style=\"width: 579px\" class=\"wp-caption alignnone\"><img data-recalc-dims=\"1\" loading=\"lazy\" decoding=\"async\" class=\"size-full wp-image-102175\" src=\"https:\/\/i0.wp.com\/eltrabajo.cl\/portal\/wp-content\/uploads\/2020\/08\/Anamuri.jpg?resize=579%2C387&#038;ssl=1\" alt=\"Un grupo de mujeres manifest\u00e1ndose contra la medida de la Corte de Apelaciones que dej\u00f3 con arresto domiciliario al imputado de abuso sexual a menores de 14 a\u00f1os.\" width=\"579\" height=\"387\" \/><figcaption id=\"caption-attachment-102175\" class=\"wp-caption-text\">Un grupo de mujeres manifest\u00e1ndose contra la medida de la Corte de Apelaciones que dej\u00f3 con arresto domiciliario al imputado de abuso sexual a menores de 14 a\u00f1os.<\/figcaption><\/figure>\n<figure id=\"attachment_102173\" aria-describedby=\"caption-attachment-102173\" style=\"width: 580px\" class=\"wp-caption alignnone\"><img data-recalc-dims=\"1\" loading=\"lazy\" decoding=\"async\" class=\"size-full wp-image-102173\" src=\"https:\/\/i0.wp.com\/eltrabajo.cl\/portal\/wp-content\/uploads\/2020\/08\/Anamuri-4.jpg?resize=580%2C379&#038;ssl=1\" alt=\"Madres, junto a peque\u00f1os tambi\u00e9n manifest\u00e1ndose por la medida.\" width=\"580\" height=\"379\" srcset=\"https:\/\/i0.wp.com\/eltrabajo.cl\/portal\/wp-content\/uploads\/2020\/08\/Anamuri-4.jpg?w=580&amp;ssl=1 580w, https:\/\/i0.wp.com\/eltrabajo.cl\/portal\/wp-content\/uploads\/2020\/08\/Anamuri-4.jpg?resize=300%2C196&amp;ssl=1 300w, https:\/\/i0.wp.com\/eltrabajo.cl\/portal\/wp-content\/uploads\/2020\/08\/Anamuri-4.jpg?resize=200%2C131&amp;ssl=1 200w\" sizes=\"auto, (max-width: 580px) 100vw, 580px\" \/><figcaption id=\"caption-attachment-102173\" class=\"wp-caption-text\">Madres, junto a peque\u00f1os tambi\u00e9n manifest\u00e1ndose por la medida.<\/figcaption><\/figure>\n<figure id=\"attachment_102172\" aria-describedby=\"caption-attachment-102172\" style=\"width: 578px\" class=\"wp-caption alignnone\"><img data-recalc-dims=\"1\" loading=\"lazy\" decoding=\"async\" class=\"size-full wp-image-102172\" src=\"https:\/\/i0.wp.com\/eltrabajo.cl\/portal\/wp-content\/uploads\/2020\/08\/Anamuri-2.jpg?resize=578%2C298&#038;ssl=1\" alt=\"De noche y frente a la Municipalidad de Santa Mar\u00eda tambi\u00e9n se manifestaron.\" width=\"578\" height=\"298\" srcset=\"https:\/\/i0.wp.com\/eltrabajo.cl\/portal\/wp-content\/uploads\/2020\/08\/Anamuri-2.jpg?w=578&amp;ssl=1 578w, https:\/\/i0.wp.com\/eltrabajo.cl\/portal\/wp-content\/uploads\/2020\/08\/Anamuri-2.jpg?resize=300%2C155&amp;ssl=1 300w, https:\/\/i0.wp.com\/eltrabajo.cl\/portal\/wp-content\/uploads\/2020\/08\/Anamuri-2.jpg?resize=200%2C103&amp;ssl=1 200w\" sizes=\"auto, (max-width: 578px) 100vw, 578px\" \/><figcaption id=\"caption-attachment-102172\" class=\"wp-caption-text\">De noche y frente a la Municipalidad de Santa Mar\u00eda tambi\u00e9n se manifestaron.<\/figcaption><\/figure>\n<figure id=\"attachment_102174\" aria-describedby=\"caption-attachment-102174\" style=\"width: 579px\" class=\"wp-caption alignnone\"><img data-recalc-dims=\"1\" loading=\"lazy\" decoding=\"async\" class=\"size-full wp-image-102174\" src=\"https:\/\/i0.wp.com\/eltrabajo.cl\/portal\/wp-content\/uploads\/2020\/08\/Anamuri-cartell.jpg?resize=579%2C759&#038;ssl=1\" alt=\"Hasta un cartel \u2018funando\u2019 al imputado colocaron en la vivienda donde \u00e9ste se encuentra cumpliendo arresto domiciliario.\" width=\"579\" height=\"759\" srcset=\"https:\/\/i0.wp.com\/eltrabajo.cl\/portal\/wp-content\/uploads\/2020\/08\/Anamuri-cartell.jpg?w=579&amp;ssl=1 579w, https:\/\/i0.wp.com\/eltrabajo.cl\/portal\/wp-content\/uploads\/2020\/08\/Anamuri-cartell.jpg?resize=229%2C300&amp;ssl=1 229w, https:\/\/i0.wp.com\/eltrabajo.cl\/portal\/wp-content\/uploads\/2020\/08\/Anamuri-cartell.jpg?resize=114%2C150&amp;ssl=1 114w\" sizes=\"auto, (max-width: 579px) 100vw, 579px\" \/><figcaption id=\"caption-attachment-102174\" class=\"wp-caption-text\">Hasta un cartel \u2018funando\u2019 al imputado colocaron en la vivienda donde \u00e9ste se encuentra cumpliendo arresto domiciliario.<\/figcaption><\/figure>\n","protected":false},"excerpt":{"rendered":"<p>Est\u00e1 con arresto domiciliario total: Vecinas indignadas protagonizan marchas y manifestaciones exigiendo que vuelva a la c\u00e1rcel a cumplir prisi\u00f3n preventiva. Al parecer las mujeres de Santa Mar\u00eda no van a parar&#8230;<\/p>\n","protected":false},"author":482,"featured_media":102173,"comment_status":"closed","ping_status":"open","sticky":false,"template":"","format":"standard","meta":{"advanced_seo_description":"","jetpack_seo_html_title":"","jetpack_seo_noindex":false,"_jetpack_memberships_contains_paid_content":false,"footnotes":""},"categories":[15],"tags":[],"class_list":["post-102171","post","type-post","status-publish","format-standard","has-post-thumbnail","hentry","category-comunidad"],"jetpack_featured_media_url":"https:\/\/i0.wp.com\/eltrabajo.cl\/portal\/wp-content\/uploads\/2020\/08\/Anamuri-4.jpg?fit=580%2C379&ssl=1","jetpack_sharing_enabled":true,"jetpack_likes_enabled":true,"jetpack-related-posts":[],"_links":{"self":[{"href":"https:\/\/eltrabajo.cl\/portal\/wp-json\/wp\/v2\/posts\/102171","targetHints":{"allow":["GET"]}}],"collection":[{"href":"https:\/\/eltrabajo.cl\/portal\/wp-json\/wp\/v2\/posts"}],"about":[{"href":"https:\/\/eltrabajo.cl\/portal\/wp-json\/wp\/v2\/types\/post"}],"author":[{"embeddable":true,"href":"https:\/\/eltrabajo.cl\/portal\/wp-json\/wp\/v2\/users\/482"}],"replies":[{"embeddable":true,"href":"https:\/\/eltrabajo.cl\/portal\/wp-json\/wp\/v2\/comments?post=102171"}],"version-history":[{"count":0,"href":"https:\/\/eltrabajo.cl\/portal\/wp-json\/wp\/v2\/posts\/102171\/revisions"}],"wp:featuredmedia":[{"embeddable":true,"href":"https:\/\/eltrabajo.cl\/portal\/wp-json\/wp\/v2\/media\/102173"}],"wp:attachment":[{"href":"https:\/\/eltrabajo.cl\/portal\/wp-json\/wp\/v2\/media?parent=102171"}],"wp:term":[{"taxonomy":"category","embeddable":true,"href":"https:\/\/eltrabajo.cl\/portal\/wp-json\/wp\/v2\/categories?post=102171"},{"taxonomy":"post_tag","embeddable":true,"href":"https:\/\/eltrabajo.cl\/portal\/wp-json\/wp\/v2\/tags?post=102171"}],"curies":[{"name":"wp","href":"https:\/\/api.w.org\/{rel}","templated":true}]}}