{"id":102199,"date":"2020-08-19T07:30:04","date_gmt":"2020-08-19T11:30:04","guid":{"rendered":"https:\/\/www.eltrabajo.cl\/portal\/?p=102199"},"modified":"2020-08-18T21:40:01","modified_gmt":"2020-08-19T01:40:01","slug":"union-san-felipe-enfrentara-a-wanderers-en-segundo-amistoso-de-intertemporada","status":"publish","type":"post","link":"https:\/\/eltrabajo.cl\/portal\/union-san-felipe-enfrentara-a-wanderers-en-segundo-amistoso-de-intertemporada\/","title":{"rendered":"Uni\u00f3n San Felipe enfrentar\u00e1 a Wanderers en segundo amistoso de Intertemporada"},"content":{"rendered":"<p style=\"text-align: justify;\">Para hoy en el complejo de Santiago Wanderers en el sector de Mantagua, ante el conjunto caturro el Un\u00ed Un\u00ed tendr\u00e1 su segundo apronte antes del reinicio del torneo programado para fines del presente mes. <em>\u00abLa idea es que cada jugador vaya sumando m\u00e1s minutos, para que vayan adquiriendo mayor confianza y se vaya ganando en la puesta a punto futbol\u00edstica del equipo\u00bb,<\/em> explic\u00f3 el entrenador <strong>Erwin Dur\u00e1n<\/strong>.<\/p>\n<p style=\"text-align: justify;\">El estratego dio a <strong>El Trabajo Deportivo<\/strong> mayores alcances sobre\u00a0 el test al que ser\u00e1 sometido su escuadra durante la jornada de hoy. <em>\u00abSe nos present\u00f3 la oportunidad de jugar este partido y como necesitamos sumar minutos aceptamos de buena gana, m\u00e1s todav\u00eda si se trata de un buen equipo como lo es Santiago Wanderers. Iremos con la idea de hacer una buena pr\u00e1ctica que nos permita seguir avanzando. Por la contingencia (pandemia) que estamos pasando llevaremos un grupo m\u00e1s reducido de lo com\u00fan, por lo que ser\u00e1 un buen encuentro, adem\u00e1s que todos tendr\u00e1n la posibilidad de jugar\u00bb,<\/em> analiz\u00f3 el estratego.<\/p>\n<p style=\"text-align: justify;\">\n<p style=\"text-align: justify;\"><span style=\"color: #c81400;\"><strong>Positivo balance del amistoso con San Luis<\/strong><\/span><\/p>\n<p style=\"text-align: justify;\">Respecto al ensayo del viernes pasado frente a San Luis, el profesor Dur\u00e1n dijo:\u00a0 <em>\u00abEl equipo, principalmente el del primer tiempo, funcion\u00f3 de buena forma, y en este ensayo pudimos volver a retomar lo que se ven\u00eda haciendo. La idea futbol\u00edstica se mantuvo y se vio un equipo ordenado en todas sus l\u00edneas. Estoy muy tranquilo, pero nunca conforme, porque s\u00e9 perfectamente que este equipo puede mejorar mucho m\u00e1s\u00bb.<\/em><\/p>\n<p style=\"text-align: justify;\">Fiel a su pol\u00edtica de no esconder nada, Erwin Dur\u00e1n reconoci\u00f3 que la formaci\u00f3n que dispuso en el primer tiempo ante San Luis es la que con toda probabilidad partir\u00e1 en el retorno del torneo. <em>\u00abEs que esa alineaci\u00f3n es pr\u00e1cticamente la misma que estaba jugando en el torneo, y salvo el ingreso de <strong>Leandro Fioravanti<\/strong> por el lesionado <strong>Enzo Orme\u00f1o<\/strong>, todo sigue igual; tambi\u00e9n ya est\u00e1 desde el inicio <strong>Hern\u00e1n Fredes<\/strong>, un jugador que debe darnos otras cosas porque tiene una calidad enorme. Ac\u00e1 se busca que haya mucha competencia interna para que me hagan las cosas dif\u00edciles, porque esa es la \u00fanica forma que el equipo siempre est\u00e9 al m\u00e1ximo\u00bb,<\/em> afirm\u00f3 de manera categ\u00f3rica.<\/p>\n<p style=\"text-align: justify;\">La formaci\u00f3n a la que se refer\u00eda el adiestrador es la siguiente: Andr\u00e9s Fern\u00e1ndez; Francisco Salinas, Jes\u00fas Pino, Gonzalo Villegas, Jos\u00e9 Vargas; Juan M\u00e9ndez, Leandro Fioravanti, Hern\u00e1n Fredes, Pablo Vergara; Ignacio Mes\u00edas, Gonzalo \u00c1lvarez.<\/p>\n<figure id=\"attachment_102200\" aria-describedby=\"caption-attachment-102200\" style=\"width: 579px\" class=\"wp-caption alignnone\"><img data-recalc-dims=\"1\" loading=\"lazy\" decoding=\"async\" class=\"size-full wp-image-102200\" src=\"https:\/\/i0.wp.com\/eltrabajo.cl\/portal\/wp-content\/uploads\/2020\/08\/duran.jpg?resize=579%2C398&#038;ssl=1\" alt=\"Erwin Dur\u00e1n durante el ensayo del viernes pasado frente a San Luis.\" width=\"579\" height=\"398\" srcset=\"https:\/\/i0.wp.com\/eltrabajo.cl\/portal\/wp-content\/uploads\/2020\/08\/duran.jpg?w=579&amp;ssl=1 579w, https:\/\/i0.wp.com\/eltrabajo.cl\/portal\/wp-content\/uploads\/2020\/08\/duran.jpg?resize=300%2C206&amp;ssl=1 300w, https:\/\/i0.wp.com\/eltrabajo.cl\/portal\/wp-content\/uploads\/2020\/08\/duran.jpg?resize=200%2C137&amp;ssl=1 200w, https:\/\/i0.wp.com\/eltrabajo.cl\/portal\/wp-content\/uploads\/2020\/08\/duran.jpg?resize=218%2C150&amp;ssl=1 218w\" sizes=\"auto, (max-width: 579px) 100vw, 579px\" \/><figcaption id=\"caption-attachment-102200\" class=\"wp-caption-text\">Erwin Dur\u00e1n durante el ensayo del viernes pasado frente a San Luis.<\/figcaption><\/figure>\n","protected":false},"excerpt":{"rendered":"<p>Para hoy en el complejo de Santiago Wanderers en el sector de Mantagua, ante el conjunto caturro el Un\u00ed Un\u00ed tendr\u00e1 su segundo apronte antes del reinicio del torneo programado para fines&#8230;<\/p>\n","protected":false},"author":482,"featured_media":102200,"comment_status":"closed","ping_status":"open","sticky":false,"template":"","format":"standard","meta":{"advanced_seo_description":"","jetpack_seo_html_title":"","jetpack_seo_noindex":false,"_jetpack_memberships_contains_paid_content":false,"footnotes":""},"categories":[19],"tags":[],"class_list":["post-102199","post","type-post","status-publish","format-standard","has-post-thumbnail","hentry","category-deportes"],"jetpack_featured_media_url":"https:\/\/i0.wp.com\/eltrabajo.cl\/portal\/wp-content\/uploads\/2020\/08\/duran.jpg?fit=579%2C398&ssl=1","jetpack_sharing_enabled":true,"jetpack_likes_enabled":true,"jetpack-related-posts":[],"_links":{"self":[{"href":"https:\/\/eltrabajo.cl\/portal\/wp-json\/wp\/v2\/posts\/102199","targetHints":{"allow":["GET"]}}],"collection":[{"href":"https:\/\/eltrabajo.cl\/portal\/wp-json\/wp\/v2\/posts"}],"about":[{"href":"https:\/\/eltrabajo.cl\/portal\/wp-json\/wp\/v2\/types\/post"}],"author":[{"embeddable":true,"href":"https:\/\/eltrabajo.cl\/portal\/wp-json\/wp\/v2\/users\/482"}],"replies":[{"embeddable":true,"href":"https:\/\/eltrabajo.cl\/portal\/wp-json\/wp\/v2\/comments?post=102199"}],"version-history":[{"count":0,"href":"https:\/\/eltrabajo.cl\/portal\/wp-json\/wp\/v2\/posts\/102199\/revisions"}],"wp:featuredmedia":[{"embeddable":true,"href":"https:\/\/eltrabajo.cl\/portal\/wp-json\/wp\/v2\/media\/102200"}],"wp:attachment":[{"href":"https:\/\/eltrabajo.cl\/portal\/wp-json\/wp\/v2\/media?parent=102199"}],"wp:term":[{"taxonomy":"category","embeddable":true,"href":"https:\/\/eltrabajo.cl\/portal\/wp-json\/wp\/v2\/categories?post=102199"},{"taxonomy":"post_tag","embeddable":true,"href":"https:\/\/eltrabajo.cl\/portal\/wp-json\/wp\/v2\/tags?post=102199"}],"curies":[{"name":"wp","href":"https:\/\/api.w.org\/{rel}","templated":true}]}}