{"id":102202,"date":"2020-08-19T07:35:13","date_gmt":"2020-08-19T11:35:13","guid":{"rendered":"https:\/\/www.eltrabajo.cl\/portal\/?p=102202"},"modified":"2020-08-18T21:42:25","modified_gmt":"2020-08-19T01:42:25","slug":"farmacia-municipal-atiende-en-su-nueva-dependencia-mas-amplia-y-comoda","status":"publish","type":"post","link":"https:\/\/eltrabajo.cl\/portal\/farmacia-municipal-atiende-en-su-nueva-dependencia-mas-amplia-y-comoda\/","title":{"rendered":"Farmacia municipal atiende en su nueva dependencia m\u00e1s amplia y c\u00f3moda"},"content":{"rendered":"<ul style=\"text-align: justify;\">\n<li style=\"text-align: left;\"><strong> Este dispositivo, que lleva por nombre \u2018Dr. Eduardo Valenzuela Lobo\u2019 en homenaje al destacado m\u00e9dico, est\u00e1 ubicado a un costado del edificio consistorial.<\/strong><\/li>\n<\/ul>\n<p style=\"text-align: justify;\">La Farmacia municipal ya inici\u00f3 las atenciones en sus nuevas dependencias, mucho m\u00e1s c\u00f3modas y amplias, para recibir a los vecinos que a diario compran sus medicamentos a bajo costo. Este dispositivo, que ahora est\u00e1 situado a un costado del edificio consistorial, abri\u00f3 sus puertas durante la ma\u00f1ana de este martes, y funcionar\u00e1 de lunes a viernes, entre las 09.00 y las 13.00 horas.<\/p>\n<p style=\"text-align: justify;\">Para este importante hito, estuvo presente el alcalde (s) <strong>Claudio Paredes<\/strong> y la directora de salud Municipal, <strong>Marcela Brito<\/strong>, quienes se\u00f1alaron que este fue un proyecto impulsado por el alcalde <strong>Patricio Freire<\/strong>, en virtud de mejorar las condiciones de atenci\u00f3n para los m\u00e1s de 400 usuarios que adquieren sus remedios en este lugar.<\/p>\n<p style=\"text-align: justify;\">\u00ab<em>Estamos muy contentos porque este es un trabajo coordinado y realizado por la familia municipal. Esta es una iniciativa que a principio de a\u00f1o ya hab\u00eda visualizado el alcalde Patricio Freire, de manera de entregarle un mejor espacio f\u00edsico y, adem\u00e1s, situar a la farmacia en el coraz\u00f3n de la comuna, como lo es la Plaza de Armas\u00bb, <\/em>sostuvo Paredes, quien adem\u00e1s agradeci\u00f3 la labor desarrollada por el equipo de Talleres Municipales en la construcci\u00f3n y remodelaci\u00f3n de recinto.<em> \u00abEsto fue habilitado por los mismos funcionarios de talleres, a quienes felicitamos. As\u00ed, una vez m\u00e1s, se cumple un compromiso del alcalde Patricio Freire de entregarle dignidad a la comunidad y remedios a muy bajo costo\u00bb,<\/em> finaliz\u00f3.<\/p>\n<p style=\"text-align: justify;\">Por su parte, Marcela Brito destac\u00f3 las caracter\u00edsticas de este nuevo local, que cuenta con un lugar mucho m\u00e1s espacioso y c\u00f3modo para los vecinos, y tambi\u00e9n para la atenci\u00f3n de los funcionarios que all\u00ed se desempe\u00f1an.<\/p>\n<p style=\"text-align: justify;\">\u00ab<em>Hoy es un momento de mucha alegr\u00eda. Reconocemos que donde est\u00e1bamos acomodados, la gente esperaba en situaciones bastante c\u00f3modas. Ahora contamos con cierto resguardo que permite proteger a la comunidad de las inclemencias del tiempo\u00bb,<\/em> sostuvo.<\/p>\n<p style=\"text-align: justify;\">Este dispositivo lleva por nombre <strong>Dr. Eduardo Valenzuela Lobo<\/strong>, en homenaje a este reconocido m\u00e9dico, con larga trayectoria en la comuna, y que realiza su trabajo con gran profesionalismo.<\/p>\n<p style=\"text-align: justify;\">\u00ab<em>El nombre del querido doctor Valenzuela surgi\u00f3 como propuesta y naturalmente fue muy bien acogido por el honorable concejo municipal para rendirle un homenaje a este querido doctor, conocido ampliamente por la comunidad sanfelipe\u00f1a y a la cual le entreg\u00f3 tantos a\u00f1os de su vida, con una trayectoria destacada desde la medicina social\u00bb,<\/em> finaliz\u00f3.<\/p>\n<figure id=\"attachment_102203\" aria-describedby=\"caption-attachment-102203\" style=\"width: 578px\" class=\"wp-caption alignnone\"><img data-recalc-dims=\"1\" loading=\"lazy\" decoding=\"async\" class=\"size-full wp-image-102203\" src=\"https:\/\/i0.wp.com\/eltrabajo.cl\/portal\/wp-content\/uploads\/2020\/08\/nueva-farmacia-municipal-1.jpg?resize=578%2C316&#038;ssl=1\" alt=\"Las nuevas dependencias de la farmacia municipal son mucho m\u00e1s c\u00f3modas y amplias, lo que favorece a clientes y los mismos funcionarios.\" width=\"578\" height=\"316\" srcset=\"https:\/\/i0.wp.com\/eltrabajo.cl\/portal\/wp-content\/uploads\/2020\/08\/nueva-farmacia-municipal-1.jpg?w=578&amp;ssl=1 578w, https:\/\/i0.wp.com\/eltrabajo.cl\/portal\/wp-content\/uploads\/2020\/08\/nueva-farmacia-municipal-1.jpg?resize=300%2C164&amp;ssl=1 300w, https:\/\/i0.wp.com\/eltrabajo.cl\/portal\/wp-content\/uploads\/2020\/08\/nueva-farmacia-municipal-1.jpg?resize=200%2C109&amp;ssl=1 200w\" sizes=\"auto, (max-width: 578px) 100vw, 578px\" \/><figcaption id=\"caption-attachment-102203\" class=\"wp-caption-text\">Las nuevas dependencias de la farmacia municipal son mucho m\u00e1s c\u00f3modas y amplias, lo que favorece a clientes y los mismos funcionarios.<\/figcaption><\/figure>\n<figure id=\"attachment_102204\" aria-describedby=\"caption-attachment-102204\" style=\"width: 579px\" class=\"wp-caption alignnone\"><img data-recalc-dims=\"1\" loading=\"lazy\" decoding=\"async\" class=\"size-full wp-image-102204\" src=\"https:\/\/i0.wp.com\/eltrabajo.cl\/portal\/wp-content\/uploads\/2020\/08\/nueva-farmacia-municipal-2.jpg?resize=579%2C416&#038;ssl=1\" alt=\"El nuevo establecimiento se ubica a un costado del edificio consistorial y funciona de lunes a viernes, entre las 09.00 y las 13.00 horas.\" width=\"579\" height=\"416\" srcset=\"https:\/\/i0.wp.com\/eltrabajo.cl\/portal\/wp-content\/uploads\/2020\/08\/nueva-farmacia-municipal-2.jpg?w=579&amp;ssl=1 579w, https:\/\/i0.wp.com\/eltrabajo.cl\/portal\/wp-content\/uploads\/2020\/08\/nueva-farmacia-municipal-2.jpg?resize=300%2C216&amp;ssl=1 300w, https:\/\/i0.wp.com\/eltrabajo.cl\/portal\/wp-content\/uploads\/2020\/08\/nueva-farmacia-municipal-2.jpg?resize=200%2C144&amp;ssl=1 200w\" sizes=\"auto, (max-width: 579px) 100vw, 579px\" \/><figcaption id=\"caption-attachment-102204\" class=\"wp-caption-text\">El nuevo establecimiento se ubica a un costado del edificio consistorial y funciona de lunes a viernes, entre las 09.00 y las 13.00 horas.<\/figcaption><\/figure>\n","protected":false},"excerpt":{"rendered":"<p>Este dispositivo, que lleva por nombre \u2018Dr. Eduardo Valenzuela Lobo\u2019 en homenaje al destacado m\u00e9dico, est\u00e1 ubicado a un costado del edificio consistorial. La Farmacia municipal ya inici\u00f3 las atenciones en sus&#8230;<\/p>\n","protected":false},"author":482,"featured_media":102203,"comment_status":"closed","ping_status":"open","sticky":false,"template":"","format":"standard","meta":{"advanced_seo_description":"","jetpack_seo_html_title":"","jetpack_seo_noindex":false,"_jetpack_memberships_contains_paid_content":false,"footnotes":""},"categories":[103],"tags":[],"class_list":["post-102202","post","type-post","status-publish","format-standard","has-post-thumbnail","hentry","category-cronica-2"],"jetpack_featured_media_url":"https:\/\/i0.wp.com\/eltrabajo.cl\/portal\/wp-content\/uploads\/2020\/08\/nueva-farmacia-municipal-1.jpg?fit=578%2C316&ssl=1","jetpack_sharing_enabled":true,"jetpack_likes_enabled":true,"jetpack-related-posts":[],"_links":{"self":[{"href":"https:\/\/eltrabajo.cl\/portal\/wp-json\/wp\/v2\/posts\/102202","targetHints":{"allow":["GET"]}}],"collection":[{"href":"https:\/\/eltrabajo.cl\/portal\/wp-json\/wp\/v2\/posts"}],"about":[{"href":"https:\/\/eltrabajo.cl\/portal\/wp-json\/wp\/v2\/types\/post"}],"author":[{"embeddable":true,"href":"https:\/\/eltrabajo.cl\/portal\/wp-json\/wp\/v2\/users\/482"}],"replies":[{"embeddable":true,"href":"https:\/\/eltrabajo.cl\/portal\/wp-json\/wp\/v2\/comments?post=102202"}],"version-history":[{"count":0,"href":"https:\/\/eltrabajo.cl\/portal\/wp-json\/wp\/v2\/posts\/102202\/revisions"}],"wp:featuredmedia":[{"embeddable":true,"href":"https:\/\/eltrabajo.cl\/portal\/wp-json\/wp\/v2\/media\/102203"}],"wp:attachment":[{"href":"https:\/\/eltrabajo.cl\/portal\/wp-json\/wp\/v2\/media?parent=102202"}],"wp:term":[{"taxonomy":"category","embeddable":true,"href":"https:\/\/eltrabajo.cl\/portal\/wp-json\/wp\/v2\/categories?post=102202"},{"taxonomy":"post_tag","embeddable":true,"href":"https:\/\/eltrabajo.cl\/portal\/wp-json\/wp\/v2\/tags?post=102202"}],"curies":[{"name":"wp","href":"https:\/\/api.w.org\/{rel}","templated":true}]}}