{"id":102206,"date":"2020-08-19T07:40:40","date_gmt":"2020-08-19T11:40:40","guid":{"rendered":"https:\/\/www.eltrabajo.cl\/portal\/?p=102206"},"modified":"2020-08-18T21:44:21","modified_gmt":"2020-08-19T01:44:21","slug":"os-7-carabineros-detiene-a-profugo-de-la-justicia-cuando-celebraba-su-cumpleanos","status":"publish","type":"post","link":"https:\/\/eltrabajo.cl\/portal\/os-7-carabineros-detiene-a-profugo-de-la-justicia-cuando-celebraba-su-cumpleanos\/","title":{"rendered":"OS-7 Carabineros detiene a pr\u00f3fugo de la justicia cuando celebraba su cumplea\u00f1os\u00a0"},"content":{"rendered":"<p style=\"text-align: left;\"><span style=\"color: #c81400;\"><strong>\u00a1Qu\u00e9 mejor regalo!:<\/strong><\/span><\/p>\n<ul style=\"text-align: justify;\">\n<li style=\"text-align: left;\"><strong> El sujeto ser\u00eda el l\u00edder de una banda y se manten\u00eda pr\u00f3fugo de la justicia desde 2015.<\/strong><\/li>\n<\/ul>\n<p style=\"text-align: justify;\">Mientras celebraba su cumplea\u00f1os, Carabineros de la Secci\u00f3n OS7 detuvo a un sujeto que llevaba 5 a\u00f1os pr\u00f3fugo de la justicia, tras ser condenado a 10 de c\u00e1rcel por el delito de tr\u00e1fico de drogas.<\/p>\n<p style=\"text-align: justify;\">Todo lo anterior se dio en el marco de un procedimiento donde los carabineros anti drogadas desbarataron una organizaci\u00f3n criminal dedicada al tr\u00e1fico de drogas,\u00a0 deteniendo a tres personas por el hecho.<\/p>\n<p style=\"text-align: justify;\">Todos los imputados son chilenos, mayores de edad y con antecedentes policiales, pero uno de ellos llam\u00f3 especialmente la atenci\u00f3n de los funcionarios, pues se trataba del l\u00edder de la banda que se manten\u00eda pr\u00f3fugo de la justicia desde 2015, cuando fue condenado a 10 a\u00f1os por el delito de tr\u00e1fico de drogas.<\/p>\n<p style=\"text-align: justify;\">Los aprehendidos fueron ubicados a trav\u00e9s del uso de t\u00e9cnicas investigativas que permitieron dar con los sujetos cuando el l\u00edder de la organizaci\u00f3n celebraba su cumplea\u00f1os en una parcela que habr\u00edan utilizado como refugio en la comuna de Catemu.<\/p>\n<p style=\"text-align: justify;\">Fue en ese momento que parte de la organizaci\u00f3n qued\u00f3 al descubierto ante Carabineros del OS7 cuando realizaban una entrega de drogas, quienes a trav\u00e9s de una orden de registro a los diferentes domicilios investigados, decomisaron 1,1 kilos de pasta base de coca\u00edna, un veh\u00edculo y un tel\u00e9fono celular. Conforme a instrucciones del Ministerio P\u00fablico, los detenidos quedaron a disposici\u00f3n del Tribunal de Garant\u00eda.<\/p>\n<figure id=\"attachment_102207\" aria-describedby=\"caption-attachment-102207\" style=\"width: 579px\" class=\"wp-caption alignnone\"><img data-recalc-dims=\"1\" loading=\"lazy\" decoding=\"async\" class=\"size-full wp-image-102207\" src=\"https:\/\/i0.wp.com\/eltrabajo.cl\/portal\/wp-content\/uploads\/2020\/08\/decomiso-droga.jpg?resize=579%2C627&#038;ssl=1\" alt=\"El procedimiento permiti\u00f3 decomisar 1,1 kilos de pasta base de coca\u00edna y un veh\u00edculo, adem\u00e1s de detener a un sujeto que estaba pr\u00f3fugo desde el a\u00f1o 2015.\" width=\"579\" height=\"627\" srcset=\"https:\/\/i0.wp.com\/eltrabajo.cl\/portal\/wp-content\/uploads\/2020\/08\/decomiso-droga.jpg?w=579&amp;ssl=1 579w, https:\/\/i0.wp.com\/eltrabajo.cl\/portal\/wp-content\/uploads\/2020\/08\/decomiso-droga.jpg?resize=277%2C300&amp;ssl=1 277w, https:\/\/i0.wp.com\/eltrabajo.cl\/portal\/wp-content\/uploads\/2020\/08\/decomiso-droga.jpg?resize=139%2C150&amp;ssl=1 139w\" sizes=\"auto, (max-width: 579px) 100vw, 579px\" \/><figcaption id=\"caption-attachment-102207\" class=\"wp-caption-text\">El procedimiento permiti\u00f3 decomisar 1,1 kilos de pasta base de coca\u00edna y un veh\u00edculo, adem\u00e1s de detener a un sujeto que estaba pr\u00f3fugo desde el a\u00f1o 2015.<\/figcaption><\/figure>\n","protected":false},"excerpt":{"rendered":"<p>\u00a1Qu\u00e9 mejor regalo!: El sujeto ser\u00eda el l\u00edder de una banda y se manten\u00eda pr\u00f3fugo de la justicia desde 2015. Mientras celebraba su cumplea\u00f1os, Carabineros de la Secci\u00f3n OS7 detuvo a un&#8230;<\/p>\n","protected":false},"author":482,"featured_media":102207,"comment_status":"closed","ping_status":"open","sticky":false,"template":"","format":"standard","meta":{"advanced_seo_description":"","jetpack_seo_html_title":"","jetpack_seo_noindex":false,"_jetpack_memberships_contains_paid_content":false,"footnotes":""},"categories":[21],"tags":[],"class_list":["post-102206","post","type-post","status-publish","format-standard","has-post-thumbnail","hentry","category-policial"],"jetpack_featured_media_url":"https:\/\/i0.wp.com\/eltrabajo.cl\/portal\/wp-content\/uploads\/2020\/08\/decomiso-droga.jpg?fit=579%2C627&ssl=1","jetpack_sharing_enabled":true,"jetpack_likes_enabled":true,"jetpack-related-posts":[],"_links":{"self":[{"href":"https:\/\/eltrabajo.cl\/portal\/wp-json\/wp\/v2\/posts\/102206","targetHints":{"allow":["GET"]}}],"collection":[{"href":"https:\/\/eltrabajo.cl\/portal\/wp-json\/wp\/v2\/posts"}],"about":[{"href":"https:\/\/eltrabajo.cl\/portal\/wp-json\/wp\/v2\/types\/post"}],"author":[{"embeddable":true,"href":"https:\/\/eltrabajo.cl\/portal\/wp-json\/wp\/v2\/users\/482"}],"replies":[{"embeddable":true,"href":"https:\/\/eltrabajo.cl\/portal\/wp-json\/wp\/v2\/comments?post=102206"}],"version-history":[{"count":0,"href":"https:\/\/eltrabajo.cl\/portal\/wp-json\/wp\/v2\/posts\/102206\/revisions"}],"wp:featuredmedia":[{"embeddable":true,"href":"https:\/\/eltrabajo.cl\/portal\/wp-json\/wp\/v2\/media\/102207"}],"wp:attachment":[{"href":"https:\/\/eltrabajo.cl\/portal\/wp-json\/wp\/v2\/media?parent=102206"}],"wp:term":[{"taxonomy":"category","embeddable":true,"href":"https:\/\/eltrabajo.cl\/portal\/wp-json\/wp\/v2\/categories?post=102206"},{"taxonomy":"post_tag","embeddable":true,"href":"https:\/\/eltrabajo.cl\/portal\/wp-json\/wp\/v2\/tags?post=102206"}],"curies":[{"name":"wp","href":"https:\/\/api.w.org\/{rel}","templated":true}]}}