{"id":102209,"date":"2020-08-19T07:45:42","date_gmt":"2020-08-19T11:45:42","guid":{"rendered":"https:\/\/www.eltrabajo.cl\/portal\/?p=102209"},"modified":"2020-08-18T21:46:49","modified_gmt":"2020-08-19T01:46:49","slug":"atropellado-con-su-propio-auto-por-error-involuntario-de-su-polola","status":"publish","type":"post","link":"https:\/\/eltrabajo.cl\/portal\/atropellado-con-su-propio-auto-por-error-involuntario-de-su-polola\/","title":{"rendered":"Atropellado con su propio auto por error involuntario de su polola"},"content":{"rendered":"<p style=\"text-align: left;\"><span style=\"color: #c81400;\"><strong>Infortunio ocurri\u00f3 en el frontis de su casa:<\/strong><\/span><\/p>\n<p style=\"text-align: justify;\"><strong>PANQUEHUE.- <\/strong>Producto de un penoso accidente al que podr\u00edamos calificar como \u2018casero\u2019, un vecino de la manzana H en Poblaci\u00f3n Los H\u00e9roes en La Pirca de Panquehue, sufri\u00f3 la fractura de su pierna izquierda, luego que su polola accidentalmente retrocediera un veh\u00edculo, sin percatarse que \u2018<strong>Francisco<\/strong>\u2019 estaba debajo del auto.<\/p>\n<p style=\"text-align: justify;\">El accidente ocurri\u00f3 al filo del mediod\u00eda, cuando la rueda trasera de su autom\u00f3vil le tritur\u00f3 la pierna izquierda. Minutos despu\u00e9s acudieron al lugar una unidad de Carabineros de Panquehue, Bomberos de la misma comuna y un cami\u00f3n de rescate de Bomberos San Felipe. El paciente fue trasladado a la unidad de Traumatolog\u00eda del hospital de Los Andes.<\/p>\n<p style=\"text-align: justify;\">Uno de los focos delanteros del veh\u00edculo involucrado result\u00f3 quebrado a ra\u00edz de la maniobra de la mujer, los vecinos mientras tanto se mostraron aliviados al enterarse que la tragedia no result\u00f3 mayor.<\/p>\n<p style=\"text-align: justify;\"><strong>Roberto Gonz\u00e1lez Short<\/strong><\/p>\n<figure id=\"attachment_102210\" aria-describedby=\"caption-attachment-102210\" style=\"width: 579px\" class=\"wp-caption alignnone\"><img data-recalc-dims=\"1\" loading=\"lazy\" decoding=\"async\" class=\"size-full wp-image-102210\" src=\"https:\/\/i0.wp.com\/eltrabajo.cl\/portal\/wp-content\/uploads\/2020\/08\/Atropello1-portada.jpg?resize=579%2C368&#038;ssl=1\" alt=\"Confuso accidente.- Los rescatistas de la Sexta Compa\u00f1\u00eda de Bomberos acudieron en minutos al lugar, inmovilizaron la pierna fracturada y esperaron la llegada de personal del SAMU.\" width=\"579\" height=\"368\" srcset=\"https:\/\/i0.wp.com\/eltrabajo.cl\/portal\/wp-content\/uploads\/2020\/08\/Atropello1-portada.jpg?w=579&amp;ssl=1 579w, https:\/\/i0.wp.com\/eltrabajo.cl\/portal\/wp-content\/uploads\/2020\/08\/Atropello1-portada.jpg?resize=300%2C191&amp;ssl=1 300w, https:\/\/i0.wp.com\/eltrabajo.cl\/portal\/wp-content\/uploads\/2020\/08\/Atropello1-portada.jpg?resize=200%2C127&amp;ssl=1 200w\" sizes=\"auto, (max-width: 579px) 100vw, 579px\" \/><figcaption id=\"caption-attachment-102210\" class=\"wp-caption-text\">Confuso accidente.- Los rescatistas de la Sexta Compa\u00f1\u00eda de Bomberos acudieron en minutos al lugar, inmovilizaron la pierna fracturada y esperaron la llegada de personal del SAMU.<\/figcaption><\/figure>\n<figure id=\"attachment_102211\" aria-describedby=\"caption-attachment-102211\" style=\"width: 579px\" class=\"wp-caption alignnone\"><img data-recalc-dims=\"1\" loading=\"lazy\" decoding=\"async\" class=\"size-full wp-image-102211\" src=\"https:\/\/i0.wp.com\/eltrabajo.cl\/portal\/wp-content\/uploads\/2020\/08\/Atropello2-portada.jpg?resize=579%2C411&#038;ssl=1\" alt=\"PIERNA FRACTURADA.- Las c\u00e1maras de Diario El Trabajo registran el momento justo que era trasladado el vecino a la unidad param\u00e9dica.\" width=\"579\" height=\"411\" srcset=\"https:\/\/i0.wp.com\/eltrabajo.cl\/portal\/wp-content\/uploads\/2020\/08\/Atropello2-portada.jpg?w=579&amp;ssl=1 579w, https:\/\/i0.wp.com\/eltrabajo.cl\/portal\/wp-content\/uploads\/2020\/08\/Atropello2-portada.jpg?resize=300%2C213&amp;ssl=1 300w, https:\/\/i0.wp.com\/eltrabajo.cl\/portal\/wp-content\/uploads\/2020\/08\/Atropello2-portada.jpg?resize=200%2C142&amp;ssl=1 200w\" sizes=\"auto, (max-width: 579px) 100vw, 579px\" \/><figcaption id=\"caption-attachment-102211\" class=\"wp-caption-text\">PIERNA FRACTURADA.- Las c\u00e1maras de Diario El Trabajo registran el momento justo que era trasladado el vecino a la unidad param\u00e9dica.<\/figcaption><\/figure>\n<figure id=\"attachment_102212\" aria-describedby=\"caption-attachment-102212\" style=\"width: 579px\" class=\"wp-caption alignnone\"><img data-recalc-dims=\"1\" loading=\"lazy\" decoding=\"async\" class=\"size-full wp-image-102212\" src=\"https:\/\/i0.wp.com\/eltrabajo.cl\/portal\/wp-content\/uploads\/2020\/08\/Atropello3.jpg?resize=579%2C364&#038;ssl=1\" alt=\"Uno de los focos delanteros del veh\u00edculo involucrado result\u00f3 quebrado a ra\u00edz de la maniobra de la mujer, los vecinos mientras tanto se mostraron aliviados al enterarse que la tragedia no result\u00f3 mayor.\" width=\"579\" height=\"364\" srcset=\"https:\/\/i0.wp.com\/eltrabajo.cl\/portal\/wp-content\/uploads\/2020\/08\/Atropello3.jpg?w=579&amp;ssl=1 579w, https:\/\/i0.wp.com\/eltrabajo.cl\/portal\/wp-content\/uploads\/2020\/08\/Atropello3.jpg?resize=300%2C189&amp;ssl=1 300w, https:\/\/i0.wp.com\/eltrabajo.cl\/portal\/wp-content\/uploads\/2020\/08\/Atropello3.jpg?resize=200%2C126&amp;ssl=1 200w\" sizes=\"auto, (max-width: 579px) 100vw, 579px\" \/><figcaption id=\"caption-attachment-102212\" class=\"wp-caption-text\">Uno de los focos delanteros del veh\u00edculo involucrado result\u00f3 quebrado a ra\u00edz de la maniobra de la mujer, los vecinos mientras tanto se mostraron aliviados al enterarse que la tragedia no result\u00f3 mayor.<\/figcaption><\/figure>\n","protected":false},"excerpt":{"rendered":"<p>Infortunio ocurri\u00f3 en el frontis de su casa: PANQUEHUE.- Producto de un penoso accidente al que podr\u00edamos calificar como \u2018casero\u2019, un vecino de la manzana H en Poblaci\u00f3n Los H\u00e9roes en La&#8230;<\/p>\n","protected":false},"author":482,"featured_media":102211,"comment_status":"closed","ping_status":"open","sticky":false,"template":"","format":"standard","meta":{"advanced_seo_description":"","jetpack_seo_html_title":"","jetpack_seo_noindex":false,"_jetpack_memberships_contains_paid_content":false,"footnotes":""},"categories":[21],"tags":[],"class_list":["post-102209","post","type-post","status-publish","format-standard","has-post-thumbnail","hentry","category-policial"],"jetpack_featured_media_url":"https:\/\/i0.wp.com\/eltrabajo.cl\/portal\/wp-content\/uploads\/2020\/08\/Atropello2-portada.jpg?fit=579%2C411&ssl=1","jetpack_sharing_enabled":true,"jetpack_likes_enabled":true,"jetpack-related-posts":[],"_links":{"self":[{"href":"https:\/\/eltrabajo.cl\/portal\/wp-json\/wp\/v2\/posts\/102209","targetHints":{"allow":["GET"]}}],"collection":[{"href":"https:\/\/eltrabajo.cl\/portal\/wp-json\/wp\/v2\/posts"}],"about":[{"href":"https:\/\/eltrabajo.cl\/portal\/wp-json\/wp\/v2\/types\/post"}],"author":[{"embeddable":true,"href":"https:\/\/eltrabajo.cl\/portal\/wp-json\/wp\/v2\/users\/482"}],"replies":[{"embeddable":true,"href":"https:\/\/eltrabajo.cl\/portal\/wp-json\/wp\/v2\/comments?post=102209"}],"version-history":[{"count":0,"href":"https:\/\/eltrabajo.cl\/portal\/wp-json\/wp\/v2\/posts\/102209\/revisions"}],"wp:featuredmedia":[{"embeddable":true,"href":"https:\/\/eltrabajo.cl\/portal\/wp-json\/wp\/v2\/media\/102211"}],"wp:attachment":[{"href":"https:\/\/eltrabajo.cl\/portal\/wp-json\/wp\/v2\/media?parent=102209"}],"wp:term":[{"taxonomy":"category","embeddable":true,"href":"https:\/\/eltrabajo.cl\/portal\/wp-json\/wp\/v2\/categories?post=102209"},{"taxonomy":"post_tag","embeddable":true,"href":"https:\/\/eltrabajo.cl\/portal\/wp-json\/wp\/v2\/tags?post=102209"}],"curies":[{"name":"wp","href":"https:\/\/api.w.org\/{rel}","templated":true}]}}