{"id":102214,"date":"2020-08-19T07:50:54","date_gmt":"2020-08-19T11:50:54","guid":{"rendered":"https:\/\/www.eltrabajo.cl\/portal\/?p=102214"},"modified":"2020-08-18T21:50:26","modified_gmt":"2020-08-19T01:50:26","slug":"detienen-a-presunto-autor-del-homicidio-de-joven-madre-en-los-andes","status":"publish","type":"post","link":"https:\/\/eltrabajo.cl\/portal\/detienen-a-presunto-autor-del-homicidio-de-joven-madre-en-los-andes\/","title":{"rendered":"Detienen a presunto autor del homicidio de joven madre en Los Andes"},"content":{"rendered":"<p style=\"text-align: left;\"><span style=\"color: #c81400;\"><strong>Detenido por la BH qued\u00f3 en prisi\u00f3n preventiva:<\/strong><\/span><\/p>\n<p style=\"text-align: justify;\">Ayer en horas de la ma\u00f1ana la Brigada de Homicidios (BH) de la PDI de Los Andes detuvo al presunto autor del homicidio de <strong>Ayleen Varas Ahumada<\/strong>, joven de 23 a\u00f1os de edad cuyo cuerpo fue encontrado el d\u00eda 26 de marzo en un canal de regad\u00edo. El detenido fue identificado como <strong>Jaime Osvaldo Paredes Quinzacara<\/strong>, de 30 a\u00f1os de edad.<\/p>\n<p style=\"text-align: justify;\">El fiscal a cargo de este caso, <strong>Jorge Alfaro Figueroa<\/strong>, dijo que ayer 18 de agosto y luego de varios meses de diligencias en <em>\u00ablas cuales desde el mes de abril hab\u00edamos logrado identificar qui\u00e9n ser\u00eda la persona que habr\u00eda participado en el homicidio de do\u00f1a Ayleen Varas Ahumada, logra la BH su ubicaci\u00f3n en un domicilio de la comuna de San Esteban. Esta persona pas\u00f3 a control de detenci\u00f3n el d\u00eda de hoy (ayer) en el Juzgado de Garant\u00eda de Los Andes, donde fue formalizado por el delito de homicidio en perjuicio de la v\u00edctima\u00bb,<\/em> se\u00f1al\u00f3.<\/p>\n<p style=\"text-align: justify;\">El persecutor record\u00f3 que las diligencias se iniciaron precisamente el d\u00eda 26 de marzo, alrededor de las 11:30 horas, cuando el cuerpo sin vida de la v\u00edctima fue encontrado en el canal de regad\u00edo de la sociedad Rinconada del sector Casarino: <em>\u00abA partir de ese hallazgo se logra su identificaci\u00f3n y empiezan las diligencias, ten\u00edamos adem\u00e1s tempranamente la noticia de la autopsia que se hab\u00eda hecho y el an\u00e1lisis del sitio del suceso por parte de la BH, de que la v\u00edctima hab\u00eda muerto por un estrangulamiento, raz\u00f3n por la cual, entendiendo que era un homicidio que se investigaba, se hicieron una serie de diligencias que permiten precisamente identificar al imputado, por lo cual iniciamos las diligencias de su ubicaci\u00f3n y estas resultaron exitosas. El d\u00eda de hoy (ayer) el imputado fue formalizado por el hecho que habr\u00eda ocurrido adem\u00e1s en un sector eriazo cercano a la avenida Hermanos Clarck en Los Andes. Precisamente adem\u00e1s como referencia, el lugar donde ocupan los circos para instalarse en esta ciudad. Luego de la formalizaci\u00f3n el Ministerio P\u00fablico solicit\u00f3 adem\u00e1s la medida cautelar de prisi\u00f3n preventiva, que en base a los antecedentes que se han recogido hasta esta fecha el Tribunal de Garant\u00eda acept\u00f3\u00bb,<\/em> indic\u00f3 el fiscal Alfaro.<\/p>\n<p style=\"text-align: justify;\">Junto con lo anterior, se fij\u00f3 un plazo inicial de investigaci\u00f3n de 90 d\u00edas.<\/p>\n<p style=\"text-align: justify;\">Recordar que el cuerpo fue hallado por una persona en horas del mediod\u00eda de ese d\u00eda, dando aviso a la PDI.<\/p>\n<p style=\"text-align: justify;\">En el sitio del suceso se constituy\u00f3 personal de la BH, Carabineros de la Tercera Comisar\u00eda y de la Unidad de Rescate del Cuerpo de Bomberos Los Andes-Calle Larga.<\/p>\n<p style=\"text-align: justify;\">Importante se\u00f1alar que por este caso, familiares y amistades de la v\u00edctima se manifestaron p\u00fablicamente pidiendo justicia.<\/p>\n<figure id=\"attachment_102215\" aria-describedby=\"caption-attachment-102215\" style=\"width: 579px\" class=\"wp-caption alignnone\"><img data-recalc-dims=\"1\" loading=\"lazy\" decoding=\"async\" class=\"size-full wp-image-102215\" src=\"https:\/\/i0.wp.com\/eltrabajo.cl\/portal\/wp-content\/uploads\/2020\/08\/ayleen-ok.jpg?resize=579%2C464&#038;ssl=1\" alt=\"Ayleen Varas Ahumada (23), madre de tres hijos, fue encontrada en un canal de regad\u00edo en Villa Los Acacios, en Los Andes, el pasado 26 de marzo. (Foto Facebook Justicia para Ayleen)\" width=\"579\" height=\"464\" srcset=\"https:\/\/i0.wp.com\/eltrabajo.cl\/portal\/wp-content\/uploads\/2020\/08\/ayleen-ok.jpg?w=579&amp;ssl=1 579w, https:\/\/i0.wp.com\/eltrabajo.cl\/portal\/wp-content\/uploads\/2020\/08\/ayleen-ok.jpg?resize=300%2C240&amp;ssl=1 300w, https:\/\/i0.wp.com\/eltrabajo.cl\/portal\/wp-content\/uploads\/2020\/08\/ayleen-ok.jpg?resize=187%2C150&amp;ssl=1 187w\" sizes=\"auto, (max-width: 579px) 100vw, 579px\" \/><figcaption id=\"caption-attachment-102215\" class=\"wp-caption-text\">Ayleen Varas Ahumada (23), madre de tres hijos, fue encontrada en un canal de regad\u00edo en Villa Los Acacios, en Los Andes, el pasado 26 de marzo. (Foto Facebook Justicia para Ayleen)<\/figcaption><\/figure>\n","protected":false},"excerpt":{"rendered":"<p>Detenido por la BH qued\u00f3 en prisi\u00f3n preventiva: Ayer en horas de la ma\u00f1ana la Brigada de Homicidios (BH) de la PDI de Los Andes detuvo al presunto autor del homicidio de&#8230;<\/p>\n","protected":false},"author":482,"featured_media":102215,"comment_status":"closed","ping_status":"open","sticky":false,"template":"","format":"standard","meta":{"advanced_seo_description":"","jetpack_seo_html_title":"","jetpack_seo_noindex":false,"_jetpack_memberships_contains_paid_content":false,"footnotes":""},"categories":[97],"tags":[],"class_list":["post-102214","post","type-post","status-publish","format-standard","has-post-thumbnail","hentry","category-tribunales"],"jetpack_featured_media_url":"https:\/\/i0.wp.com\/eltrabajo.cl\/portal\/wp-content\/uploads\/2020\/08\/ayleen-ok.jpg?fit=579%2C464&ssl=1","jetpack_sharing_enabled":true,"jetpack_likes_enabled":true,"jetpack-related-posts":[],"_links":{"self":[{"href":"https:\/\/eltrabajo.cl\/portal\/wp-json\/wp\/v2\/posts\/102214","targetHints":{"allow":["GET"]}}],"collection":[{"href":"https:\/\/eltrabajo.cl\/portal\/wp-json\/wp\/v2\/posts"}],"about":[{"href":"https:\/\/eltrabajo.cl\/portal\/wp-json\/wp\/v2\/types\/post"}],"author":[{"embeddable":true,"href":"https:\/\/eltrabajo.cl\/portal\/wp-json\/wp\/v2\/users\/482"}],"replies":[{"embeddable":true,"href":"https:\/\/eltrabajo.cl\/portal\/wp-json\/wp\/v2\/comments?post=102214"}],"version-history":[{"count":0,"href":"https:\/\/eltrabajo.cl\/portal\/wp-json\/wp\/v2\/posts\/102214\/revisions"}],"wp:featuredmedia":[{"embeddable":true,"href":"https:\/\/eltrabajo.cl\/portal\/wp-json\/wp\/v2\/media\/102215"}],"wp:attachment":[{"href":"https:\/\/eltrabajo.cl\/portal\/wp-json\/wp\/v2\/media?parent=102214"}],"wp:term":[{"taxonomy":"category","embeddable":true,"href":"https:\/\/eltrabajo.cl\/portal\/wp-json\/wp\/v2\/categories?post=102214"},{"taxonomy":"post_tag","embeddable":true,"href":"https:\/\/eltrabajo.cl\/portal\/wp-json\/wp\/v2\/tags?post=102214"}],"curies":[{"name":"wp","href":"https:\/\/api.w.org\/{rel}","templated":true}]}}