{"id":102217,"date":"2020-08-19T07:55:40","date_gmt":"2020-08-19T11:55:40","guid":{"rendered":"https:\/\/www.eltrabajo.cl\/portal\/?p=102217"},"modified":"2020-08-18T21:52:58","modified_gmt":"2020-08-19T01:52:58","slug":"a-peticion-de-bomberos-la-municipalidad-retiro-los-bolardos-de-calle-prat","status":"publish","type":"post","link":"https:\/\/eltrabajo.cl\/portal\/a-peticion-de-bomberos-la-municipalidad-retiro-los-bolardos-de-calle-prat\/","title":{"rendered":"A petici\u00f3n de Bomberos la Municipalidad retir\u00f3 los bolardos de calle Prat"},"content":{"rendered":"<p style=\"text-align: left;\"><span style=\"color: #c81400;\"><strong>Enorme carro porta escala no cab\u00eda en esa v\u00eda:<\/strong><\/span><\/p>\n<p style=\"text-align: justify;\">Muchos de nuestros lectores han llamado a <strong>Diario El Trabajo<\/strong> preguntando las razones del por qu\u00e9 el Municipio ha quitado del Boulevard de Calle Prat, los bolardos que estaban instalados entre Salinas y Traslavi\u00f1a, puntualmente los bolardos m\u00e1s cercanos al centro de la v\u00eda. Nuestras c\u00e1maras efectivamente confirmaron en el lugar que estos dispositivos de cemento est\u00e1n arrancados en su totalidad, ante lo cual consultamos a <strong>David Guajardo<\/strong>, superintendente de Bomberos de San Felipe, en virtud que la respuesta tiene directa relaci\u00f3n con Bomberos de nuestra comuna.<\/p>\n<p style=\"text-align: justify;\">\n<p style=\"text-align: justify;\"><span style=\"color: #c81400;\"><strong>SOLICITUD EXPRESA<\/strong><\/span><\/p>\n<p style=\"text-align: justify;\">La medida de quitar los bolardos, seg\u00fan explic\u00f3 Guajardo, tiene que ver con la operatividad del nuevo carro porta escala que se incorpor\u00f3 la semana pasada y que busca mejorar la respuesta ante cualquier emergencia, principalmente incendios en altura, el que no puede transitar en ese sector de la ciudad por su gran tama\u00f1o.<\/p>\n<p style=\"text-align: justify;\">\u00ab<em>Esta solicitud se la enviamos al entonces alcalde y a Mauricio Castro del Departamento de Obras, ya que el domingo se hizo una prueba al carro americano para caminar por Calle Merced hasta Yungay y Prat hasta Maip\u00fa, encontr\u00e1ndonos con que los bolardos de Prat al frente del Abcdin y al frente de la Municipalidad, obstaculizaban la v\u00eda del carro, en caso de alguna emergencia en la municipalidad por el sector de Prat o en alguna tienda comercial en ese sector, tendr\u00edamos problemas para poder ingresar el carro, entonces debido a este problema el Cuerpo de Bomberos solicit\u00f3 al Municipio que sacaran estos bolardos de Prat, ya que son unos 14 metros del veh\u00edculo americano, el Municipio nos dijo que s\u00ed, y por eso fueron removidos<\/em>\u00bb, dijo Guajardo a <strong>Diario El Trabajo<\/strong>.<\/p>\n<p style=\"text-align: justify;\">\n<p style=\"text-align: justify;\"><span style=\"color: #c81400;\"><strong>DESDE BOSTON A\u00a0<\/strong><strong>NUESTRA CIUDAD<\/strong><\/span><\/p>\n<p style=\"text-align: justify;\">Este enorme cami\u00f3n corresponde a un tipo de veh\u00edculo Ladder Truck 1994, marca Pierce de procedencia norteamericana, puntualmente del Cuerpo de Bomberos de Boston, con una escala mec\u00e1nica de 40 metros de altura y que fue asignado a la Segunda Compa\u00f1\u00eda \u2018La Internacional\u2019.<\/p>\n<p style=\"text-align: justify;\"><strong>Roberto Gonz\u00e1lez Short<\/strong><\/p>\n<figure id=\"attachment_102218\" aria-describedby=\"caption-attachment-102218\" style=\"width: 578px\" class=\"wp-caption alignnone\"><img data-recalc-dims=\"1\" loading=\"lazy\" decoding=\"async\" class=\"size-full wp-image-102218\" src=\"https:\/\/i0.wp.com\/eltrabajo.cl\/portal\/wp-content\/uploads\/2020\/08\/Bolardos1.jpg?resize=578%2C386&#038;ssl=1\" alt=\"QUITAN BOLARDOS.- Este martes en horas de la ma\u00f1ana as\u00ed luc\u00eda calle Prat, los bolardos fueron removidos a petici\u00f3n de Bomberos.\" width=\"578\" height=\"386\" srcset=\"https:\/\/i0.wp.com\/eltrabajo.cl\/portal\/wp-content\/uploads\/2020\/08\/Bolardos1.jpg?w=578&amp;ssl=1 578w, https:\/\/i0.wp.com\/eltrabajo.cl\/portal\/wp-content\/uploads\/2020\/08\/Bolardos1.jpg?resize=300%2C200&amp;ssl=1 300w, https:\/\/i0.wp.com\/eltrabajo.cl\/portal\/wp-content\/uploads\/2020\/08\/Bolardos1.jpg?resize=200%2C134&amp;ssl=1 200w\" sizes=\"auto, (max-width: 578px) 100vw, 578px\" \/><figcaption id=\"caption-attachment-102218\" class=\"wp-caption-text\">QUITAN BOLARDOS.- Este martes en horas de la ma\u00f1ana as\u00ed luc\u00eda calle Prat, los bolardos fueron removidos a petici\u00f3n de Bomberos.<\/figcaption><\/figure>\n<figure id=\"attachment_102219\" aria-describedby=\"caption-attachment-102219\" style=\"width: 579px\" class=\"wp-caption alignnone\"><img data-recalc-dims=\"1\" loading=\"lazy\" decoding=\"async\" class=\"size-full wp-image-102219\" src=\"https:\/\/i0.wp.com\/eltrabajo.cl\/portal\/wp-content\/uploads\/2020\/08\/Bolardos2.jpg?resize=579%2C387&#038;ssl=1\" alt=\"Este es el cami\u00f3n porta escala de procedencia norteamericana, por el cual se debieron eliminar los bolardos de calle Prat.\" width=\"579\" height=\"387\" srcset=\"https:\/\/i0.wp.com\/eltrabajo.cl\/portal\/wp-content\/uploads\/2020\/08\/Bolardos2.jpg?w=579&amp;ssl=1 579w, https:\/\/i0.wp.com\/eltrabajo.cl\/portal\/wp-content\/uploads\/2020\/08\/Bolardos2.jpg?resize=300%2C201&amp;ssl=1 300w, https:\/\/i0.wp.com\/eltrabajo.cl\/portal\/wp-content\/uploads\/2020\/08\/Bolardos2.jpg?resize=200%2C134&amp;ssl=1 200w\" sizes=\"auto, (max-width: 579px) 100vw, 579px\" \/><figcaption id=\"caption-attachment-102219\" class=\"wp-caption-text\">Este es el cami\u00f3n porta escala de procedencia norteamericana, por el cual se debieron eliminar los bolardos de calle Prat.<\/figcaption><\/figure>\n<figure id=\"attachment_102220\" aria-describedby=\"caption-attachment-102220\" style=\"width: 579px\" class=\"wp-caption alignnone\"><img data-recalc-dims=\"1\" loading=\"lazy\" decoding=\"async\" class=\"size-full wp-image-102220\" src=\"https:\/\/i0.wp.com\/eltrabajo.cl\/portal\/wp-content\/uploads\/2020\/08\/Bolardos_David-Guajardo.jpg?resize=579%2C557&#038;ssl=1\" alt=\"David Guajardo, superintendente del Cuerpo de Bomberos de San Felipe.\" width=\"579\" height=\"557\" srcset=\"https:\/\/i0.wp.com\/eltrabajo.cl\/portal\/wp-content\/uploads\/2020\/08\/Bolardos_David-Guajardo.jpg?w=579&amp;ssl=1 579w, https:\/\/i0.wp.com\/eltrabajo.cl\/portal\/wp-content\/uploads\/2020\/08\/Bolardos_David-Guajardo.jpg?resize=300%2C289&amp;ssl=1 300w, https:\/\/i0.wp.com\/eltrabajo.cl\/portal\/wp-content\/uploads\/2020\/08\/Bolardos_David-Guajardo.jpg?resize=156%2C150&amp;ssl=1 156w\" sizes=\"auto, (max-width: 579px) 100vw, 579px\" \/><figcaption id=\"caption-attachment-102220\" class=\"wp-caption-text\">David Guajardo, superintendente del Cuerpo de Bomberos de San Felipe.<\/figcaption><\/figure>\n","protected":false},"excerpt":{"rendered":"<p>Enorme carro porta escala no cab\u00eda en esa v\u00eda: Muchos de nuestros lectores han llamado a Diario El Trabajo preguntando las razones del por qu\u00e9 el Municipio ha quitado del Boulevard de&#8230;<\/p>\n","protected":false},"author":482,"featured_media":102218,"comment_status":"closed","ping_status":"open","sticky":false,"template":"","format":"standard","meta":{"advanced_seo_description":"","jetpack_seo_html_title":"","jetpack_seo_noindex":false,"_jetpack_memberships_contains_paid_content":false,"footnotes":""},"categories":[15],"tags":[],"class_list":["post-102217","post","type-post","status-publish","format-standard","has-post-thumbnail","hentry","category-comunidad"],"jetpack_featured_media_url":"https:\/\/i0.wp.com\/eltrabajo.cl\/portal\/wp-content\/uploads\/2020\/08\/Bolardos1.jpg?fit=578%2C386&ssl=1","jetpack_sharing_enabled":true,"jetpack_likes_enabled":true,"jetpack-related-posts":[],"_links":{"self":[{"href":"https:\/\/eltrabajo.cl\/portal\/wp-json\/wp\/v2\/posts\/102217","targetHints":{"allow":["GET"]}}],"collection":[{"href":"https:\/\/eltrabajo.cl\/portal\/wp-json\/wp\/v2\/posts"}],"about":[{"href":"https:\/\/eltrabajo.cl\/portal\/wp-json\/wp\/v2\/types\/post"}],"author":[{"embeddable":true,"href":"https:\/\/eltrabajo.cl\/portal\/wp-json\/wp\/v2\/users\/482"}],"replies":[{"embeddable":true,"href":"https:\/\/eltrabajo.cl\/portal\/wp-json\/wp\/v2\/comments?post=102217"}],"version-history":[{"count":0,"href":"https:\/\/eltrabajo.cl\/portal\/wp-json\/wp\/v2\/posts\/102217\/revisions"}],"wp:featuredmedia":[{"embeddable":true,"href":"https:\/\/eltrabajo.cl\/portal\/wp-json\/wp\/v2\/media\/102218"}],"wp:attachment":[{"href":"https:\/\/eltrabajo.cl\/portal\/wp-json\/wp\/v2\/media?parent=102217"}],"wp:term":[{"taxonomy":"category","embeddable":true,"href":"https:\/\/eltrabajo.cl\/portal\/wp-json\/wp\/v2\/categories?post=102217"},{"taxonomy":"post_tag","embeddable":true,"href":"https:\/\/eltrabajo.cl\/portal\/wp-json\/wp\/v2\/tags?post=102217"}],"curies":[{"name":"wp","href":"https:\/\/api.w.org\/{rel}","templated":true}]}}