{"id":102222,"date":"2020-08-19T08:00:13","date_gmt":"2020-08-19T12:00:13","guid":{"rendered":"https:\/\/www.eltrabajo.cl\/portal\/?p=102222"},"modified":"2020-08-18T21:55:09","modified_gmt":"2020-08-19T01:55:09","slug":"bicicletas-carvallo-baja-sus-cortinas-despues-de-60-anos-de-reparaciones","status":"publish","type":"post","link":"https:\/\/eltrabajo.cl\/portal\/bicicletas-carvallo-baja-sus-cortinas-despues-de-60-anos-de-reparaciones\/","title":{"rendered":"\u2018Bicicletas Carvallo\u2019 baja sus cortinas despu\u00e9s de 60 a\u00f1os de reparaciones"},"content":{"rendered":"<p style=\"text-align: left;\"><span style=\"color: #c81400;\"><strong>El 28 de agosto ser\u00e1 el \u00faltimo d\u00eda:<\/strong><\/span><\/p>\n<p style=\"text-align: justify;\">Aplicaci\u00f3n del Plan Maestro de Tr\u00e1nsito en San Felipe, estallido social de octubre y pandemia terminan por pasarle la cuenta a un negocio de mucha tradici\u00f3n familiar en San Felipe, que funcion\u00f3 por m\u00e1s de sesenta a\u00f1os y que el pr\u00f3ximo viernes 28 de agosto cerrar\u00e1 definitivamente sus puertas, o como dicen los comerciantes, <strong>\u00abbajar\u00e1 sus cortinas\u00bb<\/strong>. Se trata de <strong>\u2018Bicicletas Carvallo\u2019<\/strong>, taller ubicado en calle Prat 73. Actualmente est\u00e1 siendo administrado por <strong>Eugenio Carvallo<\/strong>,\u00a0 hijo del matrimonio conformado por <strong>Hortensia D\u00edaz<\/strong> y <strong>Eugenio Carvallo<\/strong>.<\/p>\n<p style=\"text-align: justify;\">El \u2018Keno\u2019 Carvallo, en conversaci\u00f3n con nuestro medio, confirm\u00f3 la noticia reconociendo que es una decisi\u00f3n dif\u00edcil, triste, <em>\u00abpero hay motivos sentimentales en cuanto a que el negocio \u2018Bicicletas Carvallo\u2019 lo cre\u00f3 mi padre en a\u00f1o 1952 en calle Salinas, cuando compr\u00f3 la propiedad en calle Salinas, ah\u00ed entre Prat y Santo Domingo, y \u00e9l acaba de fallecer ahora a fines del mes de junio, as\u00ed es que ah\u00ed tom\u00e9 la decisi\u00f3n porque \u00e9l fue el art\u00edfice de esto y ya no est\u00e1, entonces no hab\u00eda motivo para seguir manteniendo este local, y por otro lado tambi\u00e9n gatill\u00f3 estos \u00faltimos tres a\u00f1os; 2018, 2019 y ahora el 2020 que hemos venido sufriendo circunstancias extra comerciales que afectaron al comercio en general de esta calle. Este sector, exclusivamente esta cuadra, ya quedan pocos locales abiertos, o sea ya han cerrado muchos locales, ya quedan cuatro a cinco locales abiertos, como no hay continuidad de varios locales que pueda la gente transitar, venir a vitrinear, eso hace que sea poco atractivo, digamos comercialmente, para instalarse, y sobre todo si hay que\u00a0 pagar arriendo, eso lo perjudica mucho m\u00e1s porque lamentablemente los arriendos se llevan mucha parte de lo que uno puede ganar en el negocio\u00bb,<\/em> se\u00f1al\u00f3.<\/p>\n<p style=\"text-align: justify;\">Rescat\u00f3 que \u00e9l depende de otros ingresos que tiene por lo que espera seguir en otro rubro.<\/p>\n<p style=\"text-align: justify;\">&#8211; <strong>\u00bfQu\u00e9 hay de cierto que est\u00e1 trabajando para pagar el arriendo, en palabras simples?<\/strong><\/p>\n<p style=\"text-align: justify;\">&#8211; En palabras simples es lo que est\u00e1 pasando, porque antes de la cuarentena y ahora despu\u00e9s de la cuarentena, pr\u00e1cticamente la gente sale medio d\u00eda; yo abro en las tardes y la gente sale muy poco. El d\u00eda s\u00e1bado no se puede abrir, los horarios de trabajo son acotados y trabajar as\u00ed, en estas circunstancias que no es normal, al final el que gana m\u00e1s plata es el due\u00f1o del local que uno como comerciante.<\/p>\n<p style=\"text-align: justify;\">&#8211; <strong>\u00bfQu\u00e9 importancia reviste para usted el perjuicio ocasionado por la aplicaci\u00f3n del Plan Maestro de Tr\u00e1nsito?, teniendo en cuenta que usted en su momento fue el vocero de los comerciantes que manifestaban su malestar, \u00bftambi\u00e9n tiene que ver que le vaya mal comercialmente en este sentido o no?<\/strong><\/p>\n<p style=\"text-align: justify;\">&#8211; Indudable que afect\u00f3 al comercio en general, no solamente a m\u00ed, porque el tema fue que cuando se sacaron los estacionamientos superficiales no tuvimos alternativa que la gente o el cliente pudiera estacionar en otro lugar, entonces pas\u00f3 mucho tiempo en que las autoridades se dieran cuenta de que hab\u00eda que tener estacionamientos privados para que la gente pudiera estacionar, como que nunca entendieron de que el comercio no solo se abastece de clientes que viven en San Felipe, mayoritariamente los clientes que vienen son fuera de San Felipe, de Catemu, Llay Llay, Putaendo, esa gente viene en su veh\u00edculo y tiene que estacionarse, entonces \u00bfqu\u00e9 pas\u00f3 despu\u00e9s de siete meses que tuvimos la calle cerrada?, que esa gente al no tener estacionamiento\u2026 se fue a comprar a Los Andes sencillamente y ah\u00ed fuimos perdiendo clientela; despu\u00e9s vino lo de octubre que nos perjudic\u00f3 m\u00e1s todav\u00eda y ahora esto, as\u00ed es que la verdad quiero dormir tranquilo, no tengo deudas y no quiero hacerme de deudas, as\u00ed es que por eso tom\u00e9 la triste decisi\u00f3n de cerrarlo. La verdad que para m\u00ed esto de la bicicleta era algo que disfrutaba porque siempre me ha encantado la bicicleta y mi padre me ense\u00f1\u00f3 desde chico a arreglar bicicletas, y la verdad que vivi\u00f3 momentos muy lindos en este rubro.<\/p>\n<p style=\"text-align: justify;\">&#8211; <strong>\u00bfCu\u00e1ndo cierra ya Eugenio?<\/strong><\/p>\n<p style=\"text-align: justify;\">&#8211; El viernes 28 ya entrego el local, ya lo he estado desocupando de a poco y ya el viernes 28 bajo las cortinas y me dedico a otra cosa (r\u00ede).<\/p>\n<p style=\"text-align: justify;\">&#8211; <strong>\u00bfC\u00f3mo se imagina ese d\u00eda?<\/strong><\/p>\n<p style=\"text-align: justify;\">&#8211; Mira, no te puedo negar que hay sentimientos y preocupaci\u00f3n porque yo he trabajado toda mi vida, llevo trabajando de los 19-20 a\u00f1os sin parar en diferentes cosas, estuve metido en la agricultura, intercalado tambi\u00e9n con la preocupaci\u00f3n de trabajar, de encargarme de este local, y nunca he estado sin hacer nada, pero algo habr\u00e1 que inventar.<\/p>\n<p style=\"text-align: justify;\">&#8211; <strong>\u00bfVa a llorar ese d\u00eda yo creo?, porque son a\u00f1os de un negocio familiar.<\/strong><\/p>\n<p style=\"text-align: justify;\">&#8211; S\u00ed, claro, la verdad que la cuarentena me sirvi\u00f3 para tomar la decisi\u00f3n, meditarlo y con mi familia, con mi madre que tambi\u00e9n me apoya\u2026 mi madre est\u00e1 muy de acuerdo tambi\u00e9n de la decisi\u00f3n que yo tom\u00e9, porque la verdad que este negocio yo lo mantuve por a\u00f1os, m\u00e1s por mi madre estos \u00faltimos a\u00f1os, para que ella viniera, se entretuviera, pero ya ella por su edad dej\u00f3 de venir as\u00ed es que ya no hab\u00edan m\u00e1s motivos como para mantenerlo. S\u00f3lo queda agradecer a las miles por no decir cientos de personas que llevaron a reparar su bicicleta o comprar m\u00e1s de un repuesto, una c\u00e1mara.<\/p>\n<p style=\"text-align: justify;\">Reiteramos, el d\u00eda viernes 28 de agosto baja sus cortinas \u2018Bicicletas Carvallo\u2019.<\/p>\n<figure id=\"attachment_102223\" aria-describedby=\"caption-attachment-102223\" style=\"width: 579px\" class=\"wp-caption alignnone\"><img data-recalc-dims=\"1\" loading=\"lazy\" decoding=\"async\" class=\"size-full wp-image-102223\" src=\"https:\/\/i0.wp.com\/eltrabajo.cl\/portal\/wp-content\/uploads\/2020\/08\/Keno-2.jpg?resize=579%2C388&#038;ssl=1\" alt=\"Estas cortinas ser\u00e1n bajadas por \u00faltima vez el pr\u00f3ximo d\u00eda viernes 28 de agosto.\" width=\"579\" height=\"388\" srcset=\"https:\/\/i0.wp.com\/eltrabajo.cl\/portal\/wp-content\/uploads\/2020\/08\/Keno-2.jpg?w=579&amp;ssl=1 579w, https:\/\/i0.wp.com\/eltrabajo.cl\/portal\/wp-content\/uploads\/2020\/08\/Keno-2.jpg?resize=300%2C201&amp;ssl=1 300w, https:\/\/i0.wp.com\/eltrabajo.cl\/portal\/wp-content\/uploads\/2020\/08\/Keno-2.jpg?resize=200%2C134&amp;ssl=1 200w\" sizes=\"auto, (max-width: 579px) 100vw, 579px\" \/><figcaption id=\"caption-attachment-102223\" class=\"wp-caption-text\">Estas cortinas ser\u00e1n bajadas por \u00faltima vez el pr\u00f3ximo d\u00eda viernes 28 de agosto.<\/figcaption><\/figure>\n<figure id=\"attachment_102224\" aria-describedby=\"caption-attachment-102224\" style=\"width: 579px\" class=\"wp-caption alignnone\"><img data-recalc-dims=\"1\" loading=\"lazy\" decoding=\"async\" class=\"size-full wp-image-102224\" src=\"https:\/\/i0.wp.com\/eltrabajo.cl\/portal\/wp-content\/uploads\/2020\/08\/Keno.jpg?resize=579%2C381&#038;ssl=1\" alt=\"Con la emoci\u00f3n reflejada en el rostro, Eugenio Carvallo permanece detr\u00e1s del mes\u00f3n de \u2018Bicicletas Carvallo\u2019, a solo d\u00edas de cerrar sus puertas.\" width=\"579\" height=\"381\" srcset=\"https:\/\/i0.wp.com\/eltrabajo.cl\/portal\/wp-content\/uploads\/2020\/08\/Keno.jpg?w=579&amp;ssl=1 579w, https:\/\/i0.wp.com\/eltrabajo.cl\/portal\/wp-content\/uploads\/2020\/08\/Keno.jpg?resize=300%2C197&amp;ssl=1 300w, https:\/\/i0.wp.com\/eltrabajo.cl\/portal\/wp-content\/uploads\/2020\/08\/Keno.jpg?resize=200%2C132&amp;ssl=1 200w\" sizes=\"auto, (max-width: 579px) 100vw, 579px\" \/><figcaption id=\"caption-attachment-102224\" class=\"wp-caption-text\">Con la emoci\u00f3n reflejada en el rostro, Eugenio Carvallo permanece detr\u00e1s del mes\u00f3n de \u2018Bicicletas Carvallo\u2019, a solo d\u00edas de cerrar sus puertas.<\/figcaption><\/figure>\n","protected":false},"excerpt":{"rendered":"<p>El 28 de agosto ser\u00e1 el \u00faltimo d\u00eda: Aplicaci\u00f3n del Plan Maestro de Tr\u00e1nsito en San Felipe, estallido social de octubre y pandemia terminan por pasarle la cuenta a un negocio de&#8230;<\/p>\n","protected":false},"author":482,"featured_media":102224,"comment_status":"closed","ping_status":"open","sticky":false,"template":"","format":"standard","meta":{"advanced_seo_description":"","jetpack_seo_html_title":"","jetpack_seo_noindex":false,"_jetpack_memberships_contains_paid_content":false,"footnotes":""},"categories":[15],"tags":[],"class_list":["post-102222","post","type-post","status-publish","format-standard","has-post-thumbnail","hentry","category-comunidad"],"jetpack_featured_media_url":"https:\/\/i0.wp.com\/eltrabajo.cl\/portal\/wp-content\/uploads\/2020\/08\/Keno.jpg?fit=579%2C381&ssl=1","jetpack_sharing_enabled":true,"jetpack_likes_enabled":true,"jetpack-related-posts":[],"_links":{"self":[{"href":"https:\/\/eltrabajo.cl\/portal\/wp-json\/wp\/v2\/posts\/102222","targetHints":{"allow":["GET"]}}],"collection":[{"href":"https:\/\/eltrabajo.cl\/portal\/wp-json\/wp\/v2\/posts"}],"about":[{"href":"https:\/\/eltrabajo.cl\/portal\/wp-json\/wp\/v2\/types\/post"}],"author":[{"embeddable":true,"href":"https:\/\/eltrabajo.cl\/portal\/wp-json\/wp\/v2\/users\/482"}],"replies":[{"embeddable":true,"href":"https:\/\/eltrabajo.cl\/portal\/wp-json\/wp\/v2\/comments?post=102222"}],"version-history":[{"count":0,"href":"https:\/\/eltrabajo.cl\/portal\/wp-json\/wp\/v2\/posts\/102222\/revisions"}],"wp:featuredmedia":[{"embeddable":true,"href":"https:\/\/eltrabajo.cl\/portal\/wp-json\/wp\/v2\/media\/102224"}],"wp:attachment":[{"href":"https:\/\/eltrabajo.cl\/portal\/wp-json\/wp\/v2\/media?parent=102222"}],"wp:term":[{"taxonomy":"category","embeddable":true,"href":"https:\/\/eltrabajo.cl\/portal\/wp-json\/wp\/v2\/categories?post=102222"},{"taxonomy":"post_tag","embeddable":true,"href":"https:\/\/eltrabajo.cl\/portal\/wp-json\/wp\/v2\/tags?post=102222"}],"curies":[{"name":"wp","href":"https:\/\/api.w.org\/{rel}","templated":true}]}}