{"id":102231,"date":"2020-08-19T22:38:30","date_gmt":"2020-08-20T02:38:30","guid":{"rendered":"https:\/\/www.eltrabajo.cl\/portal\/?p=102231"},"modified":"2020-08-19T22:38:30","modified_gmt":"2020-08-20T02:38:30","slug":"resonador-magnetico-del-hospital-san-camilo-ya-es-toda-una-realidad","status":"publish","type":"post","link":"https:\/\/eltrabajo.cl\/portal\/resonador-magnetico-del-hospital-san-camilo-ya-es-toda-una-realidad\/","title":{"rendered":"Resonador Magn\u00e9tico del Hospital San Camilo ya es toda una realidad"},"content":{"rendered":"<ul style=\"text-align: justify;\">\n<li style=\"text-align: left;\"><strong>Inversi\u00f3n superior a los 2 mil 200 millones de pesos beneficia a pacientes de todo el Valle del Aconcagua<\/strong><\/li>\n<\/ul>\n<p style=\"text-align: justify;\">El primer resonador magn\u00e9tico del sistema p\u00fablico del Valle del Aconcagua ya es una realidad. Est\u00e1 en pleno funcionamiento y a la fecha ha beneficiado a m\u00e1s de 120 personas.<\/p>\n<p style=\"text-align: justify;\">Esto es lo que pudieron constatar las autoridades de la provincia tras visitar las nuevas y modernas dependencias ubicadas en el Hospital San Camilo, en donde pudieron conocer sus prestaciones y los beneficios que esto conlleva para toda la comunidad.<\/p>\n<p style=\"text-align: justify;\">\u00ab<em>Estamos muy contentos con esta puesta en marcha del resonador, pues ven\u00edamos trabajando para ello desde hace a\u00f1os, lo cual, gracias a una inversi\u00f3n ministerial de 2 mil 200 millones, pudimos concretar ahora con el beneficio directo para toda la comunidad que lo requiera en ambas provincias, especialmente aquellas que estaban en lista de espera y aquellas que estando hospitalizadas lo requieran para un diagn\u00f3stico m\u00e1s preciso\u00bb,<\/em> asegur\u00f3 <strong>Susan Porras<\/strong>, directora del Servicio de Salud Aconcagua.<\/p>\n<p style=\"text-align: justify;\">Por su parte, el gobernador subrogante de San Felipe, <strong>Humberto Lepe<\/strong>, indic\u00f3 que esta tremenda noticia <em>\u00abbeneficia al 80% de la poblaci\u00f3n que es la que se atiende en el sistema p\u00fablico, quienes ahora ven mejorada la capacidad diagn\u00f3stica sin tener que trasladarse a Santiago o Valpara\u00edso, porque ac\u00e1 tambi\u00e9n desde ahora tienen la mejor tecnolog\u00eda\u00bb.<\/em><\/p>\n<p style=\"text-align: justify;\">Asimismo, <strong>Sergio Salazar<\/strong>, gobernador de la provincia de Los Andes, destac\u00f3 la importancia de que ambos hospitales de San Felipe y Los Andes obtengan la mejor calidad en salud. <em>\u00abEsto nos beneficia a ambas provincias, as\u00ed que quiero felicitar al Servicio de Salud Aconcagua por disponer de la mejor tecnolog\u00eda para nuestra comunidad ahora en San Felipe, as\u00ed como tambi\u00e9n se ha hecho en Los Andes, pues junto con mejorar los diagn\u00f3sticos, adem\u00e1s, permite importantes ahorros tanto de tiempo como de dinero al momento de recibir atenci\u00f3n\u00bb. <\/em><\/p>\n<p style=\"text-align: justify;\">Finalmente, el Dr. <strong>Jorge Varela<\/strong>, neurorradi\u00f3logo jefe de Imagenolog\u00eda del Hospital San Camilo, asegur\u00f3 que este equipo es de los mejores a nivel mundial. <em>\u00abEste es un aparato de \u00faltima generaci\u00f3n, a la altura de los mejores del mundo, que tiene la capacidad de hacer prestaciones de todo el cuerpo, por lo que\u00a0 con esto damos un salto cualitativo en cuanto al diagn\u00f3stico, porque nos entrega mucho mayor precisi\u00f3n y mucha m\u00e1s especificidad, as\u00ed que es un verdadero avance para la salud de nuestros usuarios\u00bb.<\/em><\/p>\n<p style=\"text-align: justify;\">Cabe destacar que a la fecha el equipo humano a cargo -que tambi\u00e9n incluye personal t\u00e9cnico, administrativo y profesional- ya ha realizado 120 ex\u00e1menes entre pacientes hospitalizados, lista de espera, urgencias y pacientes GES, con \u00f3ptimos resultados, logrando atender entre 8 y 10 pacientes diarios.<\/p>\n<figure id=\"attachment_102232\" aria-describedby=\"caption-attachment-102232\" style=\"width: 579px\" class=\"wp-caption alignnone\"><img data-recalc-dims=\"1\" loading=\"lazy\" decoding=\"async\" class=\"size-full wp-image-102232\" src=\"https:\/\/i0.wp.com\/eltrabajo.cl\/portal\/wp-content\/uploads\/2020\/08\/resonador-margnetico-1.jpg?resize=579%2C386&#038;ssl=1\" alt=\"El nuevo dispositivo es de \u00faltima generaci\u00f3n y est\u00e1 a la altura de los mejores del mundo, con capacidad de examinar todo el cuerpo, lo que mejora la capacidad diagn\u00f3stica al entregar mayor precisi\u00f3n y especificidad en los ex\u00e1menes.\" width=\"579\" height=\"386\" srcset=\"https:\/\/i0.wp.com\/eltrabajo.cl\/portal\/wp-content\/uploads\/2020\/08\/resonador-margnetico-1.jpg?w=579&amp;ssl=1 579w, https:\/\/i0.wp.com\/eltrabajo.cl\/portal\/wp-content\/uploads\/2020\/08\/resonador-margnetico-1.jpg?resize=300%2C200&amp;ssl=1 300w, https:\/\/i0.wp.com\/eltrabajo.cl\/portal\/wp-content\/uploads\/2020\/08\/resonador-margnetico-1.jpg?resize=200%2C133&amp;ssl=1 200w\" sizes=\"auto, (max-width: 579px) 100vw, 579px\" \/><figcaption id=\"caption-attachment-102232\" class=\"wp-caption-text\">El nuevo dispositivo es de \u00faltima generaci\u00f3n y est\u00e1 a la altura de los mejores del mundo, con capacidad de examinar todo el cuerpo, lo que mejora la capacidad diagn\u00f3stica al entregar mayor precisi\u00f3n y especificidad en los ex\u00e1menes.<\/figcaption><\/figure>\n<figure id=\"attachment_102233\" aria-describedby=\"caption-attachment-102233\" style=\"width: 578px\" class=\"wp-caption alignnone\"><img data-recalc-dims=\"1\" loading=\"lazy\" decoding=\"async\" class=\"size-full wp-image-102233\" src=\"https:\/\/i0.wp.com\/eltrabajo.cl\/portal\/wp-content\/uploads\/2020\/08\/resonador-margnetico-2.jpg?resize=578%2C339&#038;ssl=1\" alt=\"Autoridades de la provincia visitaron las nuevas y modernas dependencias ubicadas en el Hospital San Camilo, en donde pudieron conocer las prestaciones y los beneficios que conlleva el resonador magn\u00e9tico.\" width=\"578\" height=\"339\" srcset=\"https:\/\/i0.wp.com\/eltrabajo.cl\/portal\/wp-content\/uploads\/2020\/08\/resonador-margnetico-2.jpg?w=578&amp;ssl=1 578w, https:\/\/i0.wp.com\/eltrabajo.cl\/portal\/wp-content\/uploads\/2020\/08\/resonador-margnetico-2.jpg?resize=300%2C176&amp;ssl=1 300w, https:\/\/i0.wp.com\/eltrabajo.cl\/portal\/wp-content\/uploads\/2020\/08\/resonador-margnetico-2.jpg?resize=200%2C117&amp;ssl=1 200w\" sizes=\"auto, (max-width: 578px) 100vw, 578px\" \/><figcaption id=\"caption-attachment-102233\" class=\"wp-caption-text\">Autoridades de la provincia visitaron las nuevas y modernas dependencias ubicadas en el Hospital San Camilo, en donde pudieron conocer las prestaciones y los beneficios que conlleva el resonador magn\u00e9tico.<\/figcaption><\/figure>\n","protected":false},"excerpt":{"rendered":"<p>Inversi\u00f3n superior a los 2 mil 200 millones de pesos beneficia a pacientes de todo el Valle del Aconcagua El primer resonador magn\u00e9tico del sistema p\u00fablico del Valle del Aconcagua ya es&#8230;<\/p>\n","protected":false},"author":482,"featured_media":102232,"comment_status":"closed","ping_status":"open","sticky":false,"template":"","format":"standard","meta":{"advanced_seo_description":"","jetpack_seo_html_title":"","jetpack_seo_noindex":false,"_jetpack_memberships_contains_paid_content":false,"footnotes":""},"categories":[103],"tags":[],"class_list":["post-102231","post","type-post","status-publish","format-standard","has-post-thumbnail","hentry","category-cronica-2"],"jetpack_featured_media_url":"https:\/\/i0.wp.com\/eltrabajo.cl\/portal\/wp-content\/uploads\/2020\/08\/resonador-margnetico-1.jpg?fit=579%2C386&ssl=1","jetpack_sharing_enabled":true,"jetpack_likes_enabled":true,"jetpack-related-posts":[],"_links":{"self":[{"href":"https:\/\/eltrabajo.cl\/portal\/wp-json\/wp\/v2\/posts\/102231","targetHints":{"allow":["GET"]}}],"collection":[{"href":"https:\/\/eltrabajo.cl\/portal\/wp-json\/wp\/v2\/posts"}],"about":[{"href":"https:\/\/eltrabajo.cl\/portal\/wp-json\/wp\/v2\/types\/post"}],"author":[{"embeddable":true,"href":"https:\/\/eltrabajo.cl\/portal\/wp-json\/wp\/v2\/users\/482"}],"replies":[{"embeddable":true,"href":"https:\/\/eltrabajo.cl\/portal\/wp-json\/wp\/v2\/comments?post=102231"}],"version-history":[{"count":0,"href":"https:\/\/eltrabajo.cl\/portal\/wp-json\/wp\/v2\/posts\/102231\/revisions"}],"wp:featuredmedia":[{"embeddable":true,"href":"https:\/\/eltrabajo.cl\/portal\/wp-json\/wp\/v2\/media\/102232"}],"wp:attachment":[{"href":"https:\/\/eltrabajo.cl\/portal\/wp-json\/wp\/v2\/media?parent=102231"}],"wp:term":[{"taxonomy":"category","embeddable":true,"href":"https:\/\/eltrabajo.cl\/portal\/wp-json\/wp\/v2\/categories?post=102231"},{"taxonomy":"post_tag","embeddable":true,"href":"https:\/\/eltrabajo.cl\/portal\/wp-json\/wp\/v2\/tags?post=102231"}],"curies":[{"name":"wp","href":"https:\/\/api.w.org\/{rel}","templated":true}]}}