{"id":102235,"date":"2020-08-20T07:40:10","date_gmt":"2020-08-20T11:40:10","guid":{"rendered":"https:\/\/www.eltrabajo.cl\/portal\/?p=102235"},"modified":"2020-08-19T22:41:04","modified_gmt":"2020-08-20T02:41:04","slug":"union-san-felipe-quedara-libre-cuando-vuelva-a-partir-el-futbol","status":"publish","type":"post","link":"https:\/\/eltrabajo.cl\/portal\/union-san-felipe-quedara-libre-cuando-vuelva-a-partir-el-futbol\/","title":{"rendered":"Uni\u00f3n San Felipe quedar\u00e1 libre cuando vuelva a partir el f\u00fatbol"},"content":{"rendered":"<p style=\"text-align: justify;\">En el retorno del f\u00fatbol profesional agendado para fines del presente mes, el torneo de la Primera B tendr\u00e1 en su programaci\u00f3n siete encuentros, sobresaliendo el hecho que Uni\u00f3n San Felipe quedar\u00e1 libre en dicha jornada.<\/p>\n<p style=\"text-align: justify;\">Los partidos de la serie B que se jugar\u00e1n en el retorno son:<\/p>\n<p style=\"text-align: justify;\">Santa Cruz \u2013 Melipilla; San Marcos \u2013 \u00d1ublense; Rangers \u2013 Temuco; Valdivia \u2013 Puerto Montt; Copiap\u00f3 \u2013 Cobreloa; Santiago Morning \u2013 San Luis; Magallanes \u2013 Barnechea.<\/p>\n<p style=\"text-align: justify;\">La fecha oficial del regreso del f\u00fatbol profesional chileno ser\u00eda oficializada en horas de ayer en el Estadio Nacional, en una ceremonia donde estar\u00edan presentes el presidente de la rep\u00fablica, Sebasti\u00e1n Pi\u00f1era; la ministra del Deporte, Cecilia P\u00e9rez; el timonel de la ANFP, Pablo Milad, y los capitanes de los equipos de la regi\u00f3n Metropolitana.<\/p>\n<p style=\"text-align: justify;\">\n<p style=\"text-align: justify;\"><span style=\"color: #c81400;\"><strong>Empat\u00f3 en el ensayo con Santiago Wanderers<\/strong><\/span><\/p>\n<p style=\"text-align: justify;\">Respecto al duelo de entrenamiento que ayer el Un\u00ed Un\u00ed sostuvo en Valpara\u00edso ante Santiago Wanderers, el lance termin\u00f3 igualado en blanco.<\/p>\n<p style=\"text-align: justify;\">En nuestra edici\u00f3n de ma\u00f1ana viernes daremos mayores antecedentes respecto a los pormenores que se registraron en el juego frente al conjunto porte\u00f1o.<\/p>\n<figure id=\"attachment_102236\" aria-describedby=\"caption-attachment-102236\" style=\"width: 578px\" class=\"wp-caption alignnone\"><img data-recalc-dims=\"1\" loading=\"lazy\" decoding=\"async\" class=\"size-full wp-image-102236\" src=\"https:\/\/i0.wp.com\/eltrabajo.cl\/portal\/wp-content\/uploads\/2020\/08\/uni-uni.jpg?resize=578%2C234&#038;ssl=1\" alt=\"La escuadra albirroja quedar\u00e1 libre en la fecha que marcar\u00e1 el reinicio de la competencia de plata del balompi\u00e9 profesional chileno.\" width=\"578\" height=\"234\" srcset=\"https:\/\/i0.wp.com\/eltrabajo.cl\/portal\/wp-content\/uploads\/2020\/08\/uni-uni.jpg?w=578&amp;ssl=1 578w, https:\/\/i0.wp.com\/eltrabajo.cl\/portal\/wp-content\/uploads\/2020\/08\/uni-uni.jpg?resize=300%2C121&amp;ssl=1 300w, https:\/\/i0.wp.com\/eltrabajo.cl\/portal\/wp-content\/uploads\/2020\/08\/uni-uni.jpg?resize=200%2C81&amp;ssl=1 200w\" sizes=\"auto, (max-width: 578px) 100vw, 578px\" \/><figcaption id=\"caption-attachment-102236\" class=\"wp-caption-text\">La escuadra albirroja quedar\u00e1 libre en la fecha que marcar\u00e1 el reinicio de la competencia de plata del balompi\u00e9 profesional chileno.<\/figcaption><\/figure>\n","protected":false},"excerpt":{"rendered":"<p>En el retorno del f\u00fatbol profesional agendado para fines del presente mes, el torneo de la Primera B tendr\u00e1 en su programaci\u00f3n siete encuentros, sobresaliendo el hecho que Uni\u00f3n San Felipe quedar\u00e1&#8230;<\/p>\n","protected":false},"author":482,"featured_media":102236,"comment_status":"closed","ping_status":"open","sticky":false,"template":"","format":"standard","meta":{"advanced_seo_description":"","jetpack_seo_html_title":"","jetpack_seo_noindex":false,"_jetpack_memberships_contains_paid_content":false,"footnotes":""},"categories":[19],"tags":[],"class_list":["post-102235","post","type-post","status-publish","format-standard","has-post-thumbnail","hentry","category-deportes"],"jetpack_featured_media_url":"https:\/\/i0.wp.com\/eltrabajo.cl\/portal\/wp-content\/uploads\/2020\/08\/uni-uni.jpg?fit=578%2C234&ssl=1","jetpack_sharing_enabled":true,"jetpack_likes_enabled":true,"jetpack-related-posts":[],"_links":{"self":[{"href":"https:\/\/eltrabajo.cl\/portal\/wp-json\/wp\/v2\/posts\/102235","targetHints":{"allow":["GET"]}}],"collection":[{"href":"https:\/\/eltrabajo.cl\/portal\/wp-json\/wp\/v2\/posts"}],"about":[{"href":"https:\/\/eltrabajo.cl\/portal\/wp-json\/wp\/v2\/types\/post"}],"author":[{"embeddable":true,"href":"https:\/\/eltrabajo.cl\/portal\/wp-json\/wp\/v2\/users\/482"}],"replies":[{"embeddable":true,"href":"https:\/\/eltrabajo.cl\/portal\/wp-json\/wp\/v2\/comments?post=102235"}],"version-history":[{"count":0,"href":"https:\/\/eltrabajo.cl\/portal\/wp-json\/wp\/v2\/posts\/102235\/revisions"}],"wp:featuredmedia":[{"embeddable":true,"href":"https:\/\/eltrabajo.cl\/portal\/wp-json\/wp\/v2\/media\/102236"}],"wp:attachment":[{"href":"https:\/\/eltrabajo.cl\/portal\/wp-json\/wp\/v2\/media?parent=102235"}],"wp:term":[{"taxonomy":"category","embeddable":true,"href":"https:\/\/eltrabajo.cl\/portal\/wp-json\/wp\/v2\/categories?post=102235"},{"taxonomy":"post_tag","embeddable":true,"href":"https:\/\/eltrabajo.cl\/portal\/wp-json\/wp\/v2\/tags?post=102235"}],"curies":[{"name":"wp","href":"https:\/\/api.w.org\/{rel}","templated":true}]}}