{"id":102238,"date":"2020-08-20T07:45:08","date_gmt":"2020-08-20T11:45:08","guid":{"rendered":"https:\/\/www.eltrabajo.cl\/portal\/?p=102238"},"modified":"2020-08-19T22:45:51","modified_gmt":"2020-08-20T02:45:51","slug":"trabajador-fallece-mientras-efectuaba-trabajos-en-villa-el-sol-de-catemu","status":"publish","type":"post","link":"https:\/\/eltrabajo.cl\/portal\/trabajador-fallece-mientras-efectuaba-trabajos-en-villa-el-sol-de-catemu\/","title":{"rendered":"Trabajador fallece mientras efectuaba trabajos en Villa El Sol de Catemu"},"content":{"rendered":"<p style=\"text-align: justify;\">Un trabajador identificado como <strong>Manuel Esteban Rodr\u00edguez Vivanco<\/strong>, de 47 a\u00f1os de edad y domiciliado en el sector San Rafael de Los Andes, falleci\u00f3 ayer en la ma\u00f1ana al sufrir un accidente mientras trabajaba cortando el tronco de un \u00e1rbol para una empresa que est\u00e1 realizando trabajos de pavimentaci\u00f3n en Villa El Sol de la comuna de Catemu.<\/p>\n<p style=\"text-align: justify;\">Lo anterior seg\u00fan la informaci\u00f3n entregada por Carabineros de Catemu.<\/p>\n<p style=\"text-align: justify;\">La BH de la PDI de Los Andes se constituy\u00f3 en el lugar para efectuar la investigaci\u00f3n correspondiente.<\/p>\n<p style=\"text-align: justify;\">La v\u00edctima, oriunda de Los Andes, trabajaba para una empresa contratista y el deceso se habr\u00eda registrado al momento de tocar cables el\u00e9ctricos con su m\u00e1quina cortadora.<\/p>\n<figure id=\"attachment_102239\" aria-describedby=\"caption-attachment-102239\" style=\"width: 580px\" class=\"wp-caption alignnone\"><img data-recalc-dims=\"1\" loading=\"lazy\" decoding=\"async\" class=\"size-full wp-image-102239\" src=\"https:\/\/i0.wp.com\/eltrabajo.cl\/portal\/wp-content\/uploads\/2020\/08\/sml.jpg?resize=580%2C360&#038;ssl=1\" alt=\"El trabajador fue identificado como Manuel Rodr\u00edguez Vivanco (47), domiciliado en el sector San Rafael de Los Andes. (Foto referencial)\" width=\"580\" height=\"360\" srcset=\"https:\/\/i0.wp.com\/eltrabajo.cl\/portal\/wp-content\/uploads\/2020\/08\/sml.jpg?w=580&amp;ssl=1 580w, https:\/\/i0.wp.com\/eltrabajo.cl\/portal\/wp-content\/uploads\/2020\/08\/sml.jpg?resize=300%2C186&amp;ssl=1 300w, https:\/\/i0.wp.com\/eltrabajo.cl\/portal\/wp-content\/uploads\/2020\/08\/sml.jpg?resize=200%2C124&amp;ssl=1 200w\" sizes=\"auto, (max-width: 580px) 100vw, 580px\" \/><figcaption id=\"caption-attachment-102239\" class=\"wp-caption-text\">El trabajador fue identificado como Manuel Rodr\u00edguez Vivanco (47), domiciliado en el sector San Rafael de Los Andes. (Foto referencial)<\/figcaption><\/figure>\n","protected":false},"excerpt":{"rendered":"<p>Un trabajador identificado como Manuel Esteban Rodr\u00edguez Vivanco, de 47 a\u00f1os de edad y domiciliado en el sector San Rafael de Los Andes, falleci\u00f3 ayer en la ma\u00f1ana al sufrir un accidente&#8230;<\/p>\n","protected":false},"author":482,"featured_media":102239,"comment_status":"closed","ping_status":"open","sticky":false,"template":"","format":"standard","meta":{"advanced_seo_description":"","jetpack_seo_html_title":"","jetpack_seo_noindex":false,"_jetpack_memberships_contains_paid_content":false,"footnotes":""},"categories":[21],"tags":[],"class_list":["post-102238","post","type-post","status-publish","format-standard","has-post-thumbnail","hentry","category-policial"],"jetpack_featured_media_url":"https:\/\/i0.wp.com\/eltrabajo.cl\/portal\/wp-content\/uploads\/2020\/08\/sml.jpg?fit=580%2C360&ssl=1","jetpack_sharing_enabled":true,"jetpack_likes_enabled":true,"jetpack-related-posts":[],"_links":{"self":[{"href":"https:\/\/eltrabajo.cl\/portal\/wp-json\/wp\/v2\/posts\/102238","targetHints":{"allow":["GET"]}}],"collection":[{"href":"https:\/\/eltrabajo.cl\/portal\/wp-json\/wp\/v2\/posts"}],"about":[{"href":"https:\/\/eltrabajo.cl\/portal\/wp-json\/wp\/v2\/types\/post"}],"author":[{"embeddable":true,"href":"https:\/\/eltrabajo.cl\/portal\/wp-json\/wp\/v2\/users\/482"}],"replies":[{"embeddable":true,"href":"https:\/\/eltrabajo.cl\/portal\/wp-json\/wp\/v2\/comments?post=102238"}],"version-history":[{"count":0,"href":"https:\/\/eltrabajo.cl\/portal\/wp-json\/wp\/v2\/posts\/102238\/revisions"}],"wp:featuredmedia":[{"embeddable":true,"href":"https:\/\/eltrabajo.cl\/portal\/wp-json\/wp\/v2\/media\/102239"}],"wp:attachment":[{"href":"https:\/\/eltrabajo.cl\/portal\/wp-json\/wp\/v2\/media?parent=102238"}],"wp:term":[{"taxonomy":"category","embeddable":true,"href":"https:\/\/eltrabajo.cl\/portal\/wp-json\/wp\/v2\/categories?post=102238"},{"taxonomy":"post_tag","embeddable":true,"href":"https:\/\/eltrabajo.cl\/portal\/wp-json\/wp\/v2\/tags?post=102238"}],"curies":[{"name":"wp","href":"https:\/\/api.w.org\/{rel}","templated":true}]}}