{"id":102241,"date":"2020-08-20T07:50:01","date_gmt":"2020-08-20T11:50:01","guid":{"rendered":"https:\/\/www.eltrabajo.cl\/portal\/?p=102241"},"modified":"2020-08-19T22:52:00","modified_gmt":"2020-08-20T02:52:00","slug":"hoy-jueves-cumple-100-anos-de-trabajo-social-nuestra-cruz-roja-de-san-felipe","status":"publish","type":"post","link":"https:\/\/eltrabajo.cl\/portal\/hoy-jueves-cumple-100-anos-de-trabajo-social-nuestra-cruz-roja-de-san-felipe\/","title":{"rendered":"Hoy jueves cumple 100 a\u00f1os de trabajo social nuestra Cruz Roja de San Felipe"},"content":{"rendered":"<p style=\"text-align: left;\"><span style=\"color: #c81400;\"><strong>Voluntarios siguen afili\u00e1ndose a esta benem\u00e9rita instituci\u00f3n:<\/strong><\/span><\/p>\n<p style=\"text-align: justify;\">El viernes 20 de agosto de 1920 se fund\u00f3 en San Felipe por iniciativa y liderazgo del Dr. <strong>Luis Gajardo Guerrero<\/strong> la primera filial de la Cruz Roja en nuestra comuna, lo que significa que hoy esta benem\u00e9rita instituci\u00f3n est\u00e1 cumpliendo un siglo de existencia al servicio de las pasadas y presente generaci\u00f3n de sanfelipe\u00f1os.<\/p>\n<p style=\"text-align: justify;\">Los miles de voluntarios que han reforzado en estos 100 a\u00f1os de trabajo social desde la trinchera de la Cruz Roja se han destacado en labores de rescate en los terremotos e inundaciones, acopio de recursos asistenciales para damnificados de incendios y tragedia familiares en el Valle de Aconcagua y en la V Regi\u00f3n.<\/p>\n<p style=\"text-align: justify;\">\n<p style=\"text-align: justify;\"><span style=\"color: #c81400;\"><strong>LA CRUZ ROJA HOY<\/strong><\/span><\/p>\n<p style=\"text-align: justify;\"><strong>Diario El Trabajo<\/strong> habl\u00f3 con la mujer que desde 1999 preside esta en\u00e9rgica filial sanfelipe\u00f1a de la Cruz Roja, <strong>Mar\u00eda G\u00f3mez Ruiz<\/strong>, ella y muchos voluntarios han sabido impregnarle a la instituci\u00f3n el sello de la excelencia, humanismo y disponibilidad a\u00f1o tras a\u00f1o.<\/p>\n<p style=\"text-align: justify;\">\u00ab<em>Estamos como familia cruzrojista m\u00e1s que contentos de vernos celebrando estos 100 a\u00f1os de trabajo social en nuestra comuna, quiero por lo tanto saludar a los voluntarios de Ayer y Hoy, por su vocaci\u00f3n, entrega y amor a nuestra instituci\u00f3n y a los usuarios de nuestra filial a trav\u00e9s de los servicios que prestamos: Oftalmolog\u00eda,, Medicina General, Kinesiolog\u00eda, Podolog\u00eda, Odontolog\u00eda, Salud Mental, \u00d3ptica y mucho trabajo en terreno para que en estos tiempos de Pandemia nuestros vecinos tengan su Caja de Amor, como hemos llamado a la campa\u00f1a social a\u00fan en desarrollo<\/em>\u00bb, dijo G\u00f3mez a nuestro medio.<\/p>\n<p style=\"text-align: justify;\">\n<p style=\"text-align: justify;\"><span style=\"color: #c81400;\"><strong>UNA CAJA DE AMOR<\/strong><\/span><\/p>\n<p style=\"text-align: justify;\">Desde que los efectos de la pandemia empezaron a generar estragos en nuestra comuna m\u00faltiples siguen siendo las campa\u00f1as solidarias y humanitarias que las Fuerzas Vivas de Aconcagua vienen desarrollando para auxiliar a quienes m\u00e1s lo necesitan, hoy es necesario visibilizar por lo tanto toda la extensa labor que trece voluntarios de la Cruz Roja de San Felipe est\u00e1n haciendo en este sentido, y para ello es que ayer martes hablamos con <strong>Mar\u00eda G\u00f3mez<\/strong>, presidenta de la filial San Felipe, quien ha liderado estas jornadas de trabajo en terreno.<\/p>\n<p style=\"text-align: justify;\">\n<p style=\"text-align: justify;\"><span style=\"color: #c81400;\"><strong>NECESITAMOS VOLUNTARIOS<\/strong><\/span><\/p>\n<p style=\"text-align: justify;\">\u00ab<em>Hoy puedo informar que somos trece los voluntarios adheridos al Grupo Covid-19 San Felipe, empe\u00f1ados en desarrollar campa\u00f1as de concientizaci\u00f3n y de acci\u00f3n en terreno, entre estos voluntarios tenemos a un profesional en Medicina General; una matrona; una pod\u00f3loga y tambi\u00e9n un odont\u00f3logo, adem\u00e1s de otros colaboradores<\/em>\u00bb, coment\u00f3 G\u00f3mez a <strong>Diario El Trabajo<\/strong>.<\/p>\n<p style=\"text-align: justify;\">&#8211; <strong>\u00bfC\u00f3mo se llama esta campa\u00f1a de entrega de mercader\u00eda?<\/strong><\/p>\n<p style=\"text-align: justify;\">&#8211; Se llama \u2018Caja de Amor, son varias las cajas con el logo de nuestra instituci\u00f3n las que llevamos a los hogares con m\u00e1s necesidad de nuestra comuna.<\/p>\n<p style=\"text-align: justify;\">&#8211; <strong>\u00bfQui\u00e9nes son los voluntarios que est\u00e1n dando Fuerza y Vigor a esta labor humanitaria?<\/strong><\/p>\n<p style=\"text-align: justify;\">&#8211; Nuestro Voluntariado est\u00e1 conformado por <strong>Ang\u00e9lica Mart\u00ednez<\/strong> en Finanzas; <strong>Juan Carlos Pizarro<\/strong> como director de Gesti\u00f3n del Riesgo; <strong>Carlos Maldonado<\/strong> es director de Juventud y profesor; <strong>Yilian Morales<\/strong> la directora de Bienestar Social y Odont\u00f3loga; <strong>Jos\u00e9 Bonifaz<\/strong> es nuestro secretario Filial y M\u00e9dico; <strong>Guillermina L\u00f3pez<\/strong> nuestra pod\u00f3loga; <strong>Luis V\u00e1squez<\/strong> es m\u00e9dico; <strong>Lidia Az\u00faa<\/strong> como TENS (Transcutaneus Electrical Nervious Stimulation \/ Estimulaci\u00f3n El\u00e9ctrica Nerviosa Transcut\u00e1nea); <strong>Betzabeth Ahumada<\/strong> es voluntaria Enfermer\u00eda; <strong>Teresa V\u00e1squez Varas<\/strong> nuestra Kinesi\u00f3loga; <strong>Nubia Solar<\/strong><\/p>\n<p style=\"text-align: justify;\">voluntaria, y nuestros nuevos apoyos <strong>Carlos Contreras G\u00f3mez<\/strong>, <strong>Antonio Toro<\/strong> nuestro voluntario, <strong>Lorena Parada<\/strong> tambi\u00e9n en formaci\u00f3n, <strong>Macarena Miranda<\/strong>, y <strong>Carlos Soto<\/strong>, <strong>Fernando Soto<\/strong>, <strong>Catalina Soto<\/strong>, <strong>Leslie Navarrete<\/strong>, <strong>Xavier Vera<\/strong>, <strong>Luis Litardo<\/strong>, <strong>Claudia<\/strong> <strong>Le\u00f3n<\/strong> y <strong>Ana Vidal Ahumada<\/strong>, a quienes agradezco p\u00fablicamente por su entrega y apoyo.<\/p>\n<p style=\"text-align: justify;\">&#8211; <strong>\u00bfC\u00f3mo logran llenar estas cajas de mercader\u00eda, qui\u00e9n financia estas donaciones?<\/strong><\/p>\n<p style=\"text-align: justify;\">&#8211; Estas cajas las llenan de mercader\u00eda los sanfelipe\u00f1os, todos los domingos\u00a0 de las 11:00 a las 14:00 horas estamos recibiendo donaciones a la entrada del Santa Isabel de Yungay, al salir las personas donan lo que gustan y pueden.<\/p>\n<p style=\"text-align: justify;\">&#8211; <strong>\u00bfA\u00fan siguen la Cruz Roja donando mascarillas?<\/strong><\/p>\n<p style=\"text-align: justify;\">&#8211; S\u00ed, as\u00ed es, ya hemos repartido en la PDI, a Carabineros, Bomberos y al p\u00fablico en general, tambi\u00e9n cuando llevamos estas Cajas de Amor les entregamos mascarillas a esas personas. En total era un lote de 2.000 mascarillas, a\u00fan nos quedan para donar. Los interesados en donar o en retirar mascarillas, pueden llamar al fono <strong>342510006<\/strong>, horario de las 16:00 a las 19:00 horas.<\/p>\n<p style=\"text-align: justify;\">&#8211; <strong>\u00bfQu\u00e9 actividad desarrollar\u00e1n este jueves para celebrar este centenario?<\/strong><\/p>\n<p style=\"text-align: justify;\">&#8211; Ya tenemos tres tortas confirmadas, o sea, que al mediod\u00eda, en la tarde y al anochecer tendremos peque\u00f1os agasajos y visitas de autoridades, pues el aforo de personas permitido es tambi\u00e9n limitado.<\/p>\n<p style=\"text-align: justify;\"><strong>Roberto Gonz\u00e1lez Short<\/strong><\/p>\n<figure id=\"attachment_102242\" aria-describedby=\"caption-attachment-102242\" style=\"width: 579px\" class=\"wp-caption alignnone\"><img data-recalc-dims=\"1\" loading=\"lazy\" decoding=\"async\" class=\"size-full wp-image-102242\" src=\"https:\/\/i0.wp.com\/eltrabajo.cl\/portal\/wp-content\/uploads\/2020\/08\/Centenario1.jpg?resize=579%2C376&#038;ssl=1\" alt=\"CAJAS DE AMOR.- La Cruz Roja de San Felipe y gracias a su Voluntariado con el apoyo de los sanfelipe\u00f1os, est\u00e1n llegando con amor y mercader\u00eda a todos los rincones posibles de nuestra comuna.\" width=\"579\" height=\"376\" srcset=\"https:\/\/i0.wp.com\/eltrabajo.cl\/portal\/wp-content\/uploads\/2020\/08\/Centenario1.jpg?w=579&amp;ssl=1 579w, https:\/\/i0.wp.com\/eltrabajo.cl\/portal\/wp-content\/uploads\/2020\/08\/Centenario1.jpg?resize=300%2C195&amp;ssl=1 300w, https:\/\/i0.wp.com\/eltrabajo.cl\/portal\/wp-content\/uploads\/2020\/08\/Centenario1.jpg?resize=200%2C130&amp;ssl=1 200w\" sizes=\"auto, (max-width: 579px) 100vw, 579px\" \/><figcaption id=\"caption-attachment-102242\" class=\"wp-caption-text\">CAJAS DE AMOR.- La Cruz Roja de San Felipe y gracias a su Voluntariado con el apoyo de los sanfelipe\u00f1os, est\u00e1n llegando con amor y mercader\u00eda a todos los rincones posibles de nuestra comuna.<\/figcaption><\/figure>\n<figure id=\"attachment_102243\" aria-describedby=\"caption-attachment-102243\" style=\"width: 578px\" class=\"wp-caption alignnone\"><img data-recalc-dims=\"1\" loading=\"lazy\" decoding=\"async\" class=\"size-full wp-image-102243\" src=\"https:\/\/i0.wp.com\/eltrabajo.cl\/portal\/wp-content\/uploads\/2020\/08\/Centenario2.jpg?resize=578%2C368&#038;ssl=1\" alt=\"MUCHO TRABAJO.- Los voluntarios dedican horas para empacar y seleccionar la mercader\u00eda y asignarlas en las ya esperadas Cajas de Amor.\" width=\"578\" height=\"368\" srcset=\"https:\/\/i0.wp.com\/eltrabajo.cl\/portal\/wp-content\/uploads\/2020\/08\/Centenario2.jpg?w=578&amp;ssl=1 578w, https:\/\/i0.wp.com\/eltrabajo.cl\/portal\/wp-content\/uploads\/2020\/08\/Centenario2.jpg?resize=300%2C191&amp;ssl=1 300w, https:\/\/i0.wp.com\/eltrabajo.cl\/portal\/wp-content\/uploads\/2020\/08\/Centenario2.jpg?resize=200%2C127&amp;ssl=1 200w\" sizes=\"auto, (max-width: 578px) 100vw, 578px\" \/><figcaption id=\"caption-attachment-102243\" class=\"wp-caption-text\">MUCHO TRABAJO.- Los voluntarios dedican horas para empacar y seleccionar la mercader\u00eda y asignarlas en las ya esperadas Cajas de Amor.<\/figcaption><\/figure>\n<figure id=\"attachment_102244\" aria-describedby=\"caption-attachment-102244\" style=\"width: 579px\" class=\"wp-caption alignnone\"><img data-recalc-dims=\"1\" loading=\"lazy\" decoding=\"async\" class=\"size-full wp-image-102244\" src=\"https:\/\/i0.wp.com\/eltrabajo.cl\/portal\/wp-content\/uploads\/2020\/08\/Centenario3.jpg?resize=579%2C387&#038;ssl=1\" alt=\"LIBRO DE REGISTRO.- Este es el Libro de Registro desde el a\u00f1o 1920, aqu\u00ed hay un tesoro de datos y nombres que han pasado por la instituci\u00f3n.\" width=\"579\" height=\"387\" srcset=\"https:\/\/i0.wp.com\/eltrabajo.cl\/portal\/wp-content\/uploads\/2020\/08\/Centenario3.jpg?w=579&amp;ssl=1 579w, https:\/\/i0.wp.com\/eltrabajo.cl\/portal\/wp-content\/uploads\/2020\/08\/Centenario3.jpg?resize=300%2C201&amp;ssl=1 300w, https:\/\/i0.wp.com\/eltrabajo.cl\/portal\/wp-content\/uploads\/2020\/08\/Centenario3.jpg?resize=200%2C134&amp;ssl=1 200w\" sizes=\"auto, (max-width: 579px) 100vw, 579px\" \/><figcaption id=\"caption-attachment-102244\" class=\"wp-caption-text\">LIBRO DE REGISTRO.- Este es el Libro de Registro desde el a\u00f1o 1920, aqu\u00ed hay un tesoro de datos y nombres que han pasado por la instituci\u00f3n.<\/figcaption><\/figure>\n<figure id=\"attachment_102245\" aria-describedby=\"caption-attachment-102245\" style=\"width: 579px\" class=\"wp-caption alignnone\"><img data-recalc-dims=\"1\" loading=\"lazy\" decoding=\"async\" class=\"size-full wp-image-102245\" src=\"https:\/\/i0.wp.com\/eltrabajo.cl\/portal\/wp-content\/uploads\/2020\/08\/Centenario4.jpg?resize=579%2C740&#038;ssl=1\" alt=\"\u00daNETE A LA CRUZ ROJA.- Aqu\u00ed tenemos s\u00f3lo a varios de los profesionales sanfelipe\u00f1os que hacen posible esta noble labor, en este caso haciendo una curaci\u00f3n durante las protestas de 2019.\" width=\"579\" height=\"740\" srcset=\"https:\/\/i0.wp.com\/eltrabajo.cl\/portal\/wp-content\/uploads\/2020\/08\/Centenario4.jpg?w=579&amp;ssl=1 579w, https:\/\/i0.wp.com\/eltrabajo.cl\/portal\/wp-content\/uploads\/2020\/08\/Centenario4.jpg?resize=235%2C300&amp;ssl=1 235w, https:\/\/i0.wp.com\/eltrabajo.cl\/portal\/wp-content\/uploads\/2020\/08\/Centenario4.jpg?resize=117%2C150&amp;ssl=1 117w\" sizes=\"auto, (max-width: 579px) 100vw, 579px\" \/><figcaption id=\"caption-attachment-102245\" class=\"wp-caption-text\">\u00daNETE A LA CRUZ ROJA.- Aqu\u00ed tenemos s\u00f3lo a varios de los profesionales sanfelipe\u00f1os que hacen posible esta noble labor, en este caso haciendo una curaci\u00f3n durante las protestas de 2019.<\/figcaption><\/figure>\n<figure id=\"attachment_102246\" aria-describedby=\"caption-attachment-102246\" style=\"width: 579px\" class=\"wp-caption alignnone\"><img data-recalc-dims=\"1\" loading=\"lazy\" decoding=\"async\" class=\"size-full wp-image-102246\" src=\"https:\/\/i0.wp.com\/eltrabajo.cl\/portal\/wp-content\/uploads\/2020\/08\/Centenario_Maria-Gomez.jpg?resize=579%2C580&#038;ssl=1\" alt=\"Mar\u00eda G\u00f3mez Cruz, presidenta de la filial San Felipe de la Cruz Roja.\" width=\"579\" height=\"580\" srcset=\"https:\/\/i0.wp.com\/eltrabajo.cl\/portal\/wp-content\/uploads\/2020\/08\/Centenario_Maria-Gomez.jpg?w=579&amp;ssl=1 579w, https:\/\/i0.wp.com\/eltrabajo.cl\/portal\/wp-content\/uploads\/2020\/08\/Centenario_Maria-Gomez.jpg?resize=300%2C300&amp;ssl=1 300w, https:\/\/i0.wp.com\/eltrabajo.cl\/portal\/wp-content\/uploads\/2020\/08\/Centenario_Maria-Gomez.jpg?resize=150%2C150&amp;ssl=1 150w\" sizes=\"auto, (max-width: 579px) 100vw, 579px\" \/><figcaption id=\"caption-attachment-102246\" class=\"wp-caption-text\">Mar\u00eda G\u00f3mez Cruz, presidenta de la filial San Felipe de la Cruz Roja.<\/figcaption><\/figure>\n","protected":false},"excerpt":{"rendered":"<p>Voluntarios siguen afili\u00e1ndose a esta benem\u00e9rita instituci\u00f3n: El viernes 20 de agosto de 1920 se fund\u00f3 en San Felipe por iniciativa y liderazgo del Dr. Luis Gajardo Guerrero la primera filial de&#8230;<\/p>\n","protected":false},"author":482,"featured_media":102242,"comment_status":"closed","ping_status":"open","sticky":false,"template":"","format":"standard","meta":{"advanced_seo_description":"","jetpack_seo_html_title":"","jetpack_seo_noindex":false,"_jetpack_memberships_contains_paid_content":false,"footnotes":""},"categories":[15],"tags":[],"class_list":["post-102241","post","type-post","status-publish","format-standard","has-post-thumbnail","hentry","category-comunidad"],"jetpack_featured_media_url":"https:\/\/i0.wp.com\/eltrabajo.cl\/portal\/wp-content\/uploads\/2020\/08\/Centenario1.jpg?fit=579%2C376&ssl=1","jetpack_sharing_enabled":true,"jetpack_likes_enabled":true,"jetpack-related-posts":[],"_links":{"self":[{"href":"https:\/\/eltrabajo.cl\/portal\/wp-json\/wp\/v2\/posts\/102241","targetHints":{"allow":["GET"]}}],"collection":[{"href":"https:\/\/eltrabajo.cl\/portal\/wp-json\/wp\/v2\/posts"}],"about":[{"href":"https:\/\/eltrabajo.cl\/portal\/wp-json\/wp\/v2\/types\/post"}],"author":[{"embeddable":true,"href":"https:\/\/eltrabajo.cl\/portal\/wp-json\/wp\/v2\/users\/482"}],"replies":[{"embeddable":true,"href":"https:\/\/eltrabajo.cl\/portal\/wp-json\/wp\/v2\/comments?post=102241"}],"version-history":[{"count":0,"href":"https:\/\/eltrabajo.cl\/portal\/wp-json\/wp\/v2\/posts\/102241\/revisions"}],"wp:featuredmedia":[{"embeddable":true,"href":"https:\/\/eltrabajo.cl\/portal\/wp-json\/wp\/v2\/media\/102242"}],"wp:attachment":[{"href":"https:\/\/eltrabajo.cl\/portal\/wp-json\/wp\/v2\/media?parent=102241"}],"wp:term":[{"taxonomy":"category","embeddable":true,"href":"https:\/\/eltrabajo.cl\/portal\/wp-json\/wp\/v2\/categories?post=102241"},{"taxonomy":"post_tag","embeddable":true,"href":"https:\/\/eltrabajo.cl\/portal\/wp-json\/wp\/v2\/tags?post=102241"}],"curies":[{"name":"wp","href":"https:\/\/api.w.org\/{rel}","templated":true}]}}