{"id":102251,"date":"2020-08-20T08:00:36","date_gmt":"2020-08-20T12:00:36","guid":{"rendered":"https:\/\/www.eltrabajo.cl\/portal\/?p=102251"},"modified":"2020-08-19T22:58:05","modified_gmt":"2020-08-20T02:58:05","slug":"familia-de-joven-asesinado-en-encon-sigue-esperando-recibir-justicia","status":"publish","type":"post","link":"https:\/\/eltrabajo.cl\/portal\/familia-de-joven-asesinado-en-encon-sigue-esperando-recibir-justicia\/","title":{"rendered":"Familia de joven asesinado en Enc\u00f3n sigue esperando recibir justicia"},"content":{"rendered":"<p style=\"text-align: left;\"><span style=\"color: #c81400;\"><strong>Critican labor de fiscal a cargo del caso:<\/strong><\/span><\/p>\n<p style=\"text-align: justify;\">Mal lo siguen pasando los familiares de <strong>\u00c1lvaro Soto<\/strong>, asesinado el d\u00eda 7 de diciembre en Enc\u00f3n, porque al margen de no encontrar consuelo ante la p\u00e9rdida de un ser querido, tampoco logran encontrar justicia, apuntando directamente al actuar de la fiscal\u00eda local de San Felipe, particularmente del fiscal a cargo de este caso, <strong>Andr\u00e9s Gallardo<\/strong>. Dicen que despu\u00e9s de 8 meses los cit\u00f3 a una entrevista.<\/p>\n<p style=\"text-align: justify;\">En conversaci\u00f3n con nuestro medio, la madre, <strong>Fresia Soto<\/strong>, junto a su hija y hermana de la v\u00edctima, <strong>Mar\u00eda Jos\u00e9<\/strong>, nos relatan c\u00f3mo han sido estos meses. \u00c9sta \u00faltima incluso nos aporta un dato nuevo, ella estaba de turno cuando mataron a su hermano, lo recibi\u00f3 el servicio de urgencia del Hospital San Camilo.<\/p>\n<p style=\"text-align: justify;\">&#8211; <strong>\u00bfC\u00f3mo est\u00e1 se\u00f1ora Fresia?<\/strong><\/p>\n<p style=\"text-align: justify;\">&#8211; Muy mal, de verdad, porque quisiera que esto se sepa, lo \u00fanico que quiero es justicia\u2026 justicia para mi hijo, quiero encontrar al culpable, quiero verlo tras las rejas que pague su crimen (dice llorando).<\/p>\n<p style=\"text-align: justify;\">&#8211; <strong>\u00bfC\u00f3mo han sido estos meses?, hemos publicado algunas notas en el diario, en la radio, \u00bfqu\u00e9 ha pasado con la investigaci\u00f3n, ha sido citada por el fiscal?<\/strong><\/p>\n<p style=\"text-align: justify;\">&#8211; Absolutamente nada, hace poquito, el viernes parece que se supo algo, porque mi hija que se entrevista con fiscales y todo, desde ese entonces que una vez mi hija y que fue con un subrogante, no era precisamente el fiscal que la atendi\u00f3, y ahora pasado ocho meses reci\u00e9n tenemos noticias del fiscal, en consecuencia que yo he hecho todo lo posible, mi hija tambi\u00e9n. Mire los polic\u00edas se han portado bien, para qu\u00e9 decir una cosa por otra, pero lo que yo quiero es que el fiscal\u2026 el fiscal que haga algo porque la verdad hasta ahora ni siquiera se ha dado el trabajo de leer la carpeta de mi hijo\u2026 yo lo s\u00e9 porque \u00e9l lo dijo.<\/p>\n<p style=\"text-align: justify;\">&#8211; <strong>\u00bfQu\u00e9 le dijo?<\/strong><\/p>\n<p style=\"text-align: justify;\">&#8211; Que no hab\u00eda le\u00eddo, no la hab\u00eda visto, que la ten\u00eda que estudiar, ten\u00eda que verla. Yo s\u00e9 que es complicado lo que est\u00e1 pasando en el pa\u00eds, pero tienen que hacer algo, tienen que moverse porque es un hijo, un hermano, un pap\u00e1 al que mataron.<\/p>\n<p style=\"text-align: justify;\">&#8211; <strong>\u00bfPor qu\u00e9 cree usted se\u00f1ora Fresia que no se avanza en la investigaci\u00f3n?<\/strong><\/p>\n<p style=\"text-align: justify;\">&#8211; La verdad que no sabr\u00eda decirle qui\u00e9n est\u00e1 haciendo mal la pega, porque mire, en realidad alguien est\u00e1 haciendo mal la pega\u2026 no s\u00e9 porque soy pobre, porque no tengo dinero como para pagarle a alguien para que investigue. Yo he escuchado cosas en estos dos, tres d\u00edas, porque el se\u00f1or era un empresario y porque yo soy pobre me ignoran.<\/p>\n<p style=\"text-align: justify;\">&#8211; <strong>\u00bfTiene esa sensaci\u00f3n?<\/strong><\/p>\n<p style=\"text-align: justify;\">&#8211; S\u00ed se\u00f1or, s\u00ed, la verdad que s\u00ed. De primera era mucha la pena, que no me atrev\u00ed a hablar, pero ahora esta pena se convirti\u00f3 en rabia\u2026 mucha, mucha rabia con la justicia porque ellos no han hecho nada por m\u00ed.<\/p>\n<p style=\"text-align: justify;\">\n<p style=\"text-align: justify;\"><span style=\"color: #c81400;\"><strong>DRAMA FAMILIAR<\/strong><\/span><\/p>\n<p style=\"text-align: justify;\">Todo lo anterior tambi\u00e9n fue compartido por su hija y hermana de la v\u00edctima, Mar\u00eda Jos\u00e9, quien corrobor\u00f3 recociendo que no hay avance: \u00abSi bien es cierto el fiscal reci\u00e9n el viernes como dec\u00eda mi mam\u00e1, despu\u00e9s de 8 meses, reci\u00e9n el viernes tuvimos noticias del fiscal, despu\u00e9s de 8 meses de investigaci\u00f3n, despu\u00e9s de 8 meses la polic\u00eda haber hecho su pega, pucha d\u00eda tras d\u00eda investigando, haciendo diligencias, trabajando en conjunto ellos con nosotros, y reci\u00e9n despu\u00e9s de 8 meses el fiscal toma contacto conmigo, que soy la persona que est\u00e1 a la cabeza de esto, y pucha reci\u00e9n el fiscal me dice tengo que investigar, tengo que revisar este dato que me est\u00e1 diciendo. \u00bfEn serio?, despu\u00e9s de 8 meses me dice ah voy a revisar, no lo puedo creer, de verdad que no lo puedo creer.<\/p>\n<p style=\"text-align: justify;\">&#8211; <strong>\u00bfQu\u00e9 fiscal es?<\/strong><\/p>\n<p style=\"text-align: justify;\">&#8211; Andr\u00e9s Gallardo. Entonces lo encuentro ins\u00f3lito, inaudito, o sea mi mam\u00e1 dice es por ser pobres, no s\u00e9, me queda la sensaci\u00f3n de sentimientos encontrados con la justicia porque uno realmente lo que uno busca es realmente eso\u2026 justicia; o sea se cometi\u00f3 un crimen en contra de una persona, independiente de la circunstancia, mi hermano est\u00e1 muerto, yo s\u00e9 que ni con toda la plata del mundo a mi hermano lo voy a revivir, pero quiero justicia por mi mam\u00e1, justicia por nosotros que somos sus hermanos, donde dej\u00f3 un tremendo vac\u00edo, y justicia por mi sobrino, porque mi sobrino qued\u00f3 a la deriva, qued\u00f3 sin un padre, que si bien es cierto est\u00e1 al alero de nosotros como familia, nos preocupamos de que nada le falte, no es posible. El ni\u00f1o hace pocos d\u00edas cont\u00f3: <em>\u00abSo\u00f1\u00e9 con mi pap\u00e1 y tengo muchas ganas de morirme mam\u00e1 porque echo mucho de menos a mi pap\u00e1 y quiero abrazarlo\u00bb,<\/em> entonces d\u00edganme c\u00f3mo le explicamos a un ni\u00f1o que est\u00e1 creciendo, que tiene reci\u00e9n 7 a\u00f1os, lo que es la muerte, como se le explica a un ni\u00f1o eso cuando ni siquiera uno como adulto termina de entenderlo, porque como se\u00f1alaba mi mam\u00e1 en un momento, si mi hermano hubiese tenido un accidente se hubiese matado, pucha en un accidente se cay\u00f3 como haya sido, pero asesinado no es posible.<\/p>\n<p style=\"text-align: justify;\">&#8211; <strong>\u00bfHa servido mucho de contenci\u00f3n a su madre?<\/strong><\/p>\n<p style=\"text-align: justify;\">&#8211; De todas maneras\u2026 de todas maneras, estamos ah\u00ed para ayudarla, para apoyarla, aunque uno de repente flaquea un poco, pero porque tiene que volver a la casa, cada cual tiene su vida, sus trabajos, proyectos, sus propios problemas, y pucha, estar ah\u00ed\u2026 es complicado.<\/p>\n<p style=\"text-align: justify;\">\n<p style=\"text-align: justify;\"><span style=\"color: #c81400;\"><strong>ESTABA DE TURNO<\/strong><\/span><\/p>\n<p style=\"text-align: justify;\">&#8211; <strong>Mar\u00eda Jos\u00e9, \u00bfpodemos conversar c\u00f3mo te enteras de la muerte de tu hermano?, que tambi\u00e9n viene siendo un poco traum\u00e1tico porque trabajas en el Hospital San Camilo. <\/strong><\/p>\n<p style=\"text-align: justify;\">-Yo trabajo en el Hospital, soy param\u00e9dico en el hospital San Camilo de San Felipe.<\/p>\n<p style=\"text-align: justify;\">&#8211; <strong>\u00bfQu\u00e9 pas\u00f3 ese d\u00eda?<\/strong><\/p>\n<p style=\"text-align: justify;\">&#8211; Ese d\u00eda entramos a turno -7 de diciembre-, hac\u00eda dos semanas que yo me hab\u00eda cambiado de trabajo, llevaba dos semanas trabajando en el Hospital, le hab\u00eda contado al \u00c1lvaro (hermano asesinado), estaba s\u00faper contento, me dice: <em>\u00abHermana, qu\u00e9 rico, me alegro, estoy feliz que est\u00e9s creciendo <\/em>-me dice-<em> \u2018ten\u00ed\u2019 que darle para adelante, estoy orgulloso hermana\u00bb.<\/em> Entonces son las palabras que a m\u00ed me quedan dando vuelta, cuando \u00e9l me dice <em>\u00abestoy orgulloso de ti hermana, alg\u00fan d\u00eda voy a llegar all\u00e1 a verte\u00bb,<\/em> pero jam\u00e1s esper\u00e9 que llegara en la condici\u00f3n que lleg\u00f3.<\/p>\n<p style=\"text-align: justify;\">&#8211; <strong>\u00bfC\u00f3mo lleg\u00f3, estaba de turno?<\/strong><\/p>\n<p style=\"text-align: justify;\">&#8211; Ese d\u00eda yo estaba de turno, de hecho no era mi turno, era el turno de un compa\u00f1ero que no pudo asistir y me pidi\u00f3 que lo hiciera, y llegu\u00e9 ah\u00ed, por alguna raz\u00f3n Dios me puso ah\u00ed en ese momento. Cuando yo llego recibo el turno a las ocho y media de la tarde, sale la ambulancia del Hospital, el M-2 que es el m\u00f3vil avanzado, y una colega dice: <em>\u00abMmm, no va a ser un buen turno, porque cuando el Samu sale temprano no es bueno el turno\u00bb&#8230;<\/em> (Toma aire) Llega el Samu, llega el paciente, se\u00f1alan las condiciones en que viene, preparamos la sala de reanimaci\u00f3n, llega el paciente ingresa a la sala de reanimaci\u00f3n, todos con sus equipos y lo cambiamos de la camilla del Samu a la camilla nuestra, a lo cual yo le tomo los pies y el resto de mis compa\u00f1eros lo toman de arriba porque ven\u00eda monitorizado entero, ven\u00eda lleno de cables, de parches, de cosas, ven\u00eda parchado entero, y resulta cuando lo tomo yo de los pies, lo cambio a la camilla, le quito los zapatos, personal del SAMU lo entrega y a trav\u00e9s de los datos yo escucho el nombre y me doy cuenta qui\u00e9n es, pero en shock, at\u00f3nita, recuerdo que le digo a la ni\u00f1a \u00bfc\u00f3mo dijiste que se llama?, y me lo vuelve a nombrar. Hago a un lado a la gente y una colega me dice: <em>\u00abMar\u00eda Jos\u00e9, si lo \u2018conoc\u00ed\u2019 dinos \u2018altiro\u2019\u00bb.<\/em> Voy reconozco primero sus brazos, porque ten\u00eda muchos tatuajes, veo el nombre de mi sobrina en el brazo, el tatuaje de la Universidad de Chile, mi hermano era hincha de la Chile, y al otro lado el rosario donde estaban los nombres de mi mam\u00e1 y el de nosotros. Tomo al doctor del pecho y le digo\u2026 <em>\u00abdoctor, este ni\u00f1o es mi hermano\u2026 ay\u00fademe, este ni\u00f1o es mi hermano\u00bb&#8230;<\/em> Mir\u00e9 sus ojos y sus ojos ya estaban perdidos, ah\u00ed el m\u00e9dico me saca de la sala de reanimaci\u00f3n y me dice: <em>\u00abT\u00fa no puedes estar ac\u00e1\u00bb,<\/em> y me sacaron de ah\u00ed un compa\u00f1ero, le agradezco mucho a mi compa\u00f1ero Camilo que me cuid\u00f3, en todo momento me contuvo, que no me desmayara, que no me pasara nada, y finalmente cuando se le hicieron los restos de ex\u00e1menes a mi hermano \u00c1lvaro, habl\u00f3 el m\u00e9dico, el neurocirujano, me dice: <em>\u00abNo hay nada que hacer \u2018mijita\u2019\u2026 por la gravedad de las lesiones tu hermano est\u00e1 fuera del alcance quir\u00fargico, es inminente tu hermano va a fallecer en cosa de horas o fallece ma\u00f1ana en la ma\u00f1ana, pero tu hermano no va a sobrevivir\u00bb,<\/em> lo que fue para m\u00ed avisarle a mis hermanos, a m\u00ed mam\u00e1, yo continu\u00e9 igual afuera, me dijeron que siguiera trabajando, no administr\u00e9 tratamiento, pero hice la contenci\u00f3n de los pacientes, porque todos estaban alborotados, porque gritos iba y ven\u00edan, entonces no, tranquilidad, es un paciente grave, en ning\u00fan momento dije que el paciente que estaba en reanimaci\u00f3n es mi hermano, trat\u00e9 de llevarlo de la mejor manera, lo m\u00e1s profesional posible, pero no hay Universidad, ramo, no hay profesor y carrera que te prepare en la vida para un momento as\u00ed\u2026 nada te prepara para eso.<\/p>\n<p style=\"text-align: justify;\">Al finalizar vuelve a reiterar su petici\u00f3n de justicia porque han sido meses de dolor, de ver a su madre mal, a sus hermanos, al hijo.<\/p>\n<p style=\"text-align: justify;\">\n<p style=\"text-align: justify;\"><span style=\"color: #c81400;\"><strong>DESTACAN LABOR<\/strong><\/span><\/p>\n<p style=\"text-align: justify;\">Destacan el comportamiento del comisario jefe de la BH, <strong>Marcelo Lazen<\/strong>, que se ha portado un siete con ellos. Le pidieron que la avisara cualquier novedad en el momento que sea, <em>\u00abes el pacto que tenemos con la Polic\u00eda de Investigaciones, no importa la hora\u00bb,<\/em> indic\u00f3 Mar\u00eda Jos\u00e9.<\/p>\n<p style=\"text-align: justify;\">Compara su caso con el del empresario Alejandro Correa asesinado en Conc\u00f3n, donde ya hay personas detenidas.<\/p>\n<p style=\"text-align: justify;\">Nuestro medio se comunic\u00f3 con Comunicaciones de la Fiscal\u00eda Regional, donde nos se\u00f1alaron que el fiscal ha trabajado varios meses en el caso.<\/p>\n<figure id=\"attachment_102252\" aria-describedby=\"caption-attachment-102252\" style=\"width: 578px\" class=\"wp-caption alignnone\"><img data-recalc-dims=\"1\" loading=\"lazy\" decoding=\"async\" class=\"size-full wp-image-102252\" src=\"https:\/\/i0.wp.com\/eltrabajo.cl\/portal\/wp-content\/uploads\/2020\/08\/alvaro.jpg?resize=578%2C425&#038;ssl=1\" alt=\"Mar\u00eda Jos\u00e9 y su madre Fresia Soto con la foto de \u00c1lvaro, esperando se haga justicia.\" width=\"578\" height=\"425\" srcset=\"https:\/\/i0.wp.com\/eltrabajo.cl\/portal\/wp-content\/uploads\/2020\/08\/alvaro.jpg?w=578&amp;ssl=1 578w, https:\/\/i0.wp.com\/eltrabajo.cl\/portal\/wp-content\/uploads\/2020\/08\/alvaro.jpg?resize=300%2C221&amp;ssl=1 300w, https:\/\/i0.wp.com\/eltrabajo.cl\/portal\/wp-content\/uploads\/2020\/08\/alvaro.jpg?resize=200%2C147&amp;ssl=1 200w\" sizes=\"auto, (max-width: 578px) 100vw, 578px\" \/><figcaption id=\"caption-attachment-102252\" class=\"wp-caption-text\">Mar\u00eda Jos\u00e9 y su madre Fresia Soto con la foto de \u00c1lvaro, esperando se haga justicia.<\/figcaption><\/figure>\n","protected":false},"excerpt":{"rendered":"<p>Critican labor de fiscal a cargo del caso: Mal lo siguen pasando los familiares de \u00c1lvaro Soto, asesinado el d\u00eda 7 de diciembre en Enc\u00f3n, porque al margen de no encontrar consuelo&#8230;<\/p>\n","protected":false},"author":482,"featured_media":102252,"comment_status":"closed","ping_status":"open","sticky":false,"template":"","format":"standard","meta":{"advanced_seo_description":"","jetpack_seo_html_title":"","jetpack_seo_noindex":false,"_jetpack_memberships_contains_paid_content":false,"footnotes":""},"categories":[15],"tags":[],"class_list":["post-102251","post","type-post","status-publish","format-standard","has-post-thumbnail","hentry","category-comunidad"],"jetpack_featured_media_url":"https:\/\/i0.wp.com\/eltrabajo.cl\/portal\/wp-content\/uploads\/2020\/08\/alvaro.jpg?fit=578%2C425&ssl=1","jetpack_sharing_enabled":true,"jetpack_likes_enabled":true,"jetpack-related-posts":[],"_links":{"self":[{"href":"https:\/\/eltrabajo.cl\/portal\/wp-json\/wp\/v2\/posts\/102251","targetHints":{"allow":["GET"]}}],"collection":[{"href":"https:\/\/eltrabajo.cl\/portal\/wp-json\/wp\/v2\/posts"}],"about":[{"href":"https:\/\/eltrabajo.cl\/portal\/wp-json\/wp\/v2\/types\/post"}],"author":[{"embeddable":true,"href":"https:\/\/eltrabajo.cl\/portal\/wp-json\/wp\/v2\/users\/482"}],"replies":[{"embeddable":true,"href":"https:\/\/eltrabajo.cl\/portal\/wp-json\/wp\/v2\/comments?post=102251"}],"version-history":[{"count":0,"href":"https:\/\/eltrabajo.cl\/portal\/wp-json\/wp\/v2\/posts\/102251\/revisions"}],"wp:featuredmedia":[{"embeddable":true,"href":"https:\/\/eltrabajo.cl\/portal\/wp-json\/wp\/v2\/media\/102252"}],"wp:attachment":[{"href":"https:\/\/eltrabajo.cl\/portal\/wp-json\/wp\/v2\/media?parent=102251"}],"wp:term":[{"taxonomy":"category","embeddable":true,"href":"https:\/\/eltrabajo.cl\/portal\/wp-json\/wp\/v2\/categories?post=102251"},{"taxonomy":"post_tag","embeddable":true,"href":"https:\/\/eltrabajo.cl\/portal\/wp-json\/wp\/v2\/tags?post=102251"}],"curies":[{"name":"wp","href":"https:\/\/api.w.org\/{rel}","templated":true}]}}