{"id":102254,"date":"2020-08-20T21:03:11","date_gmt":"2020-08-21T01:03:11","guid":{"rendered":"https:\/\/www.eltrabajo.cl\/portal\/?p=102254"},"modified":"2020-08-20T21:03:11","modified_gmt":"2020-08-21T01:03:11","slug":"mes-del-nino-se-sigue-celebrando-en-las-poblaciones-de-nuestra-comuna","status":"publish","type":"post","link":"https:\/\/eltrabajo.cl\/portal\/mes-del-nino-se-sigue-celebrando-en-las-poblaciones-de-nuestra-comuna\/","title":{"rendered":"Mes del Ni\u00f1o se sigue celebrando en las poblaciones de nuestra comuna"},"content":{"rendered":"<p style=\"text-align: left;\"><span style=\"color: #c81400;\"><strong>Esta vez el carnaval fue en Villa El Se\u00f1orial:<\/strong><\/span><\/p>\n<p style=\"text-align: justify;\">Pareciera que m\u00e1s que celebrar el D\u00eda del Ni\u00f1o en nuestra comuna, algunos prefirieron mejor agasajar a los peque\u00f1ines durante toda la semana en distintas poblaciones, ese es el caso de la junta vecinal de El Se\u00f1orial, donde los vecinos se maquillaron y transformaron en payasos para visitar las casas de su barrio cargados de golosinas y regalos.<\/p>\n<p style=\"text-align: justify;\">\u00ab<em>Esta actividad realizada por la junta de vecinos El Se\u00f1orial en el marco de celebraci\u00f3n del <strong>Mes del Ni\u00f1o<\/strong>, este a\u00f1o fue distinto, muy acotado a entregar un presente a los peque\u00f1os inscritos de una actividad del a\u00f1o pasado, esto porque no podemos exponer a los ni\u00f1os a un contagio con lo de las aglomeraciones, a fin de evitar lo que est\u00e1 pasando con la Pandemia, esperamos comprensi\u00f3n de los vecinos, fue una tarde muy entretenida los ni\u00f1os estaban muy contentos con la visitas que hicimos a sus domicilios, tuvo como colaboradores al Verdulero Solidario y la espectacular actriz payasa Petunia junto a los Paw Patrol, Daddy Yankee, todos maravillosos y espectaculares, esperamos que el pr\u00f3ximo a\u00f1o se puedan retomar todas las actividades que como siempre, las realizamos con mucho cari\u00f1o<\/em>\u00bb, coment\u00f3 a <strong>Diario El Trabajo<\/strong> la presidenta vecinal, <strong>\u00c9ricka \u00c1lvarez Vicencio<\/strong>.<\/p>\n<p style=\"text-align: justify;\"><strong>Roberto Gonz\u00e1lez Short<\/strong><\/p>\n<figure id=\"attachment_102257\" aria-describedby=\"caption-attachment-102257\" style=\"width: 579px\" class=\"wp-caption alignnone\"><img data-recalc-dims=\"1\" loading=\"lazy\" decoding=\"async\" class=\"size-full wp-image-102257\" src=\"https:\/\/i0.wp.com\/eltrabajo.cl\/portal\/wp-content\/uploads\/2020\/08\/Globos3.jpg?resize=579%2C370&#038;ssl=1\" alt=\"MES DE LA ALEGR\u00cdA.- Las calles de Villa El Se\u00f1orial se legraron esta semana con este grupo de vecinos llevando dulces a los ni\u00f1os.\" width=\"579\" height=\"370\" srcset=\"https:\/\/i0.wp.com\/eltrabajo.cl\/portal\/wp-content\/uploads\/2020\/08\/Globos3.jpg?w=579&amp;ssl=1 579w, https:\/\/i0.wp.com\/eltrabajo.cl\/portal\/wp-content\/uploads\/2020\/08\/Globos3.jpg?resize=300%2C192&amp;ssl=1 300w, https:\/\/i0.wp.com\/eltrabajo.cl\/portal\/wp-content\/uploads\/2020\/08\/Globos3.jpg?resize=200%2C128&amp;ssl=1 200w\" sizes=\"auto, (max-width: 579px) 100vw, 579px\" \/><figcaption id=\"caption-attachment-102257\" class=\"wp-caption-text\">MES DE LA ALEGR\u00cdA.- Las calles de Villa El Se\u00f1orial se legraron esta semana con este grupo de vecinos llevando dulces a los ni\u00f1os.<\/figcaption><\/figure>\n<figure id=\"attachment_102256\" aria-describedby=\"caption-attachment-102256\" style=\"width: 578px\" class=\"wp-caption alignnone\"><img data-recalc-dims=\"1\" loading=\"lazy\" decoding=\"async\" class=\"size-full wp-image-102256\" src=\"https:\/\/i0.wp.com\/eltrabajo.cl\/portal\/wp-content\/uploads\/2020\/08\/Globos2.jpg?resize=578%2C361&#038;ssl=1\" alt=\"MES DEL NI\u00d1O.- La brigada de payasos visit\u00f3 casa por casa a los ni\u00f1os de Villa El Se\u00f1orial con sus regalos y golosinas.\" width=\"578\" height=\"361\" srcset=\"https:\/\/i0.wp.com\/eltrabajo.cl\/portal\/wp-content\/uploads\/2020\/08\/Globos2.jpg?w=578&amp;ssl=1 578w, https:\/\/i0.wp.com\/eltrabajo.cl\/portal\/wp-content\/uploads\/2020\/08\/Globos2.jpg?resize=300%2C187&amp;ssl=1 300w, https:\/\/i0.wp.com\/eltrabajo.cl\/portal\/wp-content\/uploads\/2020\/08\/Globos2.jpg?resize=200%2C125&amp;ssl=1 200w\" sizes=\"auto, (max-width: 578px) 100vw, 578px\" \/><figcaption id=\"caption-attachment-102256\" class=\"wp-caption-text\">MES DEL NI\u00d1O.- La brigada de payasos visit\u00f3 casa por casa a los ni\u00f1os de Villa El Se\u00f1orial con sus regalos y golosinas.<\/figcaption><\/figure>\n<figure id=\"attachment_102255\" aria-describedby=\"caption-attachment-102255\" style=\"width: 579px\" class=\"wp-caption alignnone\"><img data-recalc-dims=\"1\" loading=\"lazy\" decoding=\"async\" class=\"size-full wp-image-102255\" src=\"https:\/\/i0.wp.com\/eltrabajo.cl\/portal\/wp-content\/uploads\/2020\/08\/Globos1.jpg?resize=579%2C717&#038;ssl=1\" alt=\"PERSONAJES M\u00c1GICOS.- Algunos adultos de disfrazaron de personajes de los programas infantiles de televisi\u00f3n y el cine.\" width=\"579\" height=\"717\" srcset=\"https:\/\/i0.wp.com\/eltrabajo.cl\/portal\/wp-content\/uploads\/2020\/08\/Globos1.jpg?w=579&amp;ssl=1 579w, https:\/\/i0.wp.com\/eltrabajo.cl\/portal\/wp-content\/uploads\/2020\/08\/Globos1.jpg?resize=242%2C300&amp;ssl=1 242w, https:\/\/i0.wp.com\/eltrabajo.cl\/portal\/wp-content\/uploads\/2020\/08\/Globos1.jpg?resize=121%2C150&amp;ssl=1 121w, https:\/\/i0.wp.com\/eltrabajo.cl\/portal\/wp-content\/uploads\/2020\/08\/Globos1.jpg?resize=324%2C400&amp;ssl=1 324w\" sizes=\"auto, (max-width: 579px) 100vw, 579px\" \/><figcaption id=\"caption-attachment-102255\" class=\"wp-caption-text\">PERSONAJES M\u00c1GICOS.- Algunos adultos de disfrazaron de personajes de los programas infantiles de televisi\u00f3n y el cine.<\/figcaption><\/figure>\n","protected":false},"excerpt":{"rendered":"<p>Esta vez el carnaval fue en Villa El Se\u00f1orial: Pareciera que m\u00e1s que celebrar el D\u00eda del Ni\u00f1o en nuestra comuna, algunos prefirieron mejor agasajar a los peque\u00f1ines durante toda la semana&#8230;<\/p>\n","protected":false},"author":482,"featured_media":102256,"comment_status":"closed","ping_status":"open","sticky":false,"template":"","format":"standard","meta":{"advanced_seo_description":"","jetpack_seo_html_title":"","jetpack_seo_noindex":false,"_jetpack_memberships_contains_paid_content":false,"footnotes":""},"categories":[15],"tags":[],"class_list":["post-102254","post","type-post","status-publish","format-standard","has-post-thumbnail","hentry","category-comunidad"],"jetpack_featured_media_url":"https:\/\/i0.wp.com\/eltrabajo.cl\/portal\/wp-content\/uploads\/2020\/08\/Globos2.jpg?fit=578%2C361&ssl=1","jetpack_sharing_enabled":true,"jetpack_likes_enabled":true,"jetpack-related-posts":[],"_links":{"self":[{"href":"https:\/\/eltrabajo.cl\/portal\/wp-json\/wp\/v2\/posts\/102254","targetHints":{"allow":["GET"]}}],"collection":[{"href":"https:\/\/eltrabajo.cl\/portal\/wp-json\/wp\/v2\/posts"}],"about":[{"href":"https:\/\/eltrabajo.cl\/portal\/wp-json\/wp\/v2\/types\/post"}],"author":[{"embeddable":true,"href":"https:\/\/eltrabajo.cl\/portal\/wp-json\/wp\/v2\/users\/482"}],"replies":[{"embeddable":true,"href":"https:\/\/eltrabajo.cl\/portal\/wp-json\/wp\/v2\/comments?post=102254"}],"version-history":[{"count":0,"href":"https:\/\/eltrabajo.cl\/portal\/wp-json\/wp\/v2\/posts\/102254\/revisions"}],"wp:featuredmedia":[{"embeddable":true,"href":"https:\/\/eltrabajo.cl\/portal\/wp-json\/wp\/v2\/media\/102256"}],"wp:attachment":[{"href":"https:\/\/eltrabajo.cl\/portal\/wp-json\/wp\/v2\/media?parent=102254"}],"wp:term":[{"taxonomy":"category","embeddable":true,"href":"https:\/\/eltrabajo.cl\/portal\/wp-json\/wp\/v2\/categories?post=102254"},{"taxonomy":"post_tag","embeddable":true,"href":"https:\/\/eltrabajo.cl\/portal\/wp-json\/wp\/v2\/tags?post=102254"}],"curies":[{"name":"wp","href":"https:\/\/api.w.org\/{rel}","templated":true}]}}