{"id":102259,"date":"2020-08-20T21:17:18","date_gmt":"2020-08-21T01:17:18","guid":{"rendered":"https:\/\/www.eltrabajo.cl\/portal\/?p=102259"},"modified":"2020-08-20T21:17:18","modified_gmt":"2020-08-21T01:17:18","slug":"carabineros-os7-detiene-a-tres-personas-en-allanamientos-en-mismo-pasaje","status":"publish","type":"post","link":"https:\/\/eltrabajo.cl\/portal\/carabineros-os7-detiene-a-tres-personas-en-allanamientos-en-mismo-pasaje\/","title":{"rendered":"Carabineros OS7 detiene a tres personas en allanamientos en mismo pasaje"},"content":{"rendered":"<ul style=\"text-align: justify;\">\n<li style=\"text-align: left;\"><strong>Los procedimientos se desarrollaron durante dos d\u00edas seguidos y todos los aprehendidos pasaron a control de detenci\u00f3n.<\/strong><\/li>\n<\/ul>\n<p style=\"text-align: justify;\">En dos procedimientos desarrollados en d\u00edas consecutivos en la poblaci\u00f3n Eliecer Estay en la comuna de Llay Llay, Carabineros de la Secci\u00f3n OS7 Aconcagua detuvo a tres personas tras allanar dos domicilios que estar\u00edan vinculados al tr\u00e1fico il\u00edcito de drogas.<\/p>\n<p style=\"text-align: justify;\">En un primer procedimiento\u00a0 se incautaron 109 gramos de clorhidrato de coca\u00edna, 5 cartuchos calibres 16 y $255.000 en efectivo, deteniendo a una persona que pas\u00f3 a control de detenci\u00f3n. En el segundo caso, se decomisaron 23,5 gramos de pasta base de coca\u00edna; 6,8 gramos de clorhidrato de coca\u00edna y $26 mil en dinero, adem\u00e1s de un colador que manten\u00eda restos de la droga.<\/p>\n<p style=\"text-align: justify;\">En el segundo hecho se detuvo a dos personas que pasaron a control de detenci\u00f3n la jornada de ayer.<\/p>\n<p style=\"text-align: justify;\">Es importante recordar a la ciudadan\u00eda que los hechos ligados a droga pueden ser denunciados al fono 135 de manera an\u00f3nima y gratuita.<\/p>\n<figure id=\"attachment_102260\" aria-describedby=\"caption-attachment-102260\" style=\"width: 579px\" class=\"wp-caption alignnone\"><img data-recalc-dims=\"1\" loading=\"lazy\" decoding=\"async\" class=\"size-full wp-image-102260\" src=\"https:\/\/i0.wp.com\/eltrabajo.cl\/portal\/wp-content\/uploads\/2020\/08\/decomiso-os7-2.jpg?resize=579%2C435&#038;ssl=1\" alt=\"En el primer procedimiento  se incautaron 109 gramos de clorhidrato de coca\u00edna, 5 cartuchos calibres 16 y $255.000 en efectivo, en tanto en el segundo caso, se decomisaron 23,5 gramos de pasta base de coca\u00edna; 6,8 gramos de clorhidrato de coca\u00edna y $26 mil en dinero.\" width=\"579\" height=\"435\" srcset=\"https:\/\/i0.wp.com\/eltrabajo.cl\/portal\/wp-content\/uploads\/2020\/08\/decomiso-os7-2.jpg?w=579&amp;ssl=1 579w, https:\/\/i0.wp.com\/eltrabajo.cl\/portal\/wp-content\/uploads\/2020\/08\/decomiso-os7-2.jpg?resize=300%2C225&amp;ssl=1 300w, https:\/\/i0.wp.com\/eltrabajo.cl\/portal\/wp-content\/uploads\/2020\/08\/decomiso-os7-2.jpg?resize=200%2C150&amp;ssl=1 200w\" sizes=\"auto, (max-width: 579px) 100vw, 579px\" \/><figcaption id=\"caption-attachment-102260\" class=\"wp-caption-text\">En el primer procedimiento se incautaron 109 gramos de clorhidrato de coca\u00edna, 5 cartuchos calibres 16 y $255.000 en efectivo, en tanto en el segundo caso, se decomisaron 23,5 gramos de pasta base de coca\u00edna; 6,8 gramos de clorhidrato de coca\u00edna y $26 mil en dinero.<\/figcaption><\/figure>\n","protected":false},"excerpt":{"rendered":"<p>Los procedimientos se desarrollaron durante dos d\u00edas seguidos y todos los aprehendidos pasaron a control de detenci\u00f3n. En dos procedimientos desarrollados en d\u00edas consecutivos en la poblaci\u00f3n Eliecer Estay en la comuna&#8230;<\/p>\n","protected":false},"author":482,"featured_media":102260,"comment_status":"closed","ping_status":"open","sticky":false,"template":"","format":"standard","meta":{"advanced_seo_description":"","jetpack_seo_html_title":"","jetpack_seo_noindex":false,"_jetpack_memberships_contains_paid_content":false,"footnotes":""},"categories":[21],"tags":[],"class_list":["post-102259","post","type-post","status-publish","format-standard","has-post-thumbnail","hentry","category-policial"],"jetpack_featured_media_url":"https:\/\/i0.wp.com\/eltrabajo.cl\/portal\/wp-content\/uploads\/2020\/08\/decomiso-os7-2.jpg?fit=579%2C435&ssl=1","jetpack_sharing_enabled":true,"jetpack_likes_enabled":true,"jetpack-related-posts":[],"_links":{"self":[{"href":"https:\/\/eltrabajo.cl\/portal\/wp-json\/wp\/v2\/posts\/102259","targetHints":{"allow":["GET"]}}],"collection":[{"href":"https:\/\/eltrabajo.cl\/portal\/wp-json\/wp\/v2\/posts"}],"about":[{"href":"https:\/\/eltrabajo.cl\/portal\/wp-json\/wp\/v2\/types\/post"}],"author":[{"embeddable":true,"href":"https:\/\/eltrabajo.cl\/portal\/wp-json\/wp\/v2\/users\/482"}],"replies":[{"embeddable":true,"href":"https:\/\/eltrabajo.cl\/portal\/wp-json\/wp\/v2\/comments?post=102259"}],"version-history":[{"count":0,"href":"https:\/\/eltrabajo.cl\/portal\/wp-json\/wp\/v2\/posts\/102259\/revisions"}],"wp:featuredmedia":[{"embeddable":true,"href":"https:\/\/eltrabajo.cl\/portal\/wp-json\/wp\/v2\/media\/102260"}],"wp:attachment":[{"href":"https:\/\/eltrabajo.cl\/portal\/wp-json\/wp\/v2\/media?parent=102259"}],"wp:term":[{"taxonomy":"category","embeddable":true,"href":"https:\/\/eltrabajo.cl\/portal\/wp-json\/wp\/v2\/categories?post=102259"},{"taxonomy":"post_tag","embeddable":true,"href":"https:\/\/eltrabajo.cl\/portal\/wp-json\/wp\/v2\/tags?post=102259"}],"curies":[{"name":"wp","href":"https:\/\/api.w.org\/{rel}","templated":true}]}}