{"id":102262,"date":"2020-08-21T07:40:59","date_gmt":"2020-08-21T11:40:59","guid":{"rendered":"https:\/\/www.eltrabajo.cl\/portal\/?p=102262"},"modified":"2020-08-20T21:21:06","modified_gmt":"2020-08-21T01:21:06","slug":"este-domingo-reabre-el-sector-de-chacareria-en-feria-de-diego-de-almagro","status":"publish","type":"post","link":"https:\/\/eltrabajo.cl\/portal\/este-domingo-reabre-el-sector-de-chacareria-en-feria-de-diego-de-almagro\/","title":{"rendered":"Este domingo reabre el sector de chacarer\u00eda en Feria de Diego de Almagro"},"content":{"rendered":"<p style=\"text-align: left;\"><span style=\"color: #c81400;\"><strong>Municipalidad llam\u00f3 a respetar las medidas sanitarias:<\/strong><\/span><\/p>\n<ul style=\"text-align: justify;\">\n<li style=\"text-align: left;\"><strong>Se realiz\u00f3 visita t\u00e9cnica para evaluar los \u00faltimos detalles antes que vuelva a operar este recinto.<\/strong><\/li>\n<\/ul>\n<p style=\"text-align: justify;\">Con una visita t\u00e9cnica al lugar donde se instala la Feria Diego de Almagro, principalmente los 129 puestos de frutas y verduras, el equipo t\u00e9cnico de la Municipalidad de San Felipe, en conjunto con la Autoridad Sanitaria, Gobernaci\u00f3n, Ej\u00e9rcito, Carabineros y dirigentes del Sindicato N\u00b0 1, evaluaron las principales medidas que se dispondr\u00e1n para su reapertura este domingo 23 de agosto.<\/p>\n<p style=\"text-align: justify;\">Para esto se elabor\u00f3 un protocolo sanitario de funcionamiento que permite la reapertura del sector de chacarer\u00eda, mientras tanto el resto no podr\u00e1 operar por ahora.<\/p>\n<p style=\"text-align: justify;\">Se reiter\u00f3 que los locatarios, en su conjunto, son los responsables de mantener la seguridad en el interior de la feria, a trav\u00e9s de la contrataci\u00f3n de guardias; adem\u00e1s de contar con los elementos necesarios para el control de temperatura y la disposici\u00f3n de elementos de higiene, por ejemplo, dispensadores de alcohol gel.<\/p>\n<p style=\"text-align: justify;\">La recomendaci\u00f3n, adem\u00e1s, es que s\u00f3lo acuda una persona por grupo familiar a la feria, que mantengan el distanciamiento f\u00edsico y que cuenten con el permiso temporal correspondiente, esto porque el fin de semana se mantiene la cuarentena en la comuna. Lo que significa que los adultos mayores sobre 75 a\u00f1os no podr\u00e1n acudir a este recinto.<\/p>\n<p style=\"text-align: justify;\">El alcalde (s) <strong>Claudio Paredes<\/strong>, manifest\u00f3 que esto es el resultado de un trabajo conjunto que lider\u00f3 el municipio, el que permiti\u00f3 establecer un protocolo que deben cumplir los feriantes para mantener las medidas sanitarias correspondientes, entendiendo que la comuna a\u00fan se encuentra en Fase 2.<\/p>\n<p style=\"text-align: justify;\">\u00ab<em>Queremos reiterar a los vecinos que para asistir a la feria deben contar con su permiso respectivo, lo que ser\u00e1 fiscalizado por la autoridad competente, y cumplir con el uso obligatorio de mascarilla y el distanciamiento entre personas, esto permitir\u00e1 que la feria siga operando a futuro y tambi\u00e9n nos estaremos cuidando para evitar nuevos contagios\u00bb,<\/em> coment\u00f3.<\/p>\n<p style=\"text-align: justify;\"><strong>Jos\u00e9 Quijanes<\/strong>, presidente del sindicato N\u00b0 1, se sum\u00f3 a este llamado, por un lado, para que todos los socios cumplan con el protocolo fijado y, por otro, para que los usuarios respeten las medidas implementadas, lo que permitir\u00e1 mantener en funcionamiento la feria.<\/p>\n<figure id=\"attachment_102263\" aria-describedby=\"caption-attachment-102263\" style=\"width: 579px\" class=\"wp-caption alignnone\"><img data-recalc-dims=\"1\" loading=\"lazy\" decoding=\"async\" class=\"size-full wp-image-102263\" src=\"https:\/\/i0.wp.com\/eltrabajo.cl\/portal\/wp-content\/uploads\/2020\/08\/Reapertura-Feria-1.jpg?resize=579%2C384&#038;ssl=1\" alt=\"El municipio reiter\u00f3 que son los locatarios los responsables de mantener la seguridad en el interior de la feria, a trav\u00e9s de la contrataci\u00f3n de guardias adem\u00e1s de contar con elementos para control de temperatura y de higiene como dispensadores de alcohol gel.\" width=\"579\" height=\"384\" srcset=\"https:\/\/i0.wp.com\/eltrabajo.cl\/portal\/wp-content\/uploads\/2020\/08\/Reapertura-Feria-1.jpg?w=579&amp;ssl=1 579w, https:\/\/i0.wp.com\/eltrabajo.cl\/portal\/wp-content\/uploads\/2020\/08\/Reapertura-Feria-1.jpg?resize=300%2C199&amp;ssl=1 300w, https:\/\/i0.wp.com\/eltrabajo.cl\/portal\/wp-content\/uploads\/2020\/08\/Reapertura-Feria-1.jpg?resize=200%2C133&amp;ssl=1 200w\" sizes=\"auto, (max-width: 579px) 100vw, 579px\" \/><figcaption id=\"caption-attachment-102263\" class=\"wp-caption-text\">El municipio reiter\u00f3 que son los locatarios los responsables de mantener la seguridad en el interior de la feria, a trav\u00e9s de la contrataci\u00f3n de guardias adem\u00e1s de contar con elementos para control de temperatura y de higiene como dispensadores de alcohol gel.<\/figcaption><\/figure>\n<figure id=\"attachment_102264\" aria-describedby=\"caption-attachment-102264\" style=\"width: 579px\" class=\"wp-caption alignnone\"><img data-recalc-dims=\"1\" loading=\"lazy\" decoding=\"async\" class=\"size-full wp-image-102264\" src=\"https:\/\/i0.wp.com\/eltrabajo.cl\/portal\/wp-content\/uploads\/2020\/08\/Reapertura-Feria-2.jpg?resize=579%2C872&#038;ssl=1\" alt=\"Este domingo, adoptando las medidas preventivas pertinentes, volver\u00e1 a funcionar la Feria Diego de Almagro, solo en la parte chacarer\u00eda.\" width=\"579\" height=\"872\" srcset=\"https:\/\/i0.wp.com\/eltrabajo.cl\/portal\/wp-content\/uploads\/2020\/08\/Reapertura-Feria-2.jpg?w=579&amp;ssl=1 579w, https:\/\/i0.wp.com\/eltrabajo.cl\/portal\/wp-content\/uploads\/2020\/08\/Reapertura-Feria-2.jpg?resize=199%2C300&amp;ssl=1 199w, https:\/\/i0.wp.com\/eltrabajo.cl\/portal\/wp-content\/uploads\/2020\/08\/Reapertura-Feria-2.jpg?resize=100%2C150&amp;ssl=1 100w\" sizes=\"auto, (max-width: 579px) 100vw, 579px\" \/><figcaption id=\"caption-attachment-102264\" class=\"wp-caption-text\">Este domingo, adoptando las medidas preventivas pertinentes, volver\u00e1 a funcionar la Feria Diego de Almagro, solo en la parte chacarer\u00eda.<\/figcaption><\/figure>\n","protected":false},"excerpt":{"rendered":"<p>Municipalidad llam\u00f3 a respetar las medidas sanitarias: Se realiz\u00f3 visita t\u00e9cnica para evaluar los \u00faltimos detalles antes que vuelva a operar este recinto. Con una visita t\u00e9cnica al lugar donde se instala&#8230;<\/p>\n","protected":false},"author":482,"featured_media":102263,"comment_status":"closed","ping_status":"open","sticky":false,"template":"","format":"standard","meta":{"advanced_seo_description":"","jetpack_seo_html_title":"","jetpack_seo_noindex":false,"_jetpack_memberships_contains_paid_content":false,"footnotes":""},"categories":[105,103],"tags":[],"class_list":["post-102262","post","type-post","status-publish","format-standard","has-post-thumbnail","hentry","category-covid-19","category-cronica-2"],"jetpack_featured_media_url":"https:\/\/i0.wp.com\/eltrabajo.cl\/portal\/wp-content\/uploads\/2020\/08\/Reapertura-Feria-1.jpg?fit=579%2C384&ssl=1","jetpack_sharing_enabled":true,"jetpack_likes_enabled":true,"jetpack-related-posts":[],"_links":{"self":[{"href":"https:\/\/eltrabajo.cl\/portal\/wp-json\/wp\/v2\/posts\/102262","targetHints":{"allow":["GET"]}}],"collection":[{"href":"https:\/\/eltrabajo.cl\/portal\/wp-json\/wp\/v2\/posts"}],"about":[{"href":"https:\/\/eltrabajo.cl\/portal\/wp-json\/wp\/v2\/types\/post"}],"author":[{"embeddable":true,"href":"https:\/\/eltrabajo.cl\/portal\/wp-json\/wp\/v2\/users\/482"}],"replies":[{"embeddable":true,"href":"https:\/\/eltrabajo.cl\/portal\/wp-json\/wp\/v2\/comments?post=102262"}],"version-history":[{"count":0,"href":"https:\/\/eltrabajo.cl\/portal\/wp-json\/wp\/v2\/posts\/102262\/revisions"}],"wp:featuredmedia":[{"embeddable":true,"href":"https:\/\/eltrabajo.cl\/portal\/wp-json\/wp\/v2\/media\/102263"}],"wp:attachment":[{"href":"https:\/\/eltrabajo.cl\/portal\/wp-json\/wp\/v2\/media?parent=102262"}],"wp:term":[{"taxonomy":"category","embeddable":true,"href":"https:\/\/eltrabajo.cl\/portal\/wp-json\/wp\/v2\/categories?post=102262"},{"taxonomy":"post_tag","embeddable":true,"href":"https:\/\/eltrabajo.cl\/portal\/wp-json\/wp\/v2\/tags?post=102262"}],"curies":[{"name":"wp","href":"https:\/\/api.w.org\/{rel}","templated":true}]}}