{"id":102266,"date":"2020-08-21T07:45:38","date_gmt":"2020-08-21T11:45:38","guid":{"rendered":"https:\/\/www.eltrabajo.cl\/portal\/?p=102266"},"modified":"2020-08-20T21:23:52","modified_gmt":"2020-08-21T01:23:52","slug":"beals-hay-tres-instancias-diferentes-donde-se-sostuvo-lo-que-manteniamos","status":"publish","type":"post","link":"https:\/\/eltrabajo.cl\/portal\/beals-hay-tres-instancias-diferentes-donde-se-sostuvo-lo-que-manteniamos\/","title":{"rendered":"Beals: \u00abHay tres instancias diferentes donde se sostuvo lo que manten\u00edamos\u00bb"},"content":{"rendered":"<p style=\"text-align: left;\"><span style=\"color: #c81400;\"><strong>Concejal insisti\u00f3 en que solo ejerci\u00f3 su rol fiscalizador:<\/strong><\/span><\/p>\n<p style=\"text-align: justify;\">Han pasado m\u00e1s de 24 horas desde que el administrador municipal Patricio Gonz\u00e1lez renunciara a su cargo y uno de los concejales firmantes del requerimiento ante el TER, Christian Beals Campos, entreg\u00f3 sus impresiones de este hecho indicando que ganaron en las tres partes donde presentaron recursos.<\/p>\n<p style=\"text-align: justify;\">\u00ab<em>Primero en la Contralor\u00eda dejamos sin efecto el decreto que decret\u00f3 ilegal nuestra votaci\u00f3n; en segundo lugar en la Corte Suprema donde tambi\u00e9n se presentaron y tambi\u00e9n la Corte Suprema fall\u00f3 a favor de nosotros, y por \u00faltimo en el TER y tambi\u00e9n a favor de nosotros, donde tambi\u00e9n la municipalidad se hizo parte. Hay tres instancias diferentes donde nosotros t\u00e9cnicamente se sostuvo lo que manten\u00edamos, lo que es m\u00e1s importante, la salida del administrador se basa en cosas concretas de la Contralor\u00eda; \u00e9l fue sancionado por la Contralor\u00eda; \u00e9l no lo dice, solamente repite el discurso que si ahora lo llev\u00e1ramos a votaci\u00f3n no saldr\u00eda. Por supuesto no hay motivo porque se encarg\u00f3 despu\u00e9s de eso, de\u00a0 pagarle a los profesores que los ten\u00eda seis meses atrasado, y nunca m\u00e1s se atras\u00f3 por el temor a que le aplic\u00e1ramos eso\u00bb,<\/em> sostuvo Beals.<\/p>\n<p style=\"text-align: justify;\">Respecto a que si la renuncia mejora en algo el cuestionamiento que hace\u00a0 el Tribunal Electoral, dijo que en nada <em>\u00abporque para hacerla efectiva debi\u00f3 haberla hecho en el periodo de Freire y haberlo destituido, no haberle pedido la renuncia; para m\u00ed yo no soy abogado, y no seis d\u00edas despu\u00e9s porque a m\u00ed me dio la impresi\u00f3n, cuando yo present\u00e9 el martes en el concejo que \u00e9l no quer\u00eda renunciar, as\u00ed me lo anunciaron y por eso yo solicit\u00e9 la renuncia formal y fue efectiva al otro d\u00eda, por lo tanto no es que Freire le haya pedido la renuncia\u2026 No quiso renunciar hasta que se vio presionado el actual alcalde delegado, subrogante o designado para ejercer esa solicitud que yo le hice como concejal, que era la complementaci\u00f3n del fallo de Freire. Al final debiera haberse ido,\u00a0 si fuera consecuente con sus ideas, como \u00e9l dice, debiese haberse ido con Freire el mismo d\u00eda que se fue Freire\u00bb,<\/em> indic\u00f3.<\/p>\n<p style=\"text-align: justify;\">Se le pregunta al concejal si la renuncia se le pide el 12 de agosto por qu\u00e9 se hace efectiva una semana despu\u00e9s. Al respecto el concejal Christian Beals Campos dijo <em>\u00abporque no quer\u00eda renunciar, esa es la lectura l\u00f3gica que tiene que tiene que hacer uno. Se la ped\u00ed yo en el concejo el martes y sali\u00f3 el d\u00eda mi\u00e9rcoles, ahora que le pongan renuncia a no ponerle destituci\u00f3n, tambi\u00e9n eso suaviza un poco el efecto, porque es diferente a que renuncie a que a uno lo destituyan\u00bb,<\/em> indic\u00f3 Beals.<\/p>\n<p style=\"text-align: justify;\">Sobre si la salida de Gonz\u00e1lez\u00a0 de la municipalidad de San Felipe forma parte de una estrategia judicial, el concejal Christian Beals Campos indic\u00f3: <em>\u00abYo creo que lamentablemente han tenido muy malos abogados, hay que ver que les resulta, pero como toda persona tiene derecho a presentar sus descargos, pero no hay que olvidar que aqu\u00ed hay tres fallos de tres instituciones diferentes, o sea se fueron contra el sistema, \u00e9stos no son inventos del concejal Christian Beals, no son inventos de querer obtener una alcald\u00eda. Yo le anticip\u00e9 a Freire al otro d\u00eda del fallo de la Suprema, el 5 de diciembre del 2018 en concejo, con documentos, que el fallo hab\u00eda sido adverso, que la votaci\u00f3n nuestra era v\u00e1lida, siempre se discuti\u00f3 eso, ni siquiera con el nombre del administrador, entonces dicen que no ven\u00eda designado con nombre\u2026 nunca. Solamente en ese momento le dije a Freire: <strong>\u2018Mira, aqu\u00ed t\u00fa est\u00e1s con abandono de deberes si t\u00fa no ejercitas el fallo de la Suprema\u2019&#8230;<\/strong> dos a\u00f1os antes, entonces qu\u00e9 inter\u00e9s voy a tener en ocupar un cargo si le estoy anticipando a esa persona que no cometa ese error y los abogados le dijeron \u00a1No!, aqu\u00ed no dice que tiene que salir Patricio Gonz\u00e1lez&#8230; Nunca iba a decir en el fallo de la Suprema que ten\u00eda que salir Patricio Gonz\u00e1lez, la Suprema fall\u00f3 para todo Chile y porque era una interpretaci\u00f3n antigua donde se designaba alcalde el concejal con la m\u00e1s alta votaci\u00f3n, hasta que cambi\u00f3 la votaci\u00f3n que era diferente alcaldes y concejales, por lo tanto siempre el alcalde se consider\u00f3 a la interpretaci\u00f3n de la Contralor\u00eda de que el alcalde formaba parte del concejo, que era un concejal m\u00e1s, pero eso cambi\u00f3 con la ley 20 mil y tanto se separaron, por lo tanto el fallo de la Suprema lo deja claramente establecido que para destituir al administrador solamente necesitan dos tercios, en este caso de 6 concejales, 4, y no tiene que concurrir el alcalde porque adem\u00e1s era un funcionario de confianza de \u00e9l, basta decirle no sigue y no ir a una votaci\u00f3n, o sea qued\u00f3 s\u00faper claro\u00bb,<\/em> se\u00f1al\u00f3 Beals.<\/p>\n<p style=\"text-align: justify;\">Al finalizar volvi\u00f3 a reiterar que s\u00f3lo est\u00e1 cumpliendo su rol principal que es fiscalizar.<\/p>\n<figure id=\"attachment_102269\" aria-describedby=\"caption-attachment-102269\" style=\"width: 579px\" class=\"wp-caption alignnone\"><img data-recalc-dims=\"1\" loading=\"lazy\" decoding=\"async\" class=\"size-full wp-image-102269\" src=\"https:\/\/i0.wp.com\/eltrabajo.cl\/portal\/wp-content\/uploads\/2020\/08\/chistian-beals-campos.jpg?resize=579%2C383&#038;ssl=1\" alt=\"Concejal Christian Beals Campos.\" width=\"579\" height=\"383\" srcset=\"https:\/\/i0.wp.com\/eltrabajo.cl\/portal\/wp-content\/uploads\/2020\/08\/chistian-beals-campos.jpg?w=579&amp;ssl=1 579w, https:\/\/i0.wp.com\/eltrabajo.cl\/portal\/wp-content\/uploads\/2020\/08\/chistian-beals-campos.jpg?resize=300%2C198&amp;ssl=1 300w, https:\/\/i0.wp.com\/eltrabajo.cl\/portal\/wp-content\/uploads\/2020\/08\/chistian-beals-campos.jpg?resize=200%2C132&amp;ssl=1 200w\" sizes=\"auto, (max-width: 579px) 100vw, 579px\" \/><figcaption id=\"caption-attachment-102269\" class=\"wp-caption-text\">Concejal Christian Beals Campos.<\/figcaption><\/figure>\n","protected":false},"excerpt":{"rendered":"<p>Concejal insisti\u00f3 en que solo ejerci\u00f3 su rol fiscalizador: Han pasado m\u00e1s de 24 horas desde que el administrador municipal Patricio Gonz\u00e1lez renunciara a su cargo y uno de los concejales firmantes&#8230;<\/p>\n","protected":false},"author":482,"featured_media":102269,"comment_status":"closed","ping_status":"open","sticky":false,"template":"","format":"standard","meta":{"advanced_seo_description":"","jetpack_seo_html_title":"","jetpack_seo_noindex":false,"_jetpack_memberships_contains_paid_content":false,"footnotes":""},"categories":[103],"tags":[],"class_list":["post-102266","post","type-post","status-publish","format-standard","has-post-thumbnail","hentry","category-cronica-2"],"jetpack_featured_media_url":"https:\/\/i0.wp.com\/eltrabajo.cl\/portal\/wp-content\/uploads\/2020\/08\/chistian-beals-campos.jpg?fit=579%2C383&ssl=1","jetpack_sharing_enabled":true,"jetpack_likes_enabled":true,"jetpack-related-posts":[],"_links":{"self":[{"href":"https:\/\/eltrabajo.cl\/portal\/wp-json\/wp\/v2\/posts\/102266","targetHints":{"allow":["GET"]}}],"collection":[{"href":"https:\/\/eltrabajo.cl\/portal\/wp-json\/wp\/v2\/posts"}],"about":[{"href":"https:\/\/eltrabajo.cl\/portal\/wp-json\/wp\/v2\/types\/post"}],"author":[{"embeddable":true,"href":"https:\/\/eltrabajo.cl\/portal\/wp-json\/wp\/v2\/users\/482"}],"replies":[{"embeddable":true,"href":"https:\/\/eltrabajo.cl\/portal\/wp-json\/wp\/v2\/comments?post=102266"}],"version-history":[{"count":0,"href":"https:\/\/eltrabajo.cl\/portal\/wp-json\/wp\/v2\/posts\/102266\/revisions"}],"wp:featuredmedia":[{"embeddable":true,"href":"https:\/\/eltrabajo.cl\/portal\/wp-json\/wp\/v2\/media\/102269"}],"wp:attachment":[{"href":"https:\/\/eltrabajo.cl\/portal\/wp-json\/wp\/v2\/media?parent=102266"}],"wp:term":[{"taxonomy":"category","embeddable":true,"href":"https:\/\/eltrabajo.cl\/portal\/wp-json\/wp\/v2\/categories?post=102266"},{"taxonomy":"post_tag","embeddable":true,"href":"https:\/\/eltrabajo.cl\/portal\/wp-json\/wp\/v2\/tags?post=102266"}],"curies":[{"name":"wp","href":"https:\/\/api.w.org\/{rel}","templated":true}]}}