{"id":102271,"date":"2020-08-21T07:50:43","date_gmt":"2020-08-21T11:50:43","guid":{"rendered":"https:\/\/www.eltrabajo.cl\/portal\/?p=102271"},"modified":"2020-08-20T21:28:09","modified_gmt":"2020-08-21T01:28:09","slug":"vecina-casi-muere-electrocutada-al-apagar-un-incendio-electrico-con-agua","status":"publish","type":"post","link":"https:\/\/eltrabajo.cl\/portal\/vecina-casi-muere-electrocutada-al-apagar-un-incendio-electrico-con-agua\/","title":{"rendered":"Vecina casi muere electrocutada al apagar un incendio el\u00e9ctrico con agua"},"content":{"rendered":"<p style=\"text-align: left;\"><span style=\"color: #c81400;\"><strong>Varios de sus electrodom\u00e9sticos explotaron tras el corto circuito:<\/strong><\/span><\/p>\n<p style=\"text-align: justify;\">La explosi\u00f3n de una zapatilla el\u00e9ctrica y el estallido subsiguiente del televisor, un equipo de sonido y otros electrodom\u00e9sticos, es lo que se registr\u00f3 al mediod\u00eda de este jueves en Villa Esplendor 241, justo cuando la due\u00f1a de casa sali\u00f3 a comprar un cuaderno para una de sus tres ni\u00f1as chicas. La abuela de las peque\u00f1as decidi\u00f3 sacar a las ni\u00f1as a la calle, mientras que la madre de las menores lleg\u00f3 para apagar el fuego con agua, lo cual represent\u00f3 un peligro agregado, pues apagar incendios de electrodom\u00e9sticos con agua es de alta peligrosidad, pues pudo morir electrocutada.<\/p>\n<p style=\"text-align: justify;\">\n<p style=\"text-align: justify;\"><span style=\"color: #c81400;\"><strong>TODOS EN SHOCK<\/strong><\/span><\/p>\n<p style=\"text-align: justify;\">Al lugar llegaron unidades de la Primera y Cuarta Compa\u00f1\u00eda de Bomberos, estos bomberos procedieron a extraer los gases y humo de la vivienda, as\u00ed como hacer la respectiva inspecci\u00f3n de las instalaciones el\u00e9ctricas del inmueble.<\/p>\n<p style=\"text-align: justify;\"><strong>Diario El Trabajo<\/strong> habl\u00f3 con <strong>Claudia Matamala<\/strong>, vecina afectada en El Esplendor:<\/p>\n<p style=\"text-align: justify;\"><em>\u00abYo s\u00f3lo sal\u00ed a comprar un cuaderno para una de mis ni\u00f1as para sus clases online, y fui\u00a0 a comprarlo y cuando ven\u00eda yo doblando la esquina me gritan los vecinos \u2018Fuego\u2019, y corro, y parece que los ni\u00f1os hab\u00edan pescado algo, no s\u00e9, y se empez\u00f3 a incendiar. Lo \u00fanico a lo que atin\u00e9 fue tomar un bid\u00f3n con agua para apagar el fuego para que no se extendiera, porque si se extiende agarraba el living y la casa de al lado<\/em> <em>(\u2026) Se me quem\u00f3 un televisor, un equipo de sonido, mi celular que lo hab\u00eda comprado hace pocos d\u00edas, era mi herramienta de trabajo. Puede que fuera la \u2018zapatilla\u2019 la que se sobrecarg\u00f3, porque igual la tenemos as\u00ed con cosas conectadas. Esto pas\u00f3 cuando las ni\u00f1as estaban viendo tele<\/em> (\u2026) <em>Se me quem\u00f3 todo lo que yo vendo, yo hago pasteler\u00eda para vender a domicilio, hoy mismo tengo que entregar una torta<\/em>\u00bb, dijo la angustiada vecina. Tras las explosiones, las ni\u00f1as soltaron a llorar, y la adulta mayor do\u00f1a <strong>Mar\u00eda Ang\u00e9lica Le Roy Aris<\/strong> procedi\u00f3 a ponerlas a salvo.<\/p>\n<p style=\"text-align: justify;\"><strong>Roberto Gonz\u00e1lez Short<\/strong><\/p>\n<figure id=\"attachment_102272\" aria-describedby=\"caption-attachment-102272\" style=\"width: 579px\" class=\"wp-caption alignnone\"><img data-recalc-dims=\"1\" loading=\"lazy\" decoding=\"async\" class=\"size-full wp-image-102272\" src=\"https:\/\/i0.wp.com\/eltrabajo.cl\/portal\/wp-content\/uploads\/2020\/08\/Esplendor1.jpg?resize=579%2C342&#038;ssl=1\" alt=\"POR POCO MUERE ELECTROCUTADA.- Los vecinos apoyaron a la vecina Claudia Matamala, quien desesperada no pens\u00f3 en su vida, y apag\u00f3 un incendio el\u00e9ctrico con agua.\" width=\"579\" height=\"342\" srcset=\"https:\/\/i0.wp.com\/eltrabajo.cl\/portal\/wp-content\/uploads\/2020\/08\/Esplendor1.jpg?w=579&amp;ssl=1 579w, https:\/\/i0.wp.com\/eltrabajo.cl\/portal\/wp-content\/uploads\/2020\/08\/Esplendor1.jpg?resize=300%2C177&amp;ssl=1 300w, https:\/\/i0.wp.com\/eltrabajo.cl\/portal\/wp-content\/uploads\/2020\/08\/Esplendor1.jpg?resize=200%2C118&amp;ssl=1 200w\" sizes=\"auto, (max-width: 579px) 100vw, 579px\" \/><figcaption id=\"caption-attachment-102272\" class=\"wp-caption-text\">POR POCO MUERE ELECTROCUTADA.- Los vecinos apoyaron a la vecina Claudia Matamala, quien desesperada no pens\u00f3 en su vida, y apag\u00f3 un incendio el\u00e9ctrico con agua.<\/figcaption><\/figure>\n<figure id=\"attachment_102274\" aria-describedby=\"caption-attachment-102274\" style=\"width: 578px\" class=\"wp-caption alignnone\"><img data-recalc-dims=\"1\" loading=\"lazy\" decoding=\"async\" class=\"size-full wp-image-102274\" src=\"https:\/\/i0.wp.com\/eltrabajo.cl\/portal\/wp-content\/uploads\/2020\/08\/Esplendor3.jpg?resize=578%2C344&#038;ssl=1\" alt=\"ASEGURANDO EL LUGAR.- Los bomberos extrajeron los gases t\u00f3xicos de la vivienda con equipo especial.\" width=\"578\" height=\"344\" srcset=\"https:\/\/i0.wp.com\/eltrabajo.cl\/portal\/wp-content\/uploads\/2020\/08\/Esplendor3.jpg?w=578&amp;ssl=1 578w, https:\/\/i0.wp.com\/eltrabajo.cl\/portal\/wp-content\/uploads\/2020\/08\/Esplendor3.jpg?resize=300%2C179&amp;ssl=1 300w, https:\/\/i0.wp.com\/eltrabajo.cl\/portal\/wp-content\/uploads\/2020\/08\/Esplendor3.jpg?resize=200%2C119&amp;ssl=1 200w\" sizes=\"auto, (max-width: 578px) 100vw, 578px\" \/><figcaption id=\"caption-attachment-102274\" class=\"wp-caption-text\">ASEGURANDO EL LUGAR.- Los bomberos extrajeron los gases t\u00f3xicos de la vivienda con equipo especial.<\/figcaption><\/figure>\n<figure id=\"attachment_102275\" aria-describedby=\"caption-attachment-102275\" style=\"width: 579px\" class=\"wp-caption alignnone\"><img data-recalc-dims=\"1\" loading=\"lazy\" decoding=\"async\" class=\"size-full wp-image-102275\" src=\"https:\/\/i0.wp.com\/eltrabajo.cl\/portal\/wp-content\/uploads\/2020\/08\/Esplendor4.jpg?resize=579%2C387&#038;ssl=1\" alt=\"INSERVIBLES.- As\u00ed quedaron los parlantes y el equipo de sonido, adem\u00e1s del televisor de las ni\u00f1as.\" width=\"579\" height=\"387\" srcset=\"https:\/\/i0.wp.com\/eltrabajo.cl\/portal\/wp-content\/uploads\/2020\/08\/Esplendor4.jpg?w=579&amp;ssl=1 579w, https:\/\/i0.wp.com\/eltrabajo.cl\/portal\/wp-content\/uploads\/2020\/08\/Esplendor4.jpg?resize=300%2C201&amp;ssl=1 300w, https:\/\/i0.wp.com\/eltrabajo.cl\/portal\/wp-content\/uploads\/2020\/08\/Esplendor4.jpg?resize=200%2C134&amp;ssl=1 200w\" sizes=\"auto, (max-width: 579px) 100vw, 579px\" \/><figcaption id=\"caption-attachment-102275\" class=\"wp-caption-text\">INSERVIBLES.- As\u00ed quedaron los parlantes y el equipo de sonido, adem\u00e1s del televisor de las ni\u00f1as.<\/figcaption><\/figure>\n<figure id=\"attachment_102273\" aria-describedby=\"caption-attachment-102273\" style=\"width: 579px\" class=\"wp-caption alignnone\"><img data-recalc-dims=\"1\" loading=\"lazy\" decoding=\"async\" class=\"size-full wp-image-102273\" src=\"https:\/\/i0.wp.com\/eltrabajo.cl\/portal\/wp-content\/uploads\/2020\/08\/Esplendor2.jpg?resize=579%2C703&#038;ssl=1\" alt=\"ABUELA PROTECTORA.- Do\u00f1a Mar\u00eda Ang\u00e9lica Le Roy Aris en todo momento cuid\u00f3 de sus nietas, quienes estaban muy afectadas por el estallido de sus electrodom\u00e9sticos.\" width=\"579\" height=\"703\" srcset=\"https:\/\/i0.wp.com\/eltrabajo.cl\/portal\/wp-content\/uploads\/2020\/08\/Esplendor2.jpg?w=579&amp;ssl=1 579w, https:\/\/i0.wp.com\/eltrabajo.cl\/portal\/wp-content\/uploads\/2020\/08\/Esplendor2.jpg?resize=247%2C300&amp;ssl=1 247w, https:\/\/i0.wp.com\/eltrabajo.cl\/portal\/wp-content\/uploads\/2020\/08\/Esplendor2.jpg?resize=124%2C150&amp;ssl=1 124w\" sizes=\"auto, (max-width: 579px) 100vw, 579px\" \/><figcaption id=\"caption-attachment-102273\" class=\"wp-caption-text\">ABUELA PROTECTORA.- Do\u00f1a Mar\u00eda Ang\u00e9lica Le Roy Aris en todo momento cuid\u00f3 de sus nietas, quienes estaban muy afectadas por el estallido de sus electrodom\u00e9sticos.<\/figcaption><\/figure>\n<figure id=\"attachment_102276\" aria-describedby=\"caption-attachment-102276\" style=\"width: 579px\" class=\"wp-caption alignnone\"><img data-recalc-dims=\"1\" loading=\"lazy\" decoding=\"async\" class=\"size-full wp-image-102276\" src=\"https:\/\/i0.wp.com\/eltrabajo.cl\/portal\/wp-content\/uploads\/2020\/08\/Esplendor_Claudia-Matamala.jpg?resize=579%2C588&#038;ssl=1\" alt=\"Claudia Matemala, due\u00f1a de casa afectada.\" width=\"579\" height=\"588\" srcset=\"https:\/\/i0.wp.com\/eltrabajo.cl\/portal\/wp-content\/uploads\/2020\/08\/Esplendor_Claudia-Matamala.jpg?w=579&amp;ssl=1 579w, https:\/\/i0.wp.com\/eltrabajo.cl\/portal\/wp-content\/uploads\/2020\/08\/Esplendor_Claudia-Matamala.jpg?resize=295%2C300&amp;ssl=1 295w, https:\/\/i0.wp.com\/eltrabajo.cl\/portal\/wp-content\/uploads\/2020\/08\/Esplendor_Claudia-Matamala.jpg?resize=148%2C150&amp;ssl=1 148w\" sizes=\"auto, (max-width: 579px) 100vw, 579px\" \/><figcaption id=\"caption-attachment-102276\" class=\"wp-caption-text\">Claudia Matemala, due\u00f1a de casa afectada.<\/figcaption><\/figure>\n","protected":false},"excerpt":{"rendered":"<p>Varios de sus electrodom\u00e9sticos explotaron tras el corto circuito: La explosi\u00f3n de una zapatilla el\u00e9ctrica y el estallido subsiguiente del televisor, un equipo de sonido y otros electrodom\u00e9sticos, es lo que se&#8230;<\/p>\n","protected":false},"author":482,"featured_media":102274,"comment_status":"closed","ping_status":"open","sticky":false,"template":"","format":"standard","meta":{"advanced_seo_description":"","jetpack_seo_html_title":"","jetpack_seo_noindex":false,"_jetpack_memberships_contains_paid_content":false,"footnotes":""},"categories":[21],"tags":[],"class_list":["post-102271","post","type-post","status-publish","format-standard","has-post-thumbnail","hentry","category-policial"],"jetpack_featured_media_url":"https:\/\/i0.wp.com\/eltrabajo.cl\/portal\/wp-content\/uploads\/2020\/08\/Esplendor3.jpg?fit=578%2C344&ssl=1","jetpack_sharing_enabled":true,"jetpack_likes_enabled":true,"jetpack-related-posts":[],"_links":{"self":[{"href":"https:\/\/eltrabajo.cl\/portal\/wp-json\/wp\/v2\/posts\/102271","targetHints":{"allow":["GET"]}}],"collection":[{"href":"https:\/\/eltrabajo.cl\/portal\/wp-json\/wp\/v2\/posts"}],"about":[{"href":"https:\/\/eltrabajo.cl\/portal\/wp-json\/wp\/v2\/types\/post"}],"author":[{"embeddable":true,"href":"https:\/\/eltrabajo.cl\/portal\/wp-json\/wp\/v2\/users\/482"}],"replies":[{"embeddable":true,"href":"https:\/\/eltrabajo.cl\/portal\/wp-json\/wp\/v2\/comments?post=102271"}],"version-history":[{"count":0,"href":"https:\/\/eltrabajo.cl\/portal\/wp-json\/wp\/v2\/posts\/102271\/revisions"}],"wp:featuredmedia":[{"embeddable":true,"href":"https:\/\/eltrabajo.cl\/portal\/wp-json\/wp\/v2\/media\/102274"}],"wp:attachment":[{"href":"https:\/\/eltrabajo.cl\/portal\/wp-json\/wp\/v2\/media?parent=102271"}],"wp:term":[{"taxonomy":"category","embeddable":true,"href":"https:\/\/eltrabajo.cl\/portal\/wp-json\/wp\/v2\/categories?post=102271"},{"taxonomy":"post_tag","embeddable":true,"href":"https:\/\/eltrabajo.cl\/portal\/wp-json\/wp\/v2\/tags?post=102271"}],"curies":[{"name":"wp","href":"https:\/\/api.w.org\/{rel}","templated":true}]}}