{"id":102278,"date":"2020-08-21T07:55:23","date_gmt":"2020-08-21T11:55:23","guid":{"rendered":"https:\/\/www.eltrabajo.cl\/portal\/?p=102278"},"modified":"2020-08-20T21:30:42","modified_gmt":"2020-08-21T01:30:42","slug":"feriantes-de-bazar-y-paqueteria-tambien-vuelven-a-trabajar-pero-el-30-de-agosto","status":"publish","type":"post","link":"https:\/\/eltrabajo.cl\/portal\/feriantes-de-bazar-y-paqueteria-tambien-vuelven-a-trabajar-pero-el-30-de-agosto\/","title":{"rendered":"Feriantes de bazar y paqueter\u00eda tambi\u00e9n vuelven a trabajar pero el 30 de agosto"},"content":{"rendered":"<p style=\"text-align: left;\"><span style=\"color: #c81400;\"><strong>\u00a1Buenas noticias!:<\/strong><\/span><\/p>\n<p style=\"text-align: justify;\">Bastante conforme bajaron desde el tercer piso los representantes de los feriantes que tienen puestos de Bazar y Paqueter\u00eda. Ello porque desde la municipalidad de San Felipe les dijeron que podr\u00edan volver a funcionar el pr\u00f3ximo domingo 30 de agosto, cumpliendo todas las normas del protocolo.<\/p>\n<p style=\"text-align: justify;\">Cabe recordar que este domingo 23 de agosto se reabre la feria Diego de Almagro, pero exclusivamente para chacarer\u00eda, es decir todo lo que es fruta y verduras.<\/p>\n<p style=\"text-align: justify;\">En todo caso se van a reunir lunes, martes y mi\u00e9rcoles porque deben coordinar bien debido a que San Felipe los s\u00e1bados y domingos entra en cuarentena. Lo otro que ellos mismos reconocen es que les juega en contra que no venden elementos de primera necesidad. De todas maneras les aseguraron desde la municipalidad de San Felipe que s\u00ed o s\u00ed el d\u00eda 30 de agosto van funcionar lo que es bazar y paqueter\u00eda.<\/p>\n<p style=\"text-align: justify;\"><strong>Manuel Leiva<\/strong>, representante de los comerciantes de Bazar y Paqueter\u00eda, dijo al salir que esta semana era imposible poder trabajar; <em>\u00abpor la cuarentena nos dijeron que nos iban a ayudar para esta otra semana, el domingo 30 que s\u00ed o s\u00ed, con cuarentena o sin cuarentena, \u00edbamos a funcionar. Tenemos que hacer varios protocolos de sanitizaci\u00f3n, nos vamos a poner de acuerdo dentro de la semana, el alcalde Freire nos va a echar una manito con el gobernador para que s\u00ed o s\u00ed funcionemos nosotros, a lo menos nos dijeron que el alcalde iba a meter la mano por nosotros\u00bb,<\/em> sostuvo.<\/p>\n<p style=\"text-align: justify;\">&#8211; <strong>\u00bfLos deja conformes esto?<\/strong><\/p>\n<p style=\"text-align: justify;\">&#8211; S\u00ed, nos deja conforme porque creemos en las palabras de la municipalidad\u2026 tenemos que creerles, sino c\u00f3mo.<\/p>\n<p style=\"text-align: justify;\">&#8211; <strong>\u00bfLos socios est\u00e1n conformes, parece que no?<\/strong><\/p>\n<p style=\"text-align: justify;\">&#8211; S\u00ed, est\u00e1n conformes\u2026 est\u00e1n conformes.<\/p>\n<p style=\"text-align: justify;\">&#8211; <strong>\u00bfEl 30 de agosto entonces?<\/strong><\/p>\n<p style=\"text-align: justify;\">&#8211; S\u00ed, 30 y\u00a0 sino de ah\u00ed para adelante nos vamos a sublevar.<\/p>\n<p style=\"text-align: justify;\">&#8211; <strong>\u00bfCu\u00e1l ser\u00eda el protocolo que deben cumplir?<\/strong><\/p>\n<p style=\"text-align: justify;\">&#8211; Poner lavado de manos, tomar la temperatura, ampliarnos para los lados, no poner ninguna caja por delante, vamos a poner guardias con chaquetas, las tenemos compradas, debe quedar un pasillo de 6 metros que sea amplio, as\u00ed es que ya est\u00e1 bueno, tenemos que trabajar.<\/p>\n<p style=\"text-align: justify;\">&#8211; <strong>\u00bfCu\u00e1ntos son ustedes en la feria de Bazar y Paqueter\u00eda?<\/strong><\/p>\n<p style=\"text-align: justify;\">&#8211; Somos 266\u2026 266 familias sin trabajo.<\/p>\n<p style=\"text-align: justify;\">&#8211; <strong>\u00bfEs posible que algunos de ustedes se instalen este domingo?<\/strong><\/p>\n<p style=\"text-align: justify;\">&#8211; Eso no lo puedo\u2026 no, no porque estamos en cuarentena (dice una socia).<\/p>\n<p style=\"text-align: justify;\">&#8211; <strong>\u00bfVan a respetar entonces?<\/strong><\/p>\n<p style=\"text-align: justify;\">&#8211; S\u00ed porque es dif\u00edcil, estamos en cuarentena, nos van a partear si vamos para all\u00e1.<\/p>\n<p style=\"text-align: justify;\">Luego de la conversaci\u00f3n surgieron dudas porque los d\u00edas s\u00e1bado y domingo San Felipe entra en cuarentena, y ellos al no vender productos de primera necesidad, c\u00f3mo van a funcionar.<\/p>\n<p style=\"text-align: justify;\">Al respecto le preguntamos a Manuel Leiva sobre esta situaci\u00f3n y se\u00f1al\u00f3 lo siguiente: <em>\u00abSe habl\u00f3 eso con don Claudio y nos dijo que \u00e9l se compromet\u00eda, con cuarentena o sin cuarentena, \u00edbamos a tener una reuni\u00f3n con el gobernador para ponernos de acuerdo de qu\u00e9 forma \u00edbamos a funcionar\u2026 \u00e9l dijo as\u00ed\u2026 yo creo que vamos a funcionar, esa fue la respuesta de \u00e9l a nosotros, con cuarentena o sin cuarentena \u00e9l iba a hacer todo lo posible para que nosotros funcion\u00e1ramos\u00bb.<\/em><\/p>\n<p style=\"text-align: justify;\">&#8211; <strong>\u00bfO sea est\u00e1n 100% seguros que funcionan o no al final?<\/strong><\/p>\n<p style=\"text-align: justify;\">&#8211; Eh\u2026 no, hay que hablar con el alcalde, o sea con el gobernador primero, ver de qu\u00e9 manera nos pueden conseguir los permisos porque en estos momentos para la paqueter\u00eda no es primera necesidad, no habr\u00eda un permiso como para trabajar en la feria, y ellos nos conseguir\u00edan permiso, no s\u00e9 de qu\u00e9 manera, iban a ver eso de qu\u00e9 forma conseguir el permiso para que nosotros funcionemos el domingo 30 (agosto), y para eso vamos a tener reuni\u00f3n lunes, martes, mi\u00e9rcoles, nosotros solamente, la directiva, bueno no somos directiva, solamente los que estamos a cargo, las tres personas que somos representantes.<\/p>\n<p style=\"text-align: justify;\">&#8211; <strong>\u00bfUstedes est\u00e1n conscientes que les juega en contra que no sean elementos de primera necesidad?<\/strong><\/p>\n<p style=\"text-align: justify;\">&#8211; Eso nos juega harto en contra, pero esa es la respuesta que nos dieron y nos vamos conformes porque \u00e9l nos asegur\u00f3 que s\u00ed el domingo 30 (agosto) \u00edbamos a funcionar.<\/p>\n<p style=\"text-align: justify;\">Son 266 personas que adem\u00e1s tienen sus patentes canceladas.<\/p>\n<p style=\"text-align: justify;\">Ellos se ubican en Hermanos Carrera frente a la Villa San Francisco.<\/p>\n<figure id=\"attachment_102268\" aria-describedby=\"caption-attachment-102268\" style=\"width: 578px\" class=\"wp-caption alignnone\"><img data-recalc-dims=\"1\" loading=\"lazy\" decoding=\"async\" class=\"size-full wp-image-102268\" src=\"https:\/\/i0.wp.com\/eltrabajo.cl\/portal\/wp-content\/uploads\/2020\/08\/bazar-2.jpg?resize=578%2C385&#038;ssl=1\" alt=\"El representante Mario Leiva (mascarilla colores militar) entregando la informaci\u00f3n a los socios tras terminar la reuni\u00f3n.\" width=\"578\" height=\"385\" srcset=\"https:\/\/i0.wp.com\/eltrabajo.cl\/portal\/wp-content\/uploads\/2020\/08\/bazar-2.jpg?w=578&amp;ssl=1 578w, https:\/\/i0.wp.com\/eltrabajo.cl\/portal\/wp-content\/uploads\/2020\/08\/bazar-2.jpg?resize=300%2C200&amp;ssl=1 300w, https:\/\/i0.wp.com\/eltrabajo.cl\/portal\/wp-content\/uploads\/2020\/08\/bazar-2.jpg?resize=200%2C133&amp;ssl=1 200w\" sizes=\"auto, (max-width: 578px) 100vw, 578px\" \/><figcaption id=\"caption-attachment-102268\" class=\"wp-caption-text\">El representante Mario Leiva (mascarilla colores militar) entregando la informaci\u00f3n a los socios tras terminar la reuni\u00f3n.<\/figcaption><\/figure>\n<figure id=\"attachment_102267\" aria-describedby=\"caption-attachment-102267\" style=\"width: 579px\" class=\"wp-caption alignnone\"><img data-recalc-dims=\"1\" loading=\"lazy\" decoding=\"async\" class=\"size-full wp-image-102267\" src=\"https:\/\/i0.wp.com\/eltrabajo.cl\/portal\/wp-content\/uploads\/2020\/08\/Bazar.jpg?resize=579%2C326&#038;ssl=1\" alt=\"Los feriantes de bazar y paqueter\u00eda en el frontis de la municipalidad de San Felipe.\" width=\"579\" height=\"326\" srcset=\"https:\/\/i0.wp.com\/eltrabajo.cl\/portal\/wp-content\/uploads\/2020\/08\/Bazar.jpg?w=579&amp;ssl=1 579w, https:\/\/i0.wp.com\/eltrabajo.cl\/portal\/wp-content\/uploads\/2020\/08\/Bazar.jpg?resize=300%2C169&amp;ssl=1 300w, https:\/\/i0.wp.com\/eltrabajo.cl\/portal\/wp-content\/uploads\/2020\/08\/Bazar.jpg?resize=200%2C113&amp;ssl=1 200w\" sizes=\"auto, (max-width: 579px) 100vw, 579px\" \/><figcaption id=\"caption-attachment-102267\" class=\"wp-caption-text\">Los feriantes de bazar y paqueter\u00eda en el frontis de la municipalidad de San Felipe.<\/figcaption><\/figure>\n","protected":false},"excerpt":{"rendered":"<p>\u00a1Buenas noticias!: Bastante conforme bajaron desde el tercer piso los representantes de los feriantes que tienen puestos de Bazar y Paqueter\u00eda. Ello porque desde la municipalidad de San Felipe les dijeron que&#8230;<\/p>\n","protected":false},"author":482,"featured_media":102267,"comment_status":"closed","ping_status":"open","sticky":false,"template":"","format":"standard","meta":{"advanced_seo_description":"","jetpack_seo_html_title":"","jetpack_seo_noindex":false,"_jetpack_memberships_contains_paid_content":false,"footnotes":""},"categories":[105,103],"tags":[],"class_list":["post-102278","post","type-post","status-publish","format-standard","has-post-thumbnail","hentry","category-covid-19","category-cronica-2"],"jetpack_featured_media_url":"https:\/\/i0.wp.com\/eltrabajo.cl\/portal\/wp-content\/uploads\/2020\/08\/Bazar.jpg?fit=579%2C326&ssl=1","jetpack_sharing_enabled":true,"jetpack_likes_enabled":true,"jetpack-related-posts":[],"_links":{"self":[{"href":"https:\/\/eltrabajo.cl\/portal\/wp-json\/wp\/v2\/posts\/102278","targetHints":{"allow":["GET"]}}],"collection":[{"href":"https:\/\/eltrabajo.cl\/portal\/wp-json\/wp\/v2\/posts"}],"about":[{"href":"https:\/\/eltrabajo.cl\/portal\/wp-json\/wp\/v2\/types\/post"}],"author":[{"embeddable":true,"href":"https:\/\/eltrabajo.cl\/portal\/wp-json\/wp\/v2\/users\/482"}],"replies":[{"embeddable":true,"href":"https:\/\/eltrabajo.cl\/portal\/wp-json\/wp\/v2\/comments?post=102278"}],"version-history":[{"count":0,"href":"https:\/\/eltrabajo.cl\/portal\/wp-json\/wp\/v2\/posts\/102278\/revisions"}],"wp:featuredmedia":[{"embeddable":true,"href":"https:\/\/eltrabajo.cl\/portal\/wp-json\/wp\/v2\/media\/102267"}],"wp:attachment":[{"href":"https:\/\/eltrabajo.cl\/portal\/wp-json\/wp\/v2\/media?parent=102278"}],"wp:term":[{"taxonomy":"category","embeddable":true,"href":"https:\/\/eltrabajo.cl\/portal\/wp-json\/wp\/v2\/categories?post=102278"},{"taxonomy":"post_tag","embeddable":true,"href":"https:\/\/eltrabajo.cl\/portal\/wp-json\/wp\/v2\/tags?post=102278"}],"curies":[{"name":"wp","href":"https:\/\/api.w.org\/{rel}","templated":true}]}}