{"id":102286,"date":"2020-08-21T10:27:45","date_gmt":"2020-08-21T14:27:45","guid":{"rendered":"https:\/\/www.eltrabajo.cl\/portal\/?p=102286"},"modified":"2020-08-21T10:27:45","modified_gmt":"2020-08-21T14:27:45","slug":"dos-casas-fueron-totalmente-consumidas-por-el-fuego-en-la-villa-250-anos","status":"publish","type":"post","link":"https:\/\/eltrabajo.cl\/portal\/dos-casas-fueron-totalmente-consumidas-por-el-fuego-en-la-villa-250-anos\/","title":{"rendered":"Dos casas fueron totalmente consumidas por el fuego en la Villa 250 A\u00f1os"},"content":{"rendered":"<p style=\"text-align: left;\"><span style=\"color: #c81400;\"><strong>Recalentamiento de cables ser\u00eda la causa:<\/strong><\/span><\/p>\n<p style=\"text-align: justify;\">El aparente recalentamiento del sistema el\u00e9ctrico vendr\u00eda siendo la causa del incendio ocurrido la noche de este jueves en el pasaje Eucaliptus de la Villa 250 A\u00f1os, que dej\u00f3 como saldo dos casas de material ligero totalmente consumidas por el fuego.<\/p>\n<p style=\"text-align: justify;\">A la llegada de Bomberos el incendio estaba incontrolable y seg\u00fan lo manifestado por el comandante <strong>Juan Carlos Herrera Lillo<\/strong>, solo el arribo de los voluntarios evit\u00f3 que el fuego se siguiera propagando: <em>\u201cA la llegada del primer carro, las dos viviendas estaban siendo consumidas en su totalidad por el fuego, el que estaba totalmente descontrolado\u201d,<\/em> se\u00f1al\u00f3.<\/p>\n<p style=\"text-align: justify;\">Consultado sobre la causa del incendio que preliminarmente estar\u00eda asociada a un recalentamiento el\u00e9ctrico, se\u00f1al\u00f3: <em>\u201cS\u00ed, la verdad que esa es la investigaci\u00f3n de los peritos de bomberos, es un recalentamiento del sistema el\u00e9ctrico. La verdad que una de las casas no contaba con energ\u00eda el\u00e9ctrica y una de ellas le facilitaba energ\u00eda. La verdad que estaba muy claro por qu\u00e9 se hab\u00eda producido el incendio\u201d,<\/em> se\u00f1al\u00f3 Juan Carlos Herrera Lillo.<\/p>\n<p style=\"text-align: justify;\">Agreg\u00f3 que en el momento del incendio no hab\u00eda personas en los inmuebles afectados, <em>\u201cporque en primera instancia se informaba que uno de los trabajadores que es muy conocido en San Felipe, que trabaja en el aseo, la verdad que \u00e9l estaba trabajando a esa hora y a los pocos minutos que se empez\u00f3 a trabajar lleg\u00f3 un hermano, ah\u00ed estuvimos conversando, llam\u00f3 al hermano que se le estaba quemando la casa, se vivieron momentos muy complicados con esa persona\u2026 perdi\u00f3 todo, una situaci\u00f3n muy complicada; no se encontraba en su vivienda la otra persona tambi\u00e9n as\u00ed es que lamentablemente la gente muchas veces va acumulando gran cantidad de algunos implementos y eso facilita mucho m\u00e1s al fuego que avance r\u00e1pidamente, y lamentablemente la situaci\u00f3n ya era totalmente descontrolada. Afortunadamente pudimos evitar que se siguiera propagando a las otras viviendas, que en ese sector todas las casa son pareadas, algo que dificulta porque se van haciendo construcciones muy pegadas de material muy ligero\u201d,<\/em> indic\u00f3 Herrera Lillo.<\/p>\n<p style=\"text-align: justify;\">Explic\u00f3 el comandante Juan Carlos Herrera que este tipo de incendio, recalentamiento del sistema el\u00e9ctrico, se puede producir por la mala calidad de los cables o recarga del sistema el\u00e9ctrico, <em>\u201cporque no tiene un sistema que haga corte como corresponde; un autom\u00e1tico, un diferencial, entonces todo eso va produciendo un recalentamiento y no va a hacer nunca un corte que se pueda bajar el autom\u00e1tico, y la verdad que esto se va recalentando y se va prendiendo el cable por el hecho que no tiene un sistema donde haga un corte como corresponde\u201d,<\/em> indic\u00f3.<\/p>\n<p style=\"text-align: justify;\">Tambi\u00e9n el comandante Herrera destac\u00f3 la cooperaci\u00f3n de los vecinos del lugar: <em>\u201cTodos los eventos o incendios que hemos tenido en ese sector, la gente se ha portado muy bien, pero quiero hacer un llamado porque se nos desapareci\u00f3 un hacha y un pit\u00f3n de 50, por eso hago un llamado a la comunidad para que nos ayude a recuperar\u201d,<\/em> se\u00f1al\u00f3.<\/p>\n<p style=\"text-align: justify;\">Al lugar debieron concurrir una cantidad aproximada de 90 voluntarios de bomberos que despu\u00e9s de un arduo trabajo lograron controlar el incendio ocurrido la noche de este jueves en el pasaje Eucaliptus de la Villa 250 A\u00f1os.<\/p>\n<figure id=\"attachment_102287\" aria-describedby=\"caption-attachment-102287\" style=\"width: 578px\" class=\"wp-caption alignnone\"><img data-recalc-dims=\"1\" loading=\"lazy\" decoding=\"async\" class=\"size-full wp-image-102287\" src=\"https:\/\/i0.wp.com\/eltrabajo.cl\/portal\/wp-content\/uploads\/2020\/08\/Incendio.jpg?resize=578%2C462&#038;ssl=1\" alt=\"Bomberos y vecinos combatiendo juntos el incendio de las dos viviendas en el pasaje Eucaliptos de la Villa 250 A\u00f1os de San Felipe.\" width=\"578\" height=\"462\" srcset=\"https:\/\/i0.wp.com\/eltrabajo.cl\/portal\/wp-content\/uploads\/2020\/08\/Incendio.jpg?w=578&amp;ssl=1 578w, https:\/\/i0.wp.com\/eltrabajo.cl\/portal\/wp-content\/uploads\/2020\/08\/Incendio.jpg?resize=300%2C240&amp;ssl=1 300w, https:\/\/i0.wp.com\/eltrabajo.cl\/portal\/wp-content\/uploads\/2020\/08\/Incendio.jpg?resize=188%2C150&amp;ssl=1 188w\" sizes=\"auto, (max-width: 578px) 100vw, 578px\" \/><figcaption id=\"caption-attachment-102287\" class=\"wp-caption-text\">Bomberos y vecinos combatiendo juntos el incendio de las dos viviendas en el pasaje Eucaliptos de la Villa 250 A\u00f1os de San Felipe.<\/figcaption><\/figure>\n<figure id=\"attachment_102288\" aria-describedby=\"caption-attachment-102288\" style=\"width: 580px\" class=\"wp-caption alignnone\"><img data-recalc-dims=\"1\" loading=\"lazy\" decoding=\"async\" class=\"size-full wp-image-102288\" src=\"https:\/\/i0.wp.com\/eltrabajo.cl\/portal\/wp-content\/uploads\/2020\/08\/Llamas.jpg?resize=580%2C464&#038;ssl=1\" alt=\"Las llamas consumieron por completo las dos viviendas.\" width=\"580\" height=\"464\" srcset=\"https:\/\/i0.wp.com\/eltrabajo.cl\/portal\/wp-content\/uploads\/2020\/08\/Llamas.jpg?w=580&amp;ssl=1 580w, https:\/\/i0.wp.com\/eltrabajo.cl\/portal\/wp-content\/uploads\/2020\/08\/Llamas.jpg?resize=300%2C240&amp;ssl=1 300w, https:\/\/i0.wp.com\/eltrabajo.cl\/portal\/wp-content\/uploads\/2020\/08\/Llamas.jpg?resize=188%2C150&amp;ssl=1 188w\" sizes=\"auto, (max-width: 580px) 100vw, 580px\" \/><figcaption id=\"caption-attachment-102288\" class=\"wp-caption-text\">Las llamas consumieron por completo las dos viviendas.<\/figcaption><\/figure>\n","protected":false},"excerpt":{"rendered":"<p>Recalentamiento de cables ser\u00eda la causa: El aparente recalentamiento del sistema el\u00e9ctrico vendr\u00eda siendo la causa del incendio ocurrido la noche de este jueves en el pasaje Eucaliptus de la Villa 250&#8230;<\/p>\n","protected":false},"author":482,"featured_media":102288,"comment_status":"closed","ping_status":"open","sticky":false,"template":"","format":"standard","meta":{"advanced_seo_description":"","jetpack_seo_html_title":"","jetpack_seo_noindex":false,"_jetpack_memberships_contains_paid_content":false,"footnotes":""},"categories":[21],"tags":[],"class_list":["post-102286","post","type-post","status-publish","format-standard","has-post-thumbnail","hentry","category-policial"],"jetpack_featured_media_url":"https:\/\/i0.wp.com\/eltrabajo.cl\/portal\/wp-content\/uploads\/2020\/08\/Llamas.jpg?fit=580%2C464&ssl=1","jetpack_sharing_enabled":true,"jetpack_likes_enabled":true,"jetpack-related-posts":[],"_links":{"self":[{"href":"https:\/\/eltrabajo.cl\/portal\/wp-json\/wp\/v2\/posts\/102286","targetHints":{"allow":["GET"]}}],"collection":[{"href":"https:\/\/eltrabajo.cl\/portal\/wp-json\/wp\/v2\/posts"}],"about":[{"href":"https:\/\/eltrabajo.cl\/portal\/wp-json\/wp\/v2\/types\/post"}],"author":[{"embeddable":true,"href":"https:\/\/eltrabajo.cl\/portal\/wp-json\/wp\/v2\/users\/482"}],"replies":[{"embeddable":true,"href":"https:\/\/eltrabajo.cl\/portal\/wp-json\/wp\/v2\/comments?post=102286"}],"version-history":[{"count":0,"href":"https:\/\/eltrabajo.cl\/portal\/wp-json\/wp\/v2\/posts\/102286\/revisions"}],"wp:featuredmedia":[{"embeddable":true,"href":"https:\/\/eltrabajo.cl\/portal\/wp-json\/wp\/v2\/media\/102288"}],"wp:attachment":[{"href":"https:\/\/eltrabajo.cl\/portal\/wp-json\/wp\/v2\/media?parent=102286"}],"wp:term":[{"taxonomy":"category","embeddable":true,"href":"https:\/\/eltrabajo.cl\/portal\/wp-json\/wp\/v2\/categories?post=102286"},{"taxonomy":"post_tag","embeddable":true,"href":"https:\/\/eltrabajo.cl\/portal\/wp-json\/wp\/v2\/tags?post=102286"}],"curies":[{"name":"wp","href":"https:\/\/api.w.org\/{rel}","templated":true}]}}