{"id":102290,"date":"2020-08-24T07:40:53","date_gmt":"2020-08-24T11:40:53","guid":{"rendered":"https:\/\/www.eltrabajo.cl\/portal\/?p=102290"},"modified":"2020-08-23T19:31:55","modified_gmt":"2020-08-23T23:31:55","slug":"el-uni-uni-ya-tiene-agendado-su-re-debut-en-el-torneo-de-la-b","status":"publish","type":"post","link":"https:\/\/eltrabajo.cl\/portal\/el-uni-uni-ya-tiene-agendado-su-re-debut-en-el-torneo-de-la-b\/","title":{"rendered":"El Un\u00ed Un\u00ed ya tiene agendado su re debut en el torneo de la B"},"content":{"rendered":"<p style=\"text-align: justify;\">Para las tres de la tarde del s\u00e1bado 5 de septiembre, y en Estadio Bicentenario de La Florida como escenario, qued\u00f3 programado el partido correspondiente a la fecha seis del campeonato de la Primera B entre Deportes Melipilla y Uni\u00f3n San Felipe.<\/p>\n<p style=\"text-align: justify;\">La escuadra sanfelipe\u00f1a llegar\u00e1 al partido con el cuadro melipillanos, luego de un extenso receso y posterior Intertemporada producto de la pandemia del Coronavirus Covid-19. Durante ese lapso el cuadro albirrojo disput\u00f3 una serie de juegos en ensayo ante equipos fuertes como: San Luis y Santiago Wanderers.<\/p>\n<p style=\"text-align: justify;\">El resto de los partidos de esa jornada ser\u00e1n:<\/p>\n<p style=\"text-align: justify;\">Temuco \u2013 Valdivia; Puerto Montt \u2013 Rangers; Barnechea \u2013 Copiap\u00f3; Cobreloa \u2013 Santa Cruz; \u00d1ublense \u2013 Santiago Morning. Libre: Magallanes.<\/p>\n<figure id=\"attachment_102291\" aria-describedby=\"caption-attachment-102291\" style=\"width: 580px\" class=\"wp-caption alignnone\"><img data-recalc-dims=\"1\" loading=\"lazy\" decoding=\"async\" class=\"size-full wp-image-102291\" src=\"https:\/\/i0.wp.com\/eltrabajo.cl\/portal\/wp-content\/uploads\/2020\/08\/uni-uni-1.jpg?resize=580%2C684&#038;ssl=1\" alt=\"Parte del plantel realizando ejercicios de fuerza en uno de los entrenamientos en el complejo deportivo.\" width=\"580\" height=\"684\" srcset=\"https:\/\/i0.wp.com\/eltrabajo.cl\/portal\/wp-content\/uploads\/2020\/08\/uni-uni-1.jpg?w=580&amp;ssl=1 580w, https:\/\/i0.wp.com\/eltrabajo.cl\/portal\/wp-content\/uploads\/2020\/08\/uni-uni-1.jpg?resize=254%2C300&amp;ssl=1 254w, https:\/\/i0.wp.com\/eltrabajo.cl\/portal\/wp-content\/uploads\/2020\/08\/uni-uni-1.jpg?resize=127%2C150&amp;ssl=1 127w\" sizes=\"auto, (max-width: 580px) 100vw, 580px\" \/><figcaption id=\"caption-attachment-102291\" class=\"wp-caption-text\">Parte del plantel realizando ejercicios de fuerza en uno de los entrenamientos en el complejo deportivo.<\/figcaption><\/figure>\n","protected":false},"excerpt":{"rendered":"<p>Para las tres de la tarde del s\u00e1bado 5 de septiembre, y en Estadio Bicentenario de La Florida como escenario, qued\u00f3 programado el partido correspondiente a la fecha seis del campeonato de&#8230;<\/p>\n","protected":false},"author":482,"featured_media":102291,"comment_status":"closed","ping_status":"open","sticky":false,"template":"","format":"standard","meta":{"advanced_seo_description":"","jetpack_seo_html_title":"","jetpack_seo_noindex":false,"_jetpack_memberships_contains_paid_content":false,"footnotes":""},"categories":[19],"tags":[],"class_list":["post-102290","post","type-post","status-publish","format-standard","has-post-thumbnail","hentry","category-deportes"],"jetpack_featured_media_url":"https:\/\/i0.wp.com\/eltrabajo.cl\/portal\/wp-content\/uploads\/2020\/08\/uni-uni-1.jpg?fit=580%2C684&ssl=1","jetpack_sharing_enabled":true,"jetpack_likes_enabled":true,"jetpack-related-posts":[],"_links":{"self":[{"href":"https:\/\/eltrabajo.cl\/portal\/wp-json\/wp\/v2\/posts\/102290","targetHints":{"allow":["GET"]}}],"collection":[{"href":"https:\/\/eltrabajo.cl\/portal\/wp-json\/wp\/v2\/posts"}],"about":[{"href":"https:\/\/eltrabajo.cl\/portal\/wp-json\/wp\/v2\/types\/post"}],"author":[{"embeddable":true,"href":"https:\/\/eltrabajo.cl\/portal\/wp-json\/wp\/v2\/users\/482"}],"replies":[{"embeddable":true,"href":"https:\/\/eltrabajo.cl\/portal\/wp-json\/wp\/v2\/comments?post=102290"}],"version-history":[{"count":0,"href":"https:\/\/eltrabajo.cl\/portal\/wp-json\/wp\/v2\/posts\/102290\/revisions"}],"wp:featuredmedia":[{"embeddable":true,"href":"https:\/\/eltrabajo.cl\/portal\/wp-json\/wp\/v2\/media\/102291"}],"wp:attachment":[{"href":"https:\/\/eltrabajo.cl\/portal\/wp-json\/wp\/v2\/media?parent=102290"}],"wp:term":[{"taxonomy":"category","embeddable":true,"href":"https:\/\/eltrabajo.cl\/portal\/wp-json\/wp\/v2\/categories?post=102290"},{"taxonomy":"post_tag","embeddable":true,"href":"https:\/\/eltrabajo.cl\/portal\/wp-json\/wp\/v2\/tags?post=102290"}],"curies":[{"name":"wp","href":"https:\/\/api.w.org\/{rel}","templated":true}]}}