{"id":102293,"date":"2020-08-24T07:45:09","date_gmt":"2020-08-24T11:45:09","guid":{"rendered":"https:\/\/www.eltrabajo.cl\/portal\/?p=102293"},"modified":"2020-08-23T19:48:20","modified_gmt":"2020-08-23T23:48:20","slug":"junta-vigilancia-rio-putaendo-en-reunion-con-ministros-de-agricultura-y-mineria","status":"publish","type":"post","link":"https:\/\/eltrabajo.cl\/portal\/junta-vigilancia-rio-putaendo-en-reunion-con-ministros-de-agricultura-y-mineria\/","title":{"rendered":"Junta Vigilancia R\u00edo Putaendo en reuni\u00f3n con ministros de Agricultura y Miner\u00eda"},"content":{"rendered":"<p style=\"text-align: left;\"><span style=\"color: #c81400;\"><strong>Exponiendo riesgos de proyecto minero en Las Tejas:<\/strong><\/span><\/p>\n<p style=\"text-align: justify;\"><strong>PUTAENDO.- <\/strong>Una importante reuni\u00f3n sostuvieron miembros del directorio de la Junta Vigilancia del R\u00edo Putaendo (JVRP) con el ministro de Agricultura, <strong>Antonio Walker<\/strong>; el ministro de Miner\u00eda, <strong>Baldo Prokurica<\/strong>; el Seremi de Agricultura de Valpara\u00edso, <strong>Humberto Lepe<\/strong> y el secretario ejecutivo de la Comisi\u00f3n Nacional de Riego, <strong>Federico Err\u00e1zuriz<\/strong>.<\/p>\n<p style=\"text-align: justify;\">En la ocasi\u00f3n, la JVRP fue representada por el presidente <strong>Daniel De Blasis<\/strong> y los directores <strong>Jos\u00e9 Carter<\/strong> y <strong>Jos\u00e9 Luis \u00c1lvarez<\/strong>, donde se expuso sobre la problem\u00e1tica que significa la instalaci\u00f3n de un proyecto minero en la cuenca del R\u00edo Roc\u00edn, y c\u00f3mo \u00e9ste afectar\u00eda la fuente de agua para el consumo humano y agricultura, manifestando con fundamentos su oposici\u00f3n al mismo.<\/p>\n<p style=\"text-align: justify;\">En la exposici\u00f3n realizada por la JVRP, se dej\u00f3 de manifiesto la compleja realidad h\u00eddrica del Valle de Putaendo en el \u00faltimo tiempo, as\u00ed como los problemas que se avizoran si se llegase a concretar este proyecto minero, \u00ab<em>b\u00e1sicamente relacionados a la intervenci\u00f3n y destrucci\u00f3n de la cuenca del R\u00edo Roc\u00edn, en una longitud de 10 kil\u00f3metros, donde se romper\u00eda el entorno para crear una mina a rajo abierto, con todos los efectos negativos que conlleva eso<\/em> (\u2026) <em>La cuenca hidrogr\u00e1fica del R\u00edo Roc\u00edn est\u00e1 agotada, en su fuente superficial y subterr\u00e1nea, como lo se\u00f1ala el decreto de la Direcci\u00f3n General de Aguas (DGA), por lo tanto, no existe agua suficiente para ambas actividades, y adem\u00e1s supondr\u00eda eventuales riesgos de contaminaci\u00f3n considerando que el embalse Chacrillas est\u00e1 aguas abajo del proyecto, lo que afectar\u00eda el riego y el consumo humano<\/em>\u00bb, expuso la JVRP.<\/p>\n<p style=\"text-align: justify;\">Se hizo una s\u00f3lida presentaci\u00f3n de todos los puntos que involucran la intervenci\u00f3n de la cuenca del R\u00edo Roc\u00edn y estero Chalaco, basados en la traducci\u00f3n del estudio de prefactibilidad de la empresa minera Andes Copper (PEA 2019), disponibles en la p\u00e1gina web de la compa\u00f1\u00eda, que se\u00f1ala un rajo abierto cercano a 1.000 metros de profundidad, un botadero de est\u00e9riles aguas arriba del rajo abierto (sector Las Tejas), adem\u00e1s de embalses de relave en la cercan\u00eda de la confluencia del r\u00edos Hidalgo y Roc\u00edn, y en la parte alta del estero Chalaco.<\/p>\n<p style=\"text-align: justify;\">Junto a lo anterior, se se\u00f1alaron los antecedentes hist\u00f3ricos en que Andes Copper trabaj\u00f3 por m\u00e1s de diez a\u00f1os al margen de la Ley, sin autorizaci\u00f3n ambiental, adem\u00e1s de tener faltas, como por Usurpaci\u00f3n de Aguas en la DGA, junto con sanciones en la Seremi de Salud y la Municipalidad de Putaendo en el marco de la Ley de Construcci\u00f3n.<\/p>\n<p style=\"text-align: justify;\">\u00ab<em>Quedamos tranquilos, porque manifestamos los fundamentos de la oposici\u00f3n y los alcances de este proyecto a las autoridades<\/em>\u00bb. Una vez finalizada la cita con los ministros de Agricultura y Miner\u00eda, el presidente de la JVRP Daniel De Blasis, se\u00f1al\u00f3 que \u00ab<em>el balance de la reuni\u00f3n es positivo, quedamos tranquilos en el sentido que pudimos manifestar nuestra oposici\u00f3n al proyecto y exponer todos los puntos que creemos relevantes, destacando que el proyecto minero Vizcachitas afectar\u00e1 e impactar\u00e1 de manera irreparable la hidrogeograf\u00eda del Valle de Putaendo, considerando adem\u00e1s que el balance h\u00eddrico de la zona se encuentra al l\u00edmite y no soporta otra actividad<\/em>\u00bb.<\/p>\n<p style=\"text-align: justify;\">\n<figure id=\"attachment_102294\" aria-describedby=\"caption-attachment-102294\" style=\"width: 580px\" class=\"wp-caption alignnone\"><img data-recalc-dims=\"1\" loading=\"lazy\" decoding=\"async\" class=\"size-full wp-image-102294\" src=\"https:\/\/i0.wp.com\/eltrabajo.cl\/portal\/wp-content\/uploads\/2020\/08\/Reunion1.jpg?resize=580%2C331&#038;ssl=1\" alt=\"Una reuni\u00f3n sostuvo la JVRP con el ministro de Agricultura, Antonio Walker; el de Miner\u00eda, Baldo Prokurica; el Seremi de Agricultura de Valpara\u00edso, Humberto Lepe y el secretario ejecutivo de la Comisi\u00f3n Nacional de Riego, Federico Err\u00e1zuriz.  \" width=\"580\" height=\"331\" srcset=\"https:\/\/i0.wp.com\/eltrabajo.cl\/portal\/wp-content\/uploads\/2020\/08\/Reunion1.jpg?w=580&amp;ssl=1 580w, https:\/\/i0.wp.com\/eltrabajo.cl\/portal\/wp-content\/uploads\/2020\/08\/Reunion1.jpg?resize=300%2C171&amp;ssl=1 300w, https:\/\/i0.wp.com\/eltrabajo.cl\/portal\/wp-content\/uploads\/2020\/08\/Reunion1.jpg?resize=200%2C114&amp;ssl=1 200w\" sizes=\"auto, (max-width: 580px) 100vw, 580px\" \/><figcaption id=\"caption-attachment-102294\" class=\"wp-caption-text\">Una reuni\u00f3n sostuvo la JVRP con el ministro de Agricultura, Antonio Walker; el de Miner\u00eda, Baldo Prokurica; el Seremi de Agricultura de Valpara\u00edso, Humberto Lepe y el secretario ejecutivo de la Comisi\u00f3n Nacional de Riego, Federico Err\u00e1zuriz.<\/figcaption><\/figure>\n","protected":false},"excerpt":{"rendered":"<p>Exponiendo riesgos de proyecto minero en Las Tejas: PUTAENDO.- Una importante reuni\u00f3n sostuvieron miembros del directorio de la Junta Vigilancia del R\u00edo Putaendo (JVRP) con el ministro de Agricultura, Antonio Walker; el&#8230;<\/p>\n","protected":false},"author":482,"featured_media":102294,"comment_status":"closed","ping_status":"open","sticky":false,"template":"","format":"standard","meta":{"advanced_seo_description":"","jetpack_seo_html_title":"","jetpack_seo_noindex":false,"_jetpack_memberships_contains_paid_content":false,"footnotes":""},"categories":[103],"tags":[],"class_list":["post-102293","post","type-post","status-publish","format-standard","has-post-thumbnail","hentry","category-cronica-2"],"jetpack_featured_media_url":"https:\/\/i0.wp.com\/eltrabajo.cl\/portal\/wp-content\/uploads\/2020\/08\/Reunion1.jpg?fit=580%2C331&ssl=1","jetpack_sharing_enabled":true,"jetpack_likes_enabled":true,"jetpack-related-posts":[],"_links":{"self":[{"href":"https:\/\/eltrabajo.cl\/portal\/wp-json\/wp\/v2\/posts\/102293","targetHints":{"allow":["GET"]}}],"collection":[{"href":"https:\/\/eltrabajo.cl\/portal\/wp-json\/wp\/v2\/posts"}],"about":[{"href":"https:\/\/eltrabajo.cl\/portal\/wp-json\/wp\/v2\/types\/post"}],"author":[{"embeddable":true,"href":"https:\/\/eltrabajo.cl\/portal\/wp-json\/wp\/v2\/users\/482"}],"replies":[{"embeddable":true,"href":"https:\/\/eltrabajo.cl\/portal\/wp-json\/wp\/v2\/comments?post=102293"}],"version-history":[{"count":0,"href":"https:\/\/eltrabajo.cl\/portal\/wp-json\/wp\/v2\/posts\/102293\/revisions"}],"wp:featuredmedia":[{"embeddable":true,"href":"https:\/\/eltrabajo.cl\/portal\/wp-json\/wp\/v2\/media\/102294"}],"wp:attachment":[{"href":"https:\/\/eltrabajo.cl\/portal\/wp-json\/wp\/v2\/media?parent=102293"}],"wp:term":[{"taxonomy":"category","embeddable":true,"href":"https:\/\/eltrabajo.cl\/portal\/wp-json\/wp\/v2\/categories?post=102293"},{"taxonomy":"post_tag","embeddable":true,"href":"https:\/\/eltrabajo.cl\/portal\/wp-json\/wp\/v2\/tags?post=102293"}],"curies":[{"name":"wp","href":"https:\/\/api.w.org\/{rel}","templated":true}]}}