{"id":102303,"date":"2020-08-24T08:00:03","date_gmt":"2020-08-24T12:00:03","guid":{"rendered":"https:\/\/www.eltrabajo.cl\/portal\/?p=102303"},"modified":"2020-08-23T20:09:34","modified_gmt":"2020-08-24T00:09:34","slug":"recalentamiento-electrico-habria-causado-el-incendio-que-destruyo-dos-casas","status":"publish","type":"post","link":"https:\/\/eltrabajo.cl\/portal\/recalentamiento-electrico-habria-causado-el-incendio-que-destruyo-dos-casas\/","title":{"rendered":"Recalentamiento el\u00e9ctrico habr\u00eda causado el incendio que destruy\u00f3 dos casas"},"content":{"rendered":"<p style=\"text-align: left;\"><span style=\"color: #c81400;\"><strong>Nuevo siniestro en Villa 250 A\u00f1os:<\/strong><\/span><\/p>\n<p style=\"text-align: justify;\">El aparente recalentamiento del sistema el\u00e9ctrico vendr\u00eda siendo la causa del incendio ocurrido la noche de este jueves en el pasaje Eucaliptus de Villa 250 A\u00f1os que dej\u00f3 como saldo dos casas de material ligero totalmente consumidas por el fuego que a la llegada de Bomberos estaba incontrolable.<\/p>\n<p style=\"text-align: justify;\">Seg\u00fan lo manifestado por el comandante <strong>Juan Carlos Herrera Lillo<\/strong>, la llegada de Bomberos evit\u00f3 que el fuego se siguiera propagando, \u00ab<em>a la llegada del primer carro las dos viviendas estaban siendo consumidas en su totalidad por el fuego el que estaba totalmente descontrolado<\/em>\u00bb, se\u00f1al\u00f3.<\/p>\n<p style=\"text-align: justify;\">Consultado sobre la causa del incendio que preliminarmente estar\u00eda asociada a un recalentamiento el\u00e9ctrico, Herrera se\u00f1al\u00f3 que \u00ab<em>s\u00ed, la verdad que esa es la investigaci\u00f3n de los peritos de Bomberos, es un recalentamiento del sistema el\u00e9ctrico, la verdad que una de las casas no contaba con energ\u00eda el\u00e9ctrica y una de ellas le facilitaba energ\u00eda, la verdad que estaba muy claro, porque se hab\u00eda producido el incendio<\/em>\u00bb, indic\u00f3 Juan Carlos Herrera Lillo.<\/p>\n<p style=\"text-align: justify;\">Agreg\u00f3 que en el momento del incendio no hab\u00eda personas en los inmuebles afectados, \u00ab<em>porque en primero instancia se informaba que uno de los trabajadores que es muy conocido en San Felipe que trabaja en el aseo, la verdad que \u00e9l estaba trabajando a esa hora y a los pocos minutos que se empez\u00f3 a trabajar lleg\u00f3 un hermano, ah\u00ed estuvimos conversando, llam\u00f3 al hermano que se le estaba quemando la casa, se vivieron momentos muy complicados con esa persona, perdi\u00f3 todo, una situaci\u00f3n muy complicada no se encontraba en su vivienda, la otra persona tambi\u00e9n as\u00ed es que lamentablemente la gente muchas veces va acumulando gran cantidad de algunos implementos y eso facilita mucho m\u00e1s al fuego que avance r\u00e1pidamente y lamentablemente la situaci\u00f3n ya era totalmente descontrolada, afortunadamente pudimos evitar que se siguiera propagado a las otras viviendas que en ese sector todas las casa son pareadas algo que dificulta, porque se van haciendo construcciones muy pegadas de material muy ligero<\/em>\u00bb, asegur\u00f3 Herrera Lillo.<\/p>\n<p style=\"text-align: justify;\">Explic\u00f3 el Comandante que este tipo de incendio, recalentamiento del sistema el\u00e9ctrico, se puede producir por la mala calidad de los cables o recarga del sistema el\u00e9ctrico, \u00ab<em>porque no tiene un sistema que haga corte como corresponde; un autom\u00e1tico, un diferencial entonces todo eso va produciendo un recalentamiento y no va a ser nunca un corte que se pueda bajar el autom\u00e1tico y la verdad que esto se va recalentando y se va prendiendo el cable por el hecho que no tiene un sistema donde haga un corte como corresponde<\/em>\u00bb, indic\u00f3.<\/p>\n<p style=\"text-align: justify;\">Tambi\u00e9n Herrera Lillo destac\u00f3 la cooperaci\u00f3n de los vecinos del lugar, \u00abtodos los eventos o incendios que hemos tenido en ese sector la gente se ha portado muy bien, pero quiero hacer un llamado porque se nos desapareci\u00f3 un hacha y un pit\u00f3n de 50 por eso hago un llamado a la comunidad para que nos ayude a recuperar\u00bb, se\u00f1al\u00f3.<\/p>\n<p style=\"text-align: justify;\">Al lugar debieron concurrir una cantidad aproximada de 90 voluntarios de Bomberos, quienes despu\u00e9s de un arduo trabajo lograron controlar el incendio ocurrido la noche de este jueves.<\/p>\n<p style=\"text-align: justify;\"><span style=\"color: #c81400;\"><strong>HABLA EL AFECTADO<\/strong><\/span><\/p>\n<p style=\"text-align: justify;\"><strong>Diario El Trabajo<\/strong> habl\u00f3 con \u2018Marco\u2019, uno de los afectados por el incendio, \u00e9l asegura que quedaron a brazos cruzados, \u00ab<em>con suerte est\u00e1n las monedas del 10% para poder comprarnos las cosas de nuevo<\/em>\u00bb.<\/p>\n<p style=\"text-align: justify;\">Marco accedi\u00f3 a conversar justo en el momento en que volv\u00eda a la casa de nuevo, porque en la ma\u00f1ana cuando lleg\u00f3, se enter\u00f3 de la mala noticia sobre la destrucci\u00f3n total de la casa producto del incendio. Seg\u00fan lo que sabe se trat\u00f3 de un corte el\u00e9ctrico.<\/p>\n<p style=\"text-align: justify;\">\u00ab<em>Por lo que s\u00e9 fue un corte, cuando llegu\u00e9 en la ma\u00f1ana ya estaba todo quemado as\u00ed es que m\u00e1s no puedo decir<\/em>\u00bb, dice Marco.<\/p>\n<p style=\"text-align: justify;\">&#8211;<strong> \u00bfPerdieron todo?<\/strong><\/p>\n<p style=\"text-align: justify;\">&#8211; Todo, todo, con suerte est\u00e1n las monedas del 10% para poder comprarnos las cosas de nuevo as\u00ed es que esperar que salga todo bien.<\/p>\n<p style=\"text-align: justify;\">&#8211; <strong>\u00bfUsted viv\u00eda solo o con alguien m\u00e1s?<\/strong><\/p>\n<p style=\"text-align: justify;\">&#8211; No, no, viv\u00eda con un amigo que es el due\u00f1o de la casa y lamentablemente como le digo, llegu\u00e9 en la ma\u00f1ana y ya estaba todo quemado.<\/p>\n<p style=\"text-align: justify;\">&#8211;<strong> \u00bfEs casa de madera?<\/strong><\/p>\n<p style=\"text-align: justify;\">&#8211; Claro, son casas provisorias de esas que da el Gobierno.<\/p>\n<p style=\"text-align: justify;\">&#8211;<strong> \u00bfDon Marco le ha llegado alguna ayuda?<\/strong><\/p>\n<p style=\"text-align: justify;\">&#8211; Hasta el momento no s\u00e9, ahora me dirijo para all\u00e1 a la casa a ver lo que pueda suceder.<\/p>\n<p style=\"text-align: justify;\">&#8211;<strong> \u00bfOiga y todo quemado?<\/strong><\/p>\n<p style=\"text-align: justify;\">&#8211; Todo quemado sino qued\u00f3 nada-<\/p>\n<p style=\"text-align: justify;\"><strong>&#8211; \u00bfPero dicen que fueron dos casas?<\/strong><\/p>\n<p style=\"text-align: justify;\">&#8211; S\u00ed, pero la del lado fue la parte de adelante, para atr\u00e1s se salv\u00f3, lo bueno que no hay v\u00edctimas que lamentar.<\/p>\n<p style=\"text-align: justify;\">&#8211; <strong>\u00bfUsted estaba trabajando de noche cuando le avisaron?<\/strong><\/p>\n<p style=\"text-align: justify;\">&#8211; S\u00ed, yo estaba trabajando y me avisaron cuando llegu\u00e9 en la ma\u00f1ana del turno y me encontr\u00e9 que estaba todo quemado.<\/p>\n<p style=\"text-align: justify;\">&#8211; <strong>\u00bfEn qu\u00e9 trabaja usted?<\/strong><\/p>\n<p style=\"text-align: justify;\">&#8211; En fletes, vamos a hacer fletes para afuera de repente y cuando llegu\u00e9 como le digo estaba todo quemado.<\/p>\n<p style=\"text-align: justify;\">&#8211; <strong>\u00bfPedir alguna ayuda a la gente si les puede ayudar?<\/strong><\/p>\n<p style=\"text-align: justify;\">&#8211; No, no, si va la gente solidaria de la 250.<\/p>\n<p style=\"text-align: justify;\">&#8211; <strong>\u00bfPero le han entregado alguna ayuda?<\/strong><\/p>\n<p style=\"text-align: justify;\">&#8211; No s\u00e9 por eso voy a la casa ahora.<\/p>\n<p style=\"text-align: justify;\">&#8211;<strong> \u00bfOiga qued\u00f3 todo destruido?<\/strong><\/p>\n<p style=\"text-align: justify;\">&#8211; Todo lamentablemente fue as\u00ed.<\/p>\n<p style=\"text-align: justify;\">&#8211;<strong> \u00bfQuedaron de brazos cruzados, con lo puesto?<\/strong><\/p>\n<p style=\"text-align: justify;\">&#8211; Justamente usted lo ha dicho, pero es de esperar que salga todo bien.<\/p>\n<figure id=\"attachment_102304\" aria-describedby=\"caption-attachment-102304\" style=\"width: 580px\" class=\"wp-caption alignnone\"><img data-recalc-dims=\"1\" loading=\"lazy\" decoding=\"async\" class=\"size-full wp-image-102304\" src=\"https:\/\/i0.wp.com\/eltrabajo.cl\/portal\/wp-content\/uploads\/2020\/08\/Incendio-1.jpg?resize=580%2C439&#038;ssl=1\" alt=\"Bomberos junto a vecinos combatiendo juntos el incendio de las dos viviendas en el pasaje Eucaliptos de Villa 250 A\u00f1os de San Felipe.\" width=\"580\" height=\"439\" srcset=\"https:\/\/i0.wp.com\/eltrabajo.cl\/portal\/wp-content\/uploads\/2020\/08\/Incendio-1.jpg?w=580&amp;ssl=1 580w, https:\/\/i0.wp.com\/eltrabajo.cl\/portal\/wp-content\/uploads\/2020\/08\/Incendio-1.jpg?resize=300%2C227&amp;ssl=1 300w, https:\/\/i0.wp.com\/eltrabajo.cl\/portal\/wp-content\/uploads\/2020\/08\/Incendio-1.jpg?resize=198%2C150&amp;ssl=1 198w\" sizes=\"auto, (max-width: 580px) 100vw, 580px\" \/><figcaption id=\"caption-attachment-102304\" class=\"wp-caption-text\">Bomberos junto a vecinos combatiendo juntos el incendio de las dos viviendas en el pasaje Eucaliptos de Villa 250 A\u00f1os de San Felipe.<\/figcaption><\/figure>\n<figure id=\"attachment_102305\" aria-describedby=\"caption-attachment-102305\" style=\"width: 580px\" class=\"wp-caption alignnone\"><img data-recalc-dims=\"1\" loading=\"lazy\" decoding=\"async\" class=\"size-full wp-image-102305\" src=\"https:\/\/i0.wp.com\/eltrabajo.cl\/portal\/wp-content\/uploads\/2020\/08\/Llamas-1.jpg?resize=580%2C452&#038;ssl=1\" alt=\"Las llamas consumiendo las dos viviendas.\" width=\"580\" height=\"452\" srcset=\"https:\/\/i0.wp.com\/eltrabajo.cl\/portal\/wp-content\/uploads\/2020\/08\/Llamas-1.jpg?w=580&amp;ssl=1 580w, https:\/\/i0.wp.com\/eltrabajo.cl\/portal\/wp-content\/uploads\/2020\/08\/Llamas-1.jpg?resize=300%2C234&amp;ssl=1 300w, https:\/\/i0.wp.com\/eltrabajo.cl\/portal\/wp-content\/uploads\/2020\/08\/Llamas-1.jpg?resize=192%2C150&amp;ssl=1 192w\" sizes=\"auto, (max-width: 580px) 100vw, 580px\" \/><figcaption id=\"caption-attachment-102305\" class=\"wp-caption-text\">Las llamas consumiendo las dos viviendas.<\/figcaption><\/figure>\n","protected":false},"excerpt":{"rendered":"<p>Nuevo siniestro en Villa 250 A\u00f1os: El aparente recalentamiento del sistema el\u00e9ctrico vendr\u00eda siendo la causa del incendio ocurrido la noche de este jueves en el pasaje Eucaliptus de Villa 250 A\u00f1os&#8230;<\/p>\n","protected":false},"author":482,"featured_media":102304,"comment_status":"closed","ping_status":"open","sticky":false,"template":"","format":"standard","meta":{"advanced_seo_description":"","jetpack_seo_html_title":"","jetpack_seo_noindex":false,"_jetpack_memberships_contains_paid_content":false,"footnotes":""},"categories":[21],"tags":[],"class_list":["post-102303","post","type-post","status-publish","format-standard","has-post-thumbnail","hentry","category-policial"],"jetpack_featured_media_url":"https:\/\/i0.wp.com\/eltrabajo.cl\/portal\/wp-content\/uploads\/2020\/08\/Incendio-1.jpg?fit=580%2C439&ssl=1","jetpack_sharing_enabled":true,"jetpack_likes_enabled":true,"jetpack-related-posts":[],"_links":{"self":[{"href":"https:\/\/eltrabajo.cl\/portal\/wp-json\/wp\/v2\/posts\/102303","targetHints":{"allow":["GET"]}}],"collection":[{"href":"https:\/\/eltrabajo.cl\/portal\/wp-json\/wp\/v2\/posts"}],"about":[{"href":"https:\/\/eltrabajo.cl\/portal\/wp-json\/wp\/v2\/types\/post"}],"author":[{"embeddable":true,"href":"https:\/\/eltrabajo.cl\/portal\/wp-json\/wp\/v2\/users\/482"}],"replies":[{"embeddable":true,"href":"https:\/\/eltrabajo.cl\/portal\/wp-json\/wp\/v2\/comments?post=102303"}],"version-history":[{"count":0,"href":"https:\/\/eltrabajo.cl\/portal\/wp-json\/wp\/v2\/posts\/102303\/revisions"}],"wp:featuredmedia":[{"embeddable":true,"href":"https:\/\/eltrabajo.cl\/portal\/wp-json\/wp\/v2\/media\/102304"}],"wp:attachment":[{"href":"https:\/\/eltrabajo.cl\/portal\/wp-json\/wp\/v2\/media?parent=102303"}],"wp:term":[{"taxonomy":"category","embeddable":true,"href":"https:\/\/eltrabajo.cl\/portal\/wp-json\/wp\/v2\/categories?post=102303"},{"taxonomy":"post_tag","embeddable":true,"href":"https:\/\/eltrabajo.cl\/portal\/wp-json\/wp\/v2\/tags?post=102303"}],"curies":[{"name":"wp","href":"https:\/\/api.w.org\/{rel}","templated":true}]}}