{"id":102312,"date":"2020-08-25T07:40:12","date_gmt":"2020-08-25T11:40:12","guid":{"rendered":"https:\/\/www.eltrabajo.cl\/portal\/?p=102312"},"modified":"2020-08-24T20:46:53","modified_gmt":"2020-08-25T00:46:53","slug":"familias-de-villa-miravalles-recibieron-las-36-escrituras-de-sus-viviendas","status":"publish","type":"post","link":"https:\/\/eltrabajo.cl\/portal\/familias-de-villa-miravalles-recibieron-las-36-escrituras-de-sus-viviendas\/","title":{"rendered":"Familias de Villa Miravalles recibieron las 36 escrituras de sus viviendas"},"content":{"rendered":"<p style=\"text-align: justify;\"><strong>SANTA MAR\u00cdA.- <\/strong>Hace pocos d\u00edas las autoridades del Minvu y municipales de la comuna hicieron entrega de un complejo habitacional en dicha comuna, lo que ha generado un gran avance para las 84 familias que conforman Villa Cumbres de Aconcagua, y para el pasado fin de semana nuevamente fueron entregadas 36 escrituras en Villa Miravalles, luego de muchos meses de lucha para lograr este digno objetivo: Vivienda propia.<\/p>\n<p style=\"text-align: justify;\">\n<p style=\"text-align: justify;\"><span style=\"color: #c81400;\"><strong>UN SUE\u00d1O DIGNO<\/strong><\/span><\/p>\n<p style=\"text-align: justify;\">Al acto oficial de Entrega de T\u00edtulos llegaron autoridades provinciales y comunales tanto del Municipio como el Minvu. <strong>Diario El Trabajo<\/strong> habl\u00f3 con <strong>Claudio Zurita Ibarra<\/strong>, alcalde de Santa Mar\u00eda: <em>\u00abEstoy muy contento porque se pudo cerrar un ciclo, despu\u00e9s de muchos a\u00f1os que nos cost\u00f3 tener esta villa tan hermosa. Son 36 casas muy cerca del castillo, una villa muy hermosa y con esta entrega de escrituras ya son dos grupos de familias con derecho a sus casas, por lo tanto ahora nos vamos a enfocar en otros proyectos como paneles solares y ampliaci\u00f3n de viviendas, y esta es la importancia de esto, que todos seguimos so\u00f1ando porque esto no termina, ahora estas familias pueden seguir postulando a proyectos de ampliaci\u00f3n, tambi\u00e9n tenemos que postularlos a ellos para que tambi\u00e9n tengan su sede vecinal, ya lo conversamos y empezamos a trabajar esperamos que en un tiempo no muy lejano puedan tener ya su sede, felicidades a todos los vecinos de esta nueva Villa Miravalles\u00bb,<\/em> dijo el edil.<\/p>\n<p style=\"text-align: justify;\">As\u00ed tambi\u00e9n la presidenta de la junta vecinal de Villa Miravalles, <strong>Ver\u00f3nica Herrera<\/strong> <strong>Fern\u00e1ndez<\/strong>, agradeci\u00f3 a las autoridades: <em>\u00abAgradecer a todas las autoridades, principalmente a nuestro alcalde Claudio Zurita, a la concejala Marisol Ponce, quienes han estado apoyando en todo el proceso hasta que lleg\u00e1ramos a recibir estas escrituras; a Patricia Boffa y a las funcionarias de Social, a todos muchas gracias\u00bb,<\/em> dijo la dirigenta.<\/p>\n<p style=\"text-align: justify;\"><strong>Roberto Gonz\u00e1lez Short<\/strong><br \/>\n<strong>Foro: Roberto Mercado Aced<\/strong><\/p>\n<figure id=\"attachment_102313\" aria-describedby=\"caption-attachment-102313\" style=\"width: 578px\" class=\"wp-caption alignnone\"><img data-recalc-dims=\"1\" loading=\"lazy\" decoding=\"async\" class=\"size-full wp-image-102313\" src=\"https:\/\/i0.wp.com\/eltrabajo.cl\/portal\/wp-content\/uploads\/2020\/08\/Escrituras.jpg?resize=578%2C322&#038;ssl=1\" alt=\"AL FIN LO LOGRARON.- Las autoridades y vecinos de Villa Miravalles celebraron este triunfo sociofamiliar, ahora tienen su casa con la respectiva escritura.\" width=\"578\" height=\"322\" srcset=\"https:\/\/i0.wp.com\/eltrabajo.cl\/portal\/wp-content\/uploads\/2020\/08\/Escrituras.jpg?w=578&amp;ssl=1 578w, https:\/\/i0.wp.com\/eltrabajo.cl\/portal\/wp-content\/uploads\/2020\/08\/Escrituras.jpg?resize=300%2C167&amp;ssl=1 300w, https:\/\/i0.wp.com\/eltrabajo.cl\/portal\/wp-content\/uploads\/2020\/08\/Escrituras.jpg?resize=200%2C111&amp;ssl=1 200w\" sizes=\"auto, (max-width: 578px) 100vw, 578px\" \/><figcaption id=\"caption-attachment-102313\" class=\"wp-caption-text\">AL FIN LO LOGRARON.- Las autoridades y vecinos de Villa Miravalles celebraron este triunfo sociofamiliar, ahora tienen su casa con la respectiva escritura.<\/figcaption><\/figure>\n<figure id=\"attachment_102314\" aria-describedby=\"caption-attachment-102314\" style=\"width: 579px\" class=\"wp-caption alignnone\"><img data-recalc-dims=\"1\" loading=\"lazy\" decoding=\"async\" class=\"size-full wp-image-102314\" src=\"https:\/\/i0.wp.com\/eltrabajo.cl\/portal\/wp-content\/uploads\/2020\/08\/Escrituras_Claudio-Zurita-1.jpg?resize=579%2C597&#038;ssl=1\" alt=\"Claudio Zurita Ibarra, alcalde de Santa Mar\u00eda.\" width=\"579\" height=\"597\" srcset=\"https:\/\/i0.wp.com\/eltrabajo.cl\/portal\/wp-content\/uploads\/2020\/08\/Escrituras_Claudio-Zurita-1.jpg?w=579&amp;ssl=1 579w, https:\/\/i0.wp.com\/eltrabajo.cl\/portal\/wp-content\/uploads\/2020\/08\/Escrituras_Claudio-Zurita-1.jpg?resize=291%2C300&amp;ssl=1 291w, https:\/\/i0.wp.com\/eltrabajo.cl\/portal\/wp-content\/uploads\/2020\/08\/Escrituras_Claudio-Zurita-1.jpg?resize=145%2C150&amp;ssl=1 145w\" sizes=\"auto, (max-width: 579px) 100vw, 579px\" \/><figcaption id=\"caption-attachment-102314\" class=\"wp-caption-text\">Claudio Zurita Ibarra, alcalde de Santa Mar\u00eda.<\/figcaption><\/figure>\n","protected":false},"excerpt":{"rendered":"<p>SANTA MAR\u00cdA.- Hace pocos d\u00edas las autoridades del Minvu y municipales de la comuna hicieron entrega de un complejo habitacional en dicha comuna, lo que ha generado un gran avance para las&#8230;<\/p>\n","protected":false},"author":482,"featured_media":102313,"comment_status":"closed","ping_status":"open","sticky":false,"template":"","format":"standard","meta":{"advanced_seo_description":"","jetpack_seo_html_title":"","jetpack_seo_noindex":false,"_jetpack_memberships_contains_paid_content":false,"footnotes":""},"categories":[15],"tags":[],"class_list":["post-102312","post","type-post","status-publish","format-standard","has-post-thumbnail","hentry","category-comunidad"],"jetpack_featured_media_url":"https:\/\/i0.wp.com\/eltrabajo.cl\/portal\/wp-content\/uploads\/2020\/08\/Escrituras.jpg?fit=578%2C322&ssl=1","jetpack_sharing_enabled":true,"jetpack_likes_enabled":true,"jetpack-related-posts":[],"_links":{"self":[{"href":"https:\/\/eltrabajo.cl\/portal\/wp-json\/wp\/v2\/posts\/102312","targetHints":{"allow":["GET"]}}],"collection":[{"href":"https:\/\/eltrabajo.cl\/portal\/wp-json\/wp\/v2\/posts"}],"about":[{"href":"https:\/\/eltrabajo.cl\/portal\/wp-json\/wp\/v2\/types\/post"}],"author":[{"embeddable":true,"href":"https:\/\/eltrabajo.cl\/portal\/wp-json\/wp\/v2\/users\/482"}],"replies":[{"embeddable":true,"href":"https:\/\/eltrabajo.cl\/portal\/wp-json\/wp\/v2\/comments?post=102312"}],"version-history":[{"count":0,"href":"https:\/\/eltrabajo.cl\/portal\/wp-json\/wp\/v2\/posts\/102312\/revisions"}],"wp:featuredmedia":[{"embeddable":true,"href":"https:\/\/eltrabajo.cl\/portal\/wp-json\/wp\/v2\/media\/102313"}],"wp:attachment":[{"href":"https:\/\/eltrabajo.cl\/portal\/wp-json\/wp\/v2\/media?parent=102312"}],"wp:term":[{"taxonomy":"category","embeddable":true,"href":"https:\/\/eltrabajo.cl\/portal\/wp-json\/wp\/v2\/categories?post=102312"},{"taxonomy":"post_tag","embeddable":true,"href":"https:\/\/eltrabajo.cl\/portal\/wp-json\/wp\/v2\/tags?post=102312"}],"curies":[{"name":"wp","href":"https:\/\/api.w.org\/{rel}","templated":true}]}}