{"id":102320,"date":"2020-08-25T07:50:26","date_gmt":"2020-08-25T11:50:26","guid":{"rendered":"https:\/\/www.eltrabajo.cl\/portal\/?p=102320"},"modified":"2020-08-24T20:53:49","modified_gmt":"2020-08-25T00:53:49","slug":"comerciantes-reunieron-dinero-para-hermosear-sepultura-de-isabel-marin","status":"publish","type":"post","link":"https:\/\/eltrabajo.cl\/portal\/comerciantes-reunieron-dinero-para-hermosear-sepultura-de-isabel-marin\/","title":{"rendered":"Comerciantes reunieron dinero para hermosear sepultura de Isabel Mar\u00edn"},"content":{"rendered":"<p style=\"text-align: left;\"><span style=\"color: #c81400;\"><strong>Joven fallecida en Villarrica:<\/strong><\/span><\/p>\n<p style=\"text-align: justify;\">Se logr\u00f3 la meta que ten\u00eda un grupo de comerciantes amigos de <strong>Isabel Mar\u00edn<\/strong>, conocida comerciante que muri\u00f3 tr\u00e1gicamente en un accidente de tr\u00e1nsito en Villarrica cuando se dirig\u00eda en direcci\u00f3n a su casa.<\/p>\n<p style=\"text-align: justify;\">La meta era reunir 350 mil pesos para poder hermosear la sepultura en el cementerio municipal de San Felipe.<\/p>\n<p style=\"text-align: justify;\"><strong>Carla Cort\u00e9s<\/strong>, que encabezaba al grupo de comerciantes amigos, se manifest\u00f3 agradecida de Dios y de todos los que cooperaron en esta noble causa.<\/p>\n<p style=\"text-align: justify;\">La rifa se tir\u00f3 este viernes a las cinco de la tarde como estaba planificado, en la Avenida Maipu donde se ubica el Supermercado Acuenta, sector donde trabajaba Isabel.<\/p>\n<p style=\"text-align: justify;\">Al respecto Carla Cort\u00e9s reconoci\u00f3 que en la rifa particip\u00f3 mucha gente, <em>\u00abcomerciantes ambulantes del centro de San Felipe, los cuales participaron con los premios que eran para ir en ayuda a trav\u00e9s de esta rifa para nuestra gran amiga y compa\u00f1era del comercio, Isabel Mar\u00edn, Q.E.D.P, con el fin de arreglarle la sepultura en el cementerio, y\u00a0 nos propusimos la meta de juntar la plata para poder pagar el arreglo y gracias a Dios y a todo el comerciante que aport\u00f3, que ayud\u00f3 y a la gente que cooper\u00f3 comprando rifas, cooper\u00f3 con uno, dos n\u00fameros, otros con listas completas, les doy las gracias porque\u2026 gracias a ellos pude lograr mi meta y poder ya el mi\u00e9rcoles (ma\u00f1ana) llegar a trato para que puedan\u00a0 hacerle su sepultura y quede muy lindo ah\u00ed\u00bb,<\/em> dijo.<\/p>\n<p style=\"text-align: justify;\">Sobre los ganadores se\u00f1al\u00f3 que se les llam\u00f3 por tel\u00e9fono, yendo algunos de inmediato a retirarlos mientras que\u00a0 otros van a ir despu\u00e9s; <em>\u00aba un ganador no se pudo comunicar; por ejemplo, <strong>Johnny Herrera<\/strong> (se r\u00ede), as\u00ed se hace llamar, pero \u00e9l es un comerciante del centro de San Felipe, \u00e9l fue ganador de un reloj mural que fue donado por otra comerciante, y la se\u00f1orita del cyber de la calle\u00a0 Prat llegando a Maip\u00fa, que tambi\u00e9n fue ganadora de un premio de la rifa. Hubo ganadores hasta de La Higuera\u2026 del sector La Higuera que tambi\u00e9n la gente nos cooper\u00f3 de ese sector e igual hubo ganadores. Y bueno todos quedaron contentos con sus premios, muchos se fueron bien felices, otros no muy felices, nos re\u00edmos harto haciendo la rifa, otros reclamaban porque no los sacaba ganadores; bueno, sirvi\u00f3 para distraerse y recordar a Isabel Mar\u00edn que siempre sigue y va a estar presente en nuestros corazones y en cada pensamiento, sobretodo de los comerciantes de afuera del Acuenta. Darle las gracias tambi\u00e9n a <strong>Johana G\u00f3mez<\/strong>, la vendedora de los anticuchos, y gracias a ella que anduvo ah\u00ed apoy\u00e1ndome, gracias a <strong>Pablo Ahumada<\/strong> que tambi\u00e9n est\u00e1 afuera del Acuenta, que ah\u00ed estuvo al lado m\u00edo siempre, a <strong>Cristian<\/strong> de los huevos, a <strong>Cristian<\/strong> del pan, al <strong>Mascarilla<\/strong> tambi\u00e9n, bueno cont\u00e9 con el apoyo de todos los comerciantes en realidad, sobre todo de nuestros compa\u00f1eros que fuimos los que m\u00e1s compartimos con Isabel y quedamos felices, al menos yo porque pude reunir la meta que me ped\u00edan en el cementerio, el cual era de 350 mil pesos para empezar a arreglarle la parte de ella. As\u00ed es que gracias a Dios y a todos los que cooperaron pudimos reunir la cantidad de 350 mil pesos, as\u00ed es que muchas gracias a todos los que nos ayudaron\u00bb,<\/em> finaliz\u00f3 Carla.<\/p>\n<p style=\"text-align: justify;\">Tambi\u00e9n aprovech\u00f3 para agradecer a la administraci\u00f3n del supermercado Acuenta por darles las facilidades para realizar la rifa.<\/p>\n<p style=\"text-align: justify;\">Recordar que Isabel Mar\u00edn muri\u00f3 atropellada en la comuna de Villarrica cuando regresaba a su casa desde su trabajo en un aserradero, a comienzos del mes de julio de este a\u00f1o.<\/p>\n<p style=\"text-align: justify;\">Indicar que s\u00f3lo el valor del traslado de su cuerpo desde Villarrica tuvo un costo de 450 mil pesos.<\/p>\n<figure id=\"attachment_102321\" aria-describedby=\"caption-attachment-102321\" style=\"width: 580px\" class=\"wp-caption alignnone\"><img data-recalc-dims=\"1\" loading=\"lazy\" decoding=\"async\" class=\"size-full wp-image-102321\" src=\"https:\/\/i0.wp.com\/eltrabajo.cl\/portal\/wp-content\/uploads\/2020\/08\/Rifa-1.jpg?resize=580%2C380&#038;ssl=1\" alt=\"Los amigos de Isabel Mar\u00edn minutos antes de iniciar el sorteo.\" width=\"580\" height=\"380\" srcset=\"https:\/\/i0.wp.com\/eltrabajo.cl\/portal\/wp-content\/uploads\/2020\/08\/Rifa-1.jpg?w=580&amp;ssl=1 580w, https:\/\/i0.wp.com\/eltrabajo.cl\/portal\/wp-content\/uploads\/2020\/08\/Rifa-1.jpg?resize=300%2C197&amp;ssl=1 300w, https:\/\/i0.wp.com\/eltrabajo.cl\/portal\/wp-content\/uploads\/2020\/08\/Rifa-1.jpg?resize=200%2C131&amp;ssl=1 200w\" sizes=\"auto, (max-width: 580px) 100vw, 580px\" \/><figcaption id=\"caption-attachment-102321\" class=\"wp-caption-text\">Los amigos de Isabel Mar\u00edn minutos antes de iniciar el sorteo.<\/figcaption><\/figure>\n<figure id=\"attachment_102322\" aria-describedby=\"caption-attachment-102322\" style=\"width: 578px\" class=\"wp-caption alignnone\"><img data-recalc-dims=\"1\" loading=\"lazy\" decoding=\"async\" class=\"size-full wp-image-102322\" src=\"https:\/\/i0.wp.com\/eltrabajo.cl\/portal\/wp-content\/uploads\/2020\/08\/Rifa-2.jpg?resize=578%2C407&#038;ssl=1\" alt=\"El hijo de Isabel, primero a la izquierda, tambi\u00e9n presente en el beneficio para su madre.\" width=\"578\" height=\"407\" srcset=\"https:\/\/i0.wp.com\/eltrabajo.cl\/portal\/wp-content\/uploads\/2020\/08\/Rifa-2.jpg?w=578&amp;ssl=1 578w, https:\/\/i0.wp.com\/eltrabajo.cl\/portal\/wp-content\/uploads\/2020\/08\/Rifa-2.jpg?resize=300%2C211&amp;ssl=1 300w, https:\/\/i0.wp.com\/eltrabajo.cl\/portal\/wp-content\/uploads\/2020\/08\/Rifa-2.jpg?resize=200%2C141&amp;ssl=1 200w\" sizes=\"auto, (max-width: 578px) 100vw, 578px\" \/><figcaption id=\"caption-attachment-102322\" class=\"wp-caption-text\">El hijo de Isabel, primero a la izquierda, tambi\u00e9n presente en el beneficio para su madre.<\/figcaption><\/figure>\n<figure id=\"attachment_102323\" aria-describedby=\"caption-attachment-102323\" style=\"width: 580px\" class=\"wp-caption alignnone\"><img data-recalc-dims=\"1\" loading=\"lazy\" decoding=\"async\" class=\"size-full wp-image-102323\" src=\"https:\/\/i0.wp.com\/eltrabajo.cl\/portal\/wp-content\/uploads\/2020\/08\/rifa-Isabel-Marin.jpg?resize=580%2C678&#038;ssl=1\" alt=\"Isabel Mar\u00edn, querida comerciante muerta en accidente de tr\u00e1nsito.\" width=\"580\" height=\"678\" srcset=\"https:\/\/i0.wp.com\/eltrabajo.cl\/portal\/wp-content\/uploads\/2020\/08\/rifa-Isabel-Marin.jpg?w=580&amp;ssl=1 580w, https:\/\/i0.wp.com\/eltrabajo.cl\/portal\/wp-content\/uploads\/2020\/08\/rifa-Isabel-Marin.jpg?resize=257%2C300&amp;ssl=1 257w, https:\/\/i0.wp.com\/eltrabajo.cl\/portal\/wp-content\/uploads\/2020\/08\/rifa-Isabel-Marin.jpg?resize=128%2C150&amp;ssl=1 128w\" sizes=\"auto, (max-width: 580px) 100vw, 580px\" \/><figcaption id=\"caption-attachment-102323\" class=\"wp-caption-text\">Isabel Mar\u00edn, querida comerciante muerta en accidente de tr\u00e1nsito.<\/figcaption><\/figure>\n","protected":false},"excerpt":{"rendered":"<p>Joven fallecida en Villarrica: Se logr\u00f3 la meta que ten\u00eda un grupo de comerciantes amigos de Isabel Mar\u00edn, conocida comerciante que muri\u00f3 tr\u00e1gicamente en un accidente de tr\u00e1nsito en Villarrica cuando se&#8230;<\/p>\n","protected":false},"author":482,"featured_media":102321,"comment_status":"closed","ping_status":"open","sticky":false,"template":"","format":"standard","meta":{"advanced_seo_description":"","jetpack_seo_html_title":"","jetpack_seo_noindex":false,"_jetpack_memberships_contains_paid_content":false,"footnotes":""},"categories":[15],"tags":[],"class_list":["post-102320","post","type-post","status-publish","format-standard","has-post-thumbnail","hentry","category-comunidad"],"jetpack_featured_media_url":"https:\/\/i0.wp.com\/eltrabajo.cl\/portal\/wp-content\/uploads\/2020\/08\/Rifa-1.jpg?fit=580%2C380&ssl=1","jetpack_sharing_enabled":true,"jetpack_likes_enabled":true,"jetpack-related-posts":[],"_links":{"self":[{"href":"https:\/\/eltrabajo.cl\/portal\/wp-json\/wp\/v2\/posts\/102320","targetHints":{"allow":["GET"]}}],"collection":[{"href":"https:\/\/eltrabajo.cl\/portal\/wp-json\/wp\/v2\/posts"}],"about":[{"href":"https:\/\/eltrabajo.cl\/portal\/wp-json\/wp\/v2\/types\/post"}],"author":[{"embeddable":true,"href":"https:\/\/eltrabajo.cl\/portal\/wp-json\/wp\/v2\/users\/482"}],"replies":[{"embeddable":true,"href":"https:\/\/eltrabajo.cl\/portal\/wp-json\/wp\/v2\/comments?post=102320"}],"version-history":[{"count":0,"href":"https:\/\/eltrabajo.cl\/portal\/wp-json\/wp\/v2\/posts\/102320\/revisions"}],"wp:featuredmedia":[{"embeddable":true,"href":"https:\/\/eltrabajo.cl\/portal\/wp-json\/wp\/v2\/media\/102321"}],"wp:attachment":[{"href":"https:\/\/eltrabajo.cl\/portal\/wp-json\/wp\/v2\/media?parent=102320"}],"wp:term":[{"taxonomy":"category","embeddable":true,"href":"https:\/\/eltrabajo.cl\/portal\/wp-json\/wp\/v2\/categories?post=102320"},{"taxonomy":"post_tag","embeddable":true,"href":"https:\/\/eltrabajo.cl\/portal\/wp-json\/wp\/v2\/tags?post=102320"}],"curies":[{"name":"wp","href":"https:\/\/api.w.org\/{rel}","templated":true}]}}