{"id":102348,"date":"2020-08-26T07:45:39","date_gmt":"2020-08-26T11:45:39","guid":{"rendered":"https:\/\/www.eltrabajo.cl\/portal\/?p=102348"},"modified":"2020-08-25T20:25:51","modified_gmt":"2020-08-26T00:25:51","slug":"se-inicio-proceso-de-consulta-ciudadana-a-vecinos-de-villa-los-aromos-de-santa-maria","status":"publish","type":"post","link":"https:\/\/eltrabajo.cl\/portal\/se-inicio-proceso-de-consulta-ciudadana-a-vecinos-de-villa-los-aromos-de-santa-maria\/","title":{"rendered":"Se inici\u00f3 proceso de consulta ciudadana a vecinos de villa Los Aromos de Santa Mar\u00eda"},"content":{"rendered":"<p style=\"text-align: justify;\">El pasado 7 de agosto en Santa Mar\u00eda, el Programa de Recuperaci\u00f3n de Barrios dio inicio al proceso de consulta participativa en Villa Los Aromos con la instalaci\u00f3n de tres buzones distribuidos en puntos estrat\u00e9gicos del sector.<\/p>\n<p style=\"text-align: justify;\">En la actividad inaugural participaron el equipo \u2018Quiero Mi barrio Villa Los Aromos, las dirigentes vecinales del territorio N\u00b015 y N\u00b027, <strong>Patricia Fern\u00e1ndez<\/strong> y <strong>Maritza Reinoso<\/strong>, respectivamente, junto al vecino <strong>Jorge Barbosa<\/strong>, quien de manera voluntaria ejecut\u00f3 la construcci\u00f3n de los buzones que fueron dise\u00f1ados por todos los vecinos\/as de la Villa, quienes votaron por su dise\u00f1o favorito.<\/p>\n<p style=\"text-align: justify;\">Con esta intervenci\u00f3n el Programa busca conocer las ideas y opiniones de sus vecinos y vecinas acerca de su propio barrio, esto es, respondiendo las preguntas que se encuentran expuestas en cada buz\u00f3n en conjunto con elementos necesarios para ser respondidas (papeleta de consulta y l\u00e1piz).<\/p>\n<p style=\"text-align: justify;\">Cabe destacar que cada buz\u00f3n cuenta con insumos de sanitizaci\u00f3n para el auto-cuidado de contagios por Covid-19 (dispensador de alcohol gel).<\/p>\n<p style=\"text-align: justify;\">Esta actividad ser\u00e1 permanente este a\u00f1o durante la ejecuci\u00f3n del programa, invitando a sus habitantes a participar con las preguntas que mensualmente ser\u00e1n diferentes.<\/p>\n<figure id=\"attachment_102349\" aria-describedby=\"caption-attachment-102349\" style=\"width: 579px\" class=\"wp-caption alignnone\"><img data-recalc-dims=\"1\" loading=\"lazy\" decoding=\"async\" class=\"size-full wp-image-102349\" src=\"https:\/\/i0.wp.com\/eltrabajo.cl\/portal\/wp-content\/uploads\/2020\/08\/consulta-1.jpg?resize=579%2C393&#038;ssl=1\" alt=\"En la imagen el equipo de profesionales a cargo de la ejecuci\u00f3n del programa \u2018Quiero Mi Barrio\u2019, junto al vecino que confeccion\u00f3 los buzones y la dirigente Maritza Reinoso.\" width=\"579\" height=\"393\" srcset=\"https:\/\/i0.wp.com\/eltrabajo.cl\/portal\/wp-content\/uploads\/2020\/08\/consulta-1.jpg?w=579&amp;ssl=1 579w, https:\/\/i0.wp.com\/eltrabajo.cl\/portal\/wp-content\/uploads\/2020\/08\/consulta-1.jpg?resize=300%2C204&amp;ssl=1 300w, https:\/\/i0.wp.com\/eltrabajo.cl\/portal\/wp-content\/uploads\/2020\/08\/consulta-1.jpg?resize=200%2C136&amp;ssl=1 200w\" sizes=\"auto, (max-width: 579px) 100vw, 579px\" \/><figcaption id=\"caption-attachment-102349\" class=\"wp-caption-text\">En la imagen el equipo de profesionales a cargo de la ejecuci\u00f3n del programa \u2018Quiero Mi Barrio\u2019, junto al vecino que confeccion\u00f3 los buzones y la dirigente Maritza Reinoso.<\/figcaption><\/figure>\n<figure id=\"attachment_102351\" aria-describedby=\"caption-attachment-102351\" style=\"width: 579px\" class=\"wp-caption alignnone\"><img data-recalc-dims=\"1\" loading=\"lazy\" decoding=\"async\" class=\"size-full wp-image-102351\" src=\"https:\/\/i0.wp.com\/eltrabajo.cl\/portal\/wp-content\/uploads\/2020\/08\/consulta-3.jpg?resize=579%2C435&#038;ssl=1\" alt=\"Este proceso participativo ser\u00e1 permanente durante el a\u00f1o, con preguntas que mensualmente ser\u00e1n distintas.\" width=\"579\" height=\"435\" srcset=\"https:\/\/i0.wp.com\/eltrabajo.cl\/portal\/wp-content\/uploads\/2020\/08\/consulta-3.jpg?w=579&amp;ssl=1 579w, https:\/\/i0.wp.com\/eltrabajo.cl\/portal\/wp-content\/uploads\/2020\/08\/consulta-3.jpg?resize=300%2C225&amp;ssl=1 300w, https:\/\/i0.wp.com\/eltrabajo.cl\/portal\/wp-content\/uploads\/2020\/08\/consulta-3.jpg?resize=200%2C150&amp;ssl=1 200w\" sizes=\"auto, (max-width: 579px) 100vw, 579px\" \/><figcaption id=\"caption-attachment-102351\" class=\"wp-caption-text\">Este proceso participativo ser\u00e1 permanente durante el a\u00f1o, con preguntas que mensualmente ser\u00e1n distintas.<\/figcaption><\/figure>\n<figure id=\"attachment_102350\" aria-describedby=\"caption-attachment-102350\" style=\"width: 579px\" class=\"wp-caption alignnone\"><img data-recalc-dims=\"1\" loading=\"lazy\" decoding=\"async\" class=\"size-full wp-image-102350\" src=\"https:\/\/i0.wp.com\/eltrabajo.cl\/portal\/wp-content\/uploads\/2020\/08\/consulta-2.jpg?resize=579%2C773&#038;ssl=1\" alt=\"Las consultas est\u00e1n referidas a conocer la opini\u00f3n de los vecinos acerca de su barrio, se\u00f1al\u00f3 la dirigente Patricia Fern\u00e1ndez.\" width=\"579\" height=\"773\" srcset=\"https:\/\/i0.wp.com\/eltrabajo.cl\/portal\/wp-content\/uploads\/2020\/08\/consulta-2.jpg?w=579&amp;ssl=1 579w, https:\/\/i0.wp.com\/eltrabajo.cl\/portal\/wp-content\/uploads\/2020\/08\/consulta-2.jpg?resize=225%2C300&amp;ssl=1 225w, https:\/\/i0.wp.com\/eltrabajo.cl\/portal\/wp-content\/uploads\/2020\/08\/consulta-2.jpg?resize=112%2C150&amp;ssl=1 112w\" sizes=\"auto, (max-width: 579px) 100vw, 579px\" \/><figcaption id=\"caption-attachment-102350\" class=\"wp-caption-text\">Las consultas est\u00e1n referidas a conocer la opini\u00f3n de los vecinos acerca de su barrio, se\u00f1al\u00f3 la dirigente Patricia Fern\u00e1ndez.<\/figcaption><\/figure>\n","protected":false},"excerpt":{"rendered":"<p>El pasado 7 de agosto en Santa Mar\u00eda, el Programa de Recuperaci\u00f3n de Barrios dio inicio al proceso de consulta participativa en Villa Los Aromos con la instalaci\u00f3n de tres buzones distribuidos&#8230;<\/p>\n","protected":false},"author":482,"featured_media":102349,"comment_status":"closed","ping_status":"open","sticky":false,"template":"","format":"standard","meta":{"advanced_seo_description":"","jetpack_seo_html_title":"","jetpack_seo_noindex":false,"_jetpack_memberships_contains_paid_content":false,"footnotes":""},"categories":[103],"tags":[],"class_list":["post-102348","post","type-post","status-publish","format-standard","has-post-thumbnail","hentry","category-cronica-2"],"jetpack_featured_media_url":"https:\/\/i0.wp.com\/eltrabajo.cl\/portal\/wp-content\/uploads\/2020\/08\/consulta-1.jpg?fit=579%2C393&ssl=1","jetpack_sharing_enabled":true,"jetpack_likes_enabled":true,"jetpack-related-posts":[],"_links":{"self":[{"href":"https:\/\/eltrabajo.cl\/portal\/wp-json\/wp\/v2\/posts\/102348","targetHints":{"allow":["GET"]}}],"collection":[{"href":"https:\/\/eltrabajo.cl\/portal\/wp-json\/wp\/v2\/posts"}],"about":[{"href":"https:\/\/eltrabajo.cl\/portal\/wp-json\/wp\/v2\/types\/post"}],"author":[{"embeddable":true,"href":"https:\/\/eltrabajo.cl\/portal\/wp-json\/wp\/v2\/users\/482"}],"replies":[{"embeddable":true,"href":"https:\/\/eltrabajo.cl\/portal\/wp-json\/wp\/v2\/comments?post=102348"}],"version-history":[{"count":0,"href":"https:\/\/eltrabajo.cl\/portal\/wp-json\/wp\/v2\/posts\/102348\/revisions"}],"wp:featuredmedia":[{"embeddable":true,"href":"https:\/\/eltrabajo.cl\/portal\/wp-json\/wp\/v2\/media\/102349"}],"wp:attachment":[{"href":"https:\/\/eltrabajo.cl\/portal\/wp-json\/wp\/v2\/media?parent=102348"}],"wp:term":[{"taxonomy":"category","embeddable":true,"href":"https:\/\/eltrabajo.cl\/portal\/wp-json\/wp\/v2\/categories?post=102348"},{"taxonomy":"post_tag","embeddable":true,"href":"https:\/\/eltrabajo.cl\/portal\/wp-json\/wp\/v2\/tags?post=102348"}],"curies":[{"name":"wp","href":"https:\/\/api.w.org\/{rel}","templated":true}]}}