{"id":102353,"date":"2020-08-26T07:50:18","date_gmt":"2020-08-26T11:50:18","guid":{"rendered":"https:\/\/www.eltrabajo.cl\/portal\/?p=102353"},"modified":"2020-08-25T20:30:16","modified_gmt":"2020-08-26T00:30:16","slug":"fueron-80-test-pcr-gratuitos-los-realizados-este-martes-en-la-plaza-civica","status":"publish","type":"post","link":"https:\/\/eltrabajo.cl\/portal\/fueron-80-test-pcr-gratuitos-los-realizados-este-martes-en-la-plaza-civica\/","title":{"rendered":"Fueron 80 test PCR gratuitos los realizados este martes en la Plaza C\u00edvica"},"content":{"rendered":"<p style=\"text-align: left;\"><span style=\"color: #c81400;\"><strong>Comerciantes y transe\u00fantes recibir\u00e1n hoy los resultados:<\/strong><\/span><\/p>\n<p style=\"text-align: justify;\">Fue durante la ma\u00f1ana y tarde de este martes en la Plaza C\u00edvica de San Felipe y en coordinaci\u00f3n con la Direcci\u00f3n de Salud Municipal, el Servicio de Salud Aconcagua y la C\u00e1mara de Comercio y Turismo de San Felipe, que se desarroll\u00f3 el testeo masivo gratuito de PCR a los comerciantes de nuestra ciudad, as\u00ed como a los vecinos que se acercaron para someterse al procedimiento m\u00e9dico. La jornada inici\u00f3 a las 9:00 y finaliz\u00f3 pasadas las 13:00 horas.<\/p>\n<p style=\"text-align: justify;\"><strong>Diario El Trabajo<\/strong> habl\u00f3 con <strong>Marcela Brito<\/strong>, jefa de la Direcci\u00f3n de Salud Municipal de San Felipe: <em>\u00abPrimeramente quiero agradecer a los equipos de trabajo de los Cesfam San Felipe El Real, el Cesfam Segismundo Iturra, hemos contado con auxiliares y t\u00e9cnicos para que nos vengan a apoyar en esta jornada. Ya se ha conversado bastante a nivel nacional acerca de la importancia al menos para nosotros hoy d\u00eda estamos en la Etapa 2, la Transici\u00f3n, entendiendo que hoy d\u00eda tenemos que empezar a buscar aquellas personas que aparentemente no tienen s\u00edntomas para poder hacer la trazabilidad, es decir, identificar los contactos que han tenido a fin de ir haciendo la contenci\u00f3n de los nuevos casos de contagio. Hoy d\u00eda nuestros equipos de trabajo hicieron esta planificaci\u00f3n con una buena movilidad de recursos, por lo tanto esperamos que la gente llegue aqu\u00ed a la Plaza C\u00edvica como nos hab\u00edamos puesto de acuerdo con los comerciantes, igualmente atendimos al p\u00fablico en general, a personas que llegaron a tomarse la muestra, los resultados est\u00e1n llegando en un plazo de 24 a 48 horas, pues tenemos ac\u00e1 una interconexi\u00f3n de distintos procesos, por ejemplo est\u00e1 el laboratorio del Hospital San Camilo que cada d\u00eda ha tenido una mayor cobertura para dar respuestas \u00f3ptimas<\/em>\u00bb, indic\u00f3 Brito.<\/p>\n<p style=\"text-align: justify;\"><span style=\"color: #c81400;\"><strong>LOS ASINTOM\u00c1TICOS<\/strong><\/span><\/p>\n<p style=\"text-align: justify;\">Las horas transcurrieron y as\u00ed poco a poco se fueron haciendo las pruebas, luego de responder a varias preguntas protocolarias realizadas por personal de Salud. A la cita lleg\u00f3 tambi\u00e9n la directora del Servicio de Salud Aconcagua, <strong>Susan Porras<\/strong>, quien anim\u00f3 a nuestros lectores y a los sanfelipe\u00f1os en general a seguir d\u00e1ndole la importancia a esta pandemia como corresponde, pues ya se han detectado casos de personas asintom\u00e1ticas, o sea, que aunque portan el Coronavirus pero no reflejan ning\u00fan s\u00edntoma, s\u00ed contagian a las personas a su alrededor; <em>\u00abexactamente, esa es nuestra estrategia que desde hace cuatro semanas venimos implementando en nuestro Servicio de Salud, la cual nos ha dado muy buenos resultados. Hoy d\u00eda esta estrategia tiene un porcentaje menor al 2% de positividad, o sea es bastante bajo, y estas personas pueden ser notificadas de forma oportuna en menos de 24 horas por un Cesfam, se pueden aislar una vez notificadas y ser aisladas ya sea en su domicilio o en una residencia sanitaria, y el Cesfam es el responsable de hacer todos los seguimientos que correspondan<\/em>\u00bb, dijo Porras.<\/p>\n<p style=\"text-align: justify;\">Quien tambi\u00e9n tuvo palabras para <strong>Diario El Trabajo<\/strong> fue el abogado <strong>Pablo Vergara<\/strong>, representante de la C\u00e1mara de Comercio y Turismo de San Felipe: <em>\u00abDentro del marco de nuestra estrategia para buscar casos activos de Covid-19, la C\u00e1mara de Comercio ha colaborado con el SSA para poder hacer este tipo de operativos como ya se vienen haciendo en la Feria Afema y otros sectores de nuestra comuna. Sabemos que el comercio es sumamente riesgoso si llega una persona contagiada, esto por la naturaleza que tienen los recintos comerciales, lo que podr\u00eda generar m\u00e1s contagios y nadie quiere regresar a una eventual Cuarentena<\/em>\u00bb, dijo el abogado.<\/p>\n<p style=\"text-align: justify;\"><strong>Roberto Gonz\u00e1lez Short<\/strong><\/p>\n<figure id=\"attachment_102356\" aria-describedby=\"caption-attachment-102356\" style=\"width: 579px\" class=\"wp-caption alignnone\"><img data-recalc-dims=\"1\" loading=\"lazy\" decoding=\"async\" class=\"size-full wp-image-102356\" src=\"https:\/\/i0.wp.com\/eltrabajo.cl\/portal\/wp-content\/uploads\/2020\/08\/Pruebas3.jpg?resize=579%2C345&#038;ssl=1\" alt=\"ELLOS AL FRENTE.- Aqu\u00ed vemos al personal de Salud, minutos antes de iniciarse el operativo en la Plaza C\u00edvica.\" width=\"579\" height=\"345\" srcset=\"https:\/\/i0.wp.com\/eltrabajo.cl\/portal\/wp-content\/uploads\/2020\/08\/Pruebas3.jpg?w=579&amp;ssl=1 579w, https:\/\/i0.wp.com\/eltrabajo.cl\/portal\/wp-content\/uploads\/2020\/08\/Pruebas3.jpg?resize=300%2C179&amp;ssl=1 300w, https:\/\/i0.wp.com\/eltrabajo.cl\/portal\/wp-content\/uploads\/2020\/08\/Pruebas3.jpg?resize=200%2C119&amp;ssl=1 200w\" sizes=\"auto, (max-width: 579px) 100vw, 579px\" \/><figcaption id=\"caption-attachment-102356\" class=\"wp-caption-text\">ELLOS AL FRENTE.- Aqu\u00ed vemos al personal de Salud, minutos antes de iniciarse el operativo en la Plaza C\u00edvica.<\/figcaption><\/figure>\n<figure id=\"attachment_102355\" aria-describedby=\"caption-attachment-102355\" style=\"width: 579px\" class=\"wp-caption alignnone\"><img data-recalc-dims=\"1\" loading=\"lazy\" decoding=\"async\" class=\"size-full wp-image-102355\" src=\"https:\/\/i0.wp.com\/eltrabajo.cl\/portal\/wp-content\/uploads\/2020\/08\/Pruebas2.jpg?resize=579%2C381&#038;ssl=1\" alt=\"TODOS EN ACCI\u00d3N.- La C\u00e1mara de Comercio y Turismo de San Felipe coordin\u00f3 con las autoridades de Salud este operativo. Aqu\u00ed vemos a Patricia Espinoza, administradora de la C\u00e1mara, agilizando datos por Internet de los usuarios.\" width=\"579\" height=\"381\" srcset=\"https:\/\/i0.wp.com\/eltrabajo.cl\/portal\/wp-content\/uploads\/2020\/08\/Pruebas2.jpg?w=579&amp;ssl=1 579w, https:\/\/i0.wp.com\/eltrabajo.cl\/portal\/wp-content\/uploads\/2020\/08\/Pruebas2.jpg?resize=300%2C197&amp;ssl=1 300w, https:\/\/i0.wp.com\/eltrabajo.cl\/portal\/wp-content\/uploads\/2020\/08\/Pruebas2.jpg?resize=200%2C132&amp;ssl=1 200w\" sizes=\"auto, (max-width: 579px) 100vw, 579px\" \/><figcaption id=\"caption-attachment-102355\" class=\"wp-caption-text\">TODOS EN ACCI\u00d3N.- La C\u00e1mara de Comercio y Turismo de San Felipe coordin\u00f3 con las autoridades de Salud este operativo. Aqu\u00ed vemos a Patricia Espinoza, administradora de la C\u00e1mara, agilizando datos por Internet de los usuarios.<\/figcaption><\/figure>\n<figure id=\"attachment_102354\" aria-describedby=\"caption-attachment-102354\" style=\"width: 579px\" class=\"wp-caption alignnone\"><img data-recalc-dims=\"1\" loading=\"lazy\" decoding=\"async\" class=\"size-full wp-image-102354\" src=\"https:\/\/i0.wp.com\/eltrabajo.cl\/portal\/wp-content\/uploads\/2020\/08\/Pruebas1.jpg?resize=579%2C387&#038;ssl=1\" alt=\"RESPUESTA R\u00c1PIDA.- En total fueron 80 personas las que se vieron favorecidas con estas tomas de muestras Covid, los resultados estar\u00e1n entre hoy mi\u00e9rcoles y este jueves.\" width=\"579\" height=\"387\" srcset=\"https:\/\/i0.wp.com\/eltrabajo.cl\/portal\/wp-content\/uploads\/2020\/08\/Pruebas1.jpg?w=579&amp;ssl=1 579w, https:\/\/i0.wp.com\/eltrabajo.cl\/portal\/wp-content\/uploads\/2020\/08\/Pruebas1.jpg?resize=300%2C201&amp;ssl=1 300w, https:\/\/i0.wp.com\/eltrabajo.cl\/portal\/wp-content\/uploads\/2020\/08\/Pruebas1.jpg?resize=200%2C134&amp;ssl=1 200w\" sizes=\"auto, (max-width: 579px) 100vw, 579px\" \/><figcaption id=\"caption-attachment-102354\" class=\"wp-caption-text\">RESPUESTA R\u00c1PIDA.- En total fueron 80 personas las que se vieron favorecidas con estas tomas de muestras Covid, los resultados estar\u00e1n entre hoy mi\u00e9rcoles y este jueves.<\/figcaption><\/figure>\n<figure id=\"attachment_102358\" aria-describedby=\"caption-attachment-102358\" style=\"width: 579px\" class=\"wp-caption alignnone\"><img data-recalc-dims=\"1\" loading=\"lazy\" decoding=\"async\" class=\"size-full wp-image-102358\" src=\"https:\/\/i0.wp.com\/eltrabajo.cl\/portal\/wp-content\/uploads\/2020\/08\/Pruebas_Pablo-Vergara.jpg?resize=579%2C601&#038;ssl=1\" alt=\"Abogado Pablo Vergara, representante de la C\u00e1mara de Comercio y Turismo de San Felipe.\" width=\"579\" height=\"601\" srcset=\"https:\/\/i0.wp.com\/eltrabajo.cl\/portal\/wp-content\/uploads\/2020\/08\/Pruebas_Pablo-Vergara.jpg?w=579&amp;ssl=1 579w, https:\/\/i0.wp.com\/eltrabajo.cl\/portal\/wp-content\/uploads\/2020\/08\/Pruebas_Pablo-Vergara.jpg?resize=289%2C300&amp;ssl=1 289w, https:\/\/i0.wp.com\/eltrabajo.cl\/portal\/wp-content\/uploads\/2020\/08\/Pruebas_Pablo-Vergara.jpg?resize=145%2C150&amp;ssl=1 145w\" sizes=\"auto, (max-width: 579px) 100vw, 579px\" \/><figcaption id=\"caption-attachment-102358\" class=\"wp-caption-text\">Abogado Pablo Vergara, representante de la C\u00e1mara de Comercio y Turismo de San Felipe.<\/figcaption><\/figure>\n<figure id=\"attachment_102357\" aria-describedby=\"caption-attachment-102357\" style=\"width: 579px\" class=\"wp-caption alignnone\"><img data-recalc-dims=\"1\" loading=\"lazy\" decoding=\"async\" class=\"size-full wp-image-102357\" src=\"https:\/\/i0.wp.com\/eltrabajo.cl\/portal\/wp-content\/uploads\/2020\/08\/Pruebas_Marcela-Brito.jpg?resize=579%2C605&#038;ssl=1\" alt=\"Marcela Brito, jefa de la Direcci\u00f3n de Salud Municipal de San Felipe.\" width=\"579\" height=\"605\" srcset=\"https:\/\/i0.wp.com\/eltrabajo.cl\/portal\/wp-content\/uploads\/2020\/08\/Pruebas_Marcela-Brito.jpg?w=579&amp;ssl=1 579w, https:\/\/i0.wp.com\/eltrabajo.cl\/portal\/wp-content\/uploads\/2020\/08\/Pruebas_Marcela-Brito.jpg?resize=287%2C300&amp;ssl=1 287w, https:\/\/i0.wp.com\/eltrabajo.cl\/portal\/wp-content\/uploads\/2020\/08\/Pruebas_Marcela-Brito.jpg?resize=144%2C150&amp;ssl=1 144w\" sizes=\"auto, (max-width: 579px) 100vw, 579px\" \/><figcaption id=\"caption-attachment-102357\" class=\"wp-caption-text\">Marcela Brito, jefa de la Direcci\u00f3n de Salud Municipal de San Felipe.<\/figcaption><\/figure>\n<figure id=\"attachment_102359\" aria-describedby=\"caption-attachment-102359\" style=\"width: 579px\" class=\"wp-caption alignnone\"><img data-recalc-dims=\"1\" loading=\"lazy\" decoding=\"async\" class=\"size-full wp-image-102359\" src=\"https:\/\/i0.wp.com\/eltrabajo.cl\/portal\/wp-content\/uploads\/2020\/08\/Pruebas_Susan-Porras.jpg?resize=579%2C585&#038;ssl=1\" alt=\"Directora del Servicio de Salud Aconcagua, Susan Porras.\" width=\"579\" height=\"585\" srcset=\"https:\/\/i0.wp.com\/eltrabajo.cl\/portal\/wp-content\/uploads\/2020\/08\/Pruebas_Susan-Porras.jpg?w=579&amp;ssl=1 579w, https:\/\/i0.wp.com\/eltrabajo.cl\/portal\/wp-content\/uploads\/2020\/08\/Pruebas_Susan-Porras.jpg?resize=297%2C300&amp;ssl=1 297w, https:\/\/i0.wp.com\/eltrabajo.cl\/portal\/wp-content\/uploads\/2020\/08\/Pruebas_Susan-Porras.jpg?resize=148%2C150&amp;ssl=1 148w\" sizes=\"auto, (max-width: 579px) 100vw, 579px\" \/><figcaption id=\"caption-attachment-102359\" class=\"wp-caption-text\">Directora del Servicio de Salud Aconcagua, Susan Porras.<\/figcaption><\/figure>\n","protected":false},"excerpt":{"rendered":"<p>Comerciantes y transe\u00fantes recibir\u00e1n hoy los resultados: Fue durante la ma\u00f1ana y tarde de este martes en la Plaza C\u00edvica de San Felipe y en coordinaci\u00f3n con la Direcci\u00f3n de Salud Municipal,&#8230;<\/p>\n","protected":false},"author":482,"featured_media":102354,"comment_status":"closed","ping_status":"open","sticky":false,"template":"","format":"standard","meta":{"advanced_seo_description":"","jetpack_seo_html_title":"","jetpack_seo_noindex":false,"_jetpack_memberships_contains_paid_content":false,"footnotes":""},"categories":[105,103],"tags":[],"class_list":["post-102353","post","type-post","status-publish","format-standard","has-post-thumbnail","hentry","category-covid-19","category-cronica-2"],"jetpack_featured_media_url":"https:\/\/i0.wp.com\/eltrabajo.cl\/portal\/wp-content\/uploads\/2020\/08\/Pruebas1.jpg?fit=579%2C387&ssl=1","jetpack_sharing_enabled":true,"jetpack_likes_enabled":true,"jetpack-related-posts":[],"_links":{"self":[{"href":"https:\/\/eltrabajo.cl\/portal\/wp-json\/wp\/v2\/posts\/102353","targetHints":{"allow":["GET"]}}],"collection":[{"href":"https:\/\/eltrabajo.cl\/portal\/wp-json\/wp\/v2\/posts"}],"about":[{"href":"https:\/\/eltrabajo.cl\/portal\/wp-json\/wp\/v2\/types\/post"}],"author":[{"embeddable":true,"href":"https:\/\/eltrabajo.cl\/portal\/wp-json\/wp\/v2\/users\/482"}],"replies":[{"embeddable":true,"href":"https:\/\/eltrabajo.cl\/portal\/wp-json\/wp\/v2\/comments?post=102353"}],"version-history":[{"count":0,"href":"https:\/\/eltrabajo.cl\/portal\/wp-json\/wp\/v2\/posts\/102353\/revisions"}],"wp:featuredmedia":[{"embeddable":true,"href":"https:\/\/eltrabajo.cl\/portal\/wp-json\/wp\/v2\/media\/102354"}],"wp:attachment":[{"href":"https:\/\/eltrabajo.cl\/portal\/wp-json\/wp\/v2\/media?parent=102353"}],"wp:term":[{"taxonomy":"category","embeddable":true,"href":"https:\/\/eltrabajo.cl\/portal\/wp-json\/wp\/v2\/categories?post=102353"},{"taxonomy":"post_tag","embeddable":true,"href":"https:\/\/eltrabajo.cl\/portal\/wp-json\/wp\/v2\/tags?post=102353"}],"curies":[{"name":"wp","href":"https:\/\/api.w.org\/{rel}","templated":true}]}}