{"id":102362,"date":"2020-08-26T07:55:32","date_gmt":"2020-08-26T11:55:32","guid":{"rendered":"https:\/\/www.eltrabajo.cl\/portal\/?p=102362"},"modified":"2020-08-25T20:32:48","modified_gmt":"2020-08-26T00:32:48","slug":"extrabajadores-de-parquimetros-siguen-esperando-por-una-solucion-economica","status":"publish","type":"post","link":"https:\/\/eltrabajo.cl\/portal\/extrabajadores-de-parquimetros-siguen-esperando-por-una-solucion-economica\/","title":{"rendered":"Extrabajadores de parqu\u00edmetros siguen esperando por una soluci\u00f3n econ\u00f3mica"},"content":{"rendered":"<p style=\"text-align: justify;\">Ayer nuevamente un grupo de extrabajadores de la empresa parqu\u00edmetros de San Felipe, lleg\u00f3 hasta las afueras de la municipalidad para ver qu\u00e9 sucede con su situaci\u00f3n, porque hasta el momento no se tiene respuesta por parte de las autoridades referente a sus finiquitos y leyes laborales.<\/p>\n<p style=\"text-align: justify;\">Debido a esta situaci\u00f3n los trabajadores han debido pasar duros momentos econ\u00f3micos producto de estar sin su fuente laboral. A parte de no poder conseguir los dineros adeudados por la exempresa de parqu\u00edmetros de <strong>Jos\u00e9 Hidalgo<\/strong>.<\/p>\n<p style=\"text-align: justify;\">Uno de los voceros del grupo y exintegrante del sindicato, <strong>Manuel Arancibia Fern\u00e1ndez<\/strong>, dijo que todav\u00eda no les pagan sus dineros adeudados: <em>\u00abVa a ser un a\u00f1o ya, nos hemos rebajado lo m\u00e1s que hemos podido de las platas de los trabajadores, as\u00ed y todo, todav\u00eda nos siguen dando aspirina\u00bb,<\/em> se\u00f1ala.<\/p>\n<p style=\"text-align: justify;\">Inform\u00f3 que la abogada <strong>Julia Urquieta<\/strong>, quien estaba a cargo de la demanda, fue removida y ahora est\u00e1n con un abogado de San Felipe, <em>\u00abporque encontramos que no estaba haciendo el trabajo como ten\u00eda que hacerlo, porque al final los tr\u00e1mites los est\u00e1bamos haciendo nosotros mismos, ella nos daba respuestas de Santiago, que hagan esto, hagan esto otro; esa no es la idea. Se le estaba pagando por algo, as\u00ed es que tuvimos que revocar el mandato a ella y contratar un abogado nuevo, en este caso a <strong>Diego Gonz\u00e1lez<\/strong>, de San Felipe\u00bb,<\/em> indic\u00f3 Manuel Arancibia.<\/p>\n<p style=\"text-align: justify;\">Consultado sobre el estado de la demanda contra la empresa, indic\u00f3 que hasta el momento no se ha conseguido nada <em>\u00abporque para eso tenemos que encontrar un resultado con la municipalidad y despu\u00e9s se sigue la demanda, en este caso contra el due\u00f1o de la empresa, Jos\u00e9 Hidalgo\u00bb,<\/em> se\u00f1al\u00f3 Arancibia.<\/p>\n<p style=\"text-align: justify;\">Ayer llegaron a la municipalidad para ver si pod\u00edan sostener una reuni\u00f3n en el departamento jur\u00eddico, pero todo fue en vano porque les dijeron que ten\u00edan audiencias pendientes: <em>\u00abNo estaba as\u00ed es que imag\u00ednate, estamos viniendo pr\u00e1cticamente toda la semana a ver si encontramos alguna soluci\u00f3n por medio de nosotros, pero hasta ahora nada, el municipio, ya llevamos cinco meses sin trabajo la mayor\u00eda de nosotros y un a\u00f1o esperando las platas que nos pertenecen, a parte del mes de septiembre que no nos cancel\u00f3 la empresa esa vez, as\u00ed es que imag\u00ednense ha sido duro este tiempo\u00bb,<\/em> sostuvo el representante de los afectados por la exempresa de parqu\u00edmetros de Jos\u00e9 Hidalgo.<\/p>\n<p style=\"text-align: justify;\">Otra extrabajadora que tambi\u00e9n se refiri\u00f3 a esta lamentable situaci\u00f3n fue <strong>In\u00e9s Contreras<\/strong>, quien tambi\u00e9n dijo que llevaban mucho tiempo en esta situaci\u00f3n, <em>\u00abpor eso ya nosotros comenzamos a solicitar un poco de publicidad porque es demasiado el tiempo; un a\u00f1o sin trabajo, sin el dinero, no se pag\u00f3 cotizaciones, mis compa\u00f1eros han venido todas estas veces, todos sin trabajo, se hab\u00eda tranzado, se hab\u00edan rebajado los montos, pero aun as\u00ed, nada, nada\u00bb,<\/em> indic\u00f3.<\/p>\n<p style=\"text-align: justify;\">Fue muy cr\u00edtica con el actuar de la abogada que ten\u00edan porque no se gan\u00f3 nada, <em>\u00abpuras aspirinas como se dice en buen chileno, ella nos tramit\u00f3, nos tramit\u00f3 y nada. Nos cambiamos a este abogado y sigue en las mismas porque el municipio no le da una oportunidad de tranzar, de nada. Necesitamos que nos paguen, ellos siempre estuvieron conscientes que esta empresa no cumpli\u00f3, no cumpli\u00f3 con cotizaciones, no cumpl\u00eda con los pagos; la municipalidad nunca fue enga\u00f1ada, ellos estaban claros y conscientes de c\u00f3mo era la situaci\u00f3n con nosotros, porque nosotros siempre reclamamos, le hac\u00edamos llegar al municipio, pero igual se hac\u00edan los sordos, le segu\u00edan dando la opci\u00f3n a la empresa, pagaba una cantidad y despu\u00e9s pasaban dos meses y no pagaba las cotizaciones m\u00e1s de un a\u00f1o con la gente atrasada y los sueldos igual, al \u00faltimo ya no pagaban los sueldos, septiembre no se pag\u00f3 del a\u00f1o pasado, se trabaj\u00f3 y no se cancel\u00f3, y de ah\u00ed la empresa se desapareci\u00f3 y quedamos en el aire\u00bb,<\/em> manifest\u00f3 In\u00e9s Contreras.<\/p>\n<p style=\"text-align: justify;\">Reclam\u00f3 contra la actitud que ha tenido el municipio al no darle alguna soluci\u00f3n, <em>\u00abporque si hubiesen querido pagar, por \u00faltimo pagan en cuotas, o sea se transa\u00bb,<\/em> dijo In\u00e9s.<\/p>\n<p style=\"text-align: justify;\">La deuda seg\u00fan esta persona asciende a unos 100 millones de pesos.<\/p>\n<p style=\"text-align: justify;\">La empresa denunciada es la de Jos\u00e9 Hidalgo.<\/p>\n<figure id=\"attachment_102363\" aria-describedby=\"caption-attachment-102363\" style=\"width: 580px\" class=\"wp-caption alignnone\"><img data-recalc-dims=\"1\" loading=\"lazy\" decoding=\"async\" class=\"size-full wp-image-102363\" src=\"https:\/\/i0.wp.com\/eltrabajo.cl\/portal\/wp-content\/uploads\/2020\/08\/Parquimetros.jpg?resize=580%2C319&#038;ssl=1\" alt=\"Los extrabajadores de parqu\u00edmetros en las afueras de la municipalidad tratando de alcanzar una soluci\u00f3n al problema.\" width=\"580\" height=\"319\" srcset=\"https:\/\/i0.wp.com\/eltrabajo.cl\/portal\/wp-content\/uploads\/2020\/08\/Parquimetros.jpg?w=580&amp;ssl=1 580w, https:\/\/i0.wp.com\/eltrabajo.cl\/portal\/wp-content\/uploads\/2020\/08\/Parquimetros.jpg?resize=300%2C165&amp;ssl=1 300w, https:\/\/i0.wp.com\/eltrabajo.cl\/portal\/wp-content\/uploads\/2020\/08\/Parquimetros.jpg?resize=200%2C110&amp;ssl=1 200w\" sizes=\"auto, (max-width: 580px) 100vw, 580px\" \/><figcaption id=\"caption-attachment-102363\" class=\"wp-caption-text\">Los extrabajadores de parqu\u00edmetros en las afueras de la municipalidad tratando de alcanzar una soluci\u00f3n al problema.<\/figcaption><\/figure>\n","protected":false},"excerpt":{"rendered":"<p>Ayer nuevamente un grupo de extrabajadores de la empresa parqu\u00edmetros de San Felipe, lleg\u00f3 hasta las afueras de la municipalidad para ver qu\u00e9 sucede con su situaci\u00f3n, porque hasta el momento no&#8230;<\/p>\n","protected":false},"author":482,"featured_media":102363,"comment_status":"closed","ping_status":"open","sticky":false,"template":"","format":"standard","meta":{"advanced_seo_description":"","jetpack_seo_html_title":"","jetpack_seo_noindex":false,"_jetpack_memberships_contains_paid_content":false,"footnotes":""},"categories":[103],"tags":[],"class_list":["post-102362","post","type-post","status-publish","format-standard","has-post-thumbnail","hentry","category-cronica-2"],"jetpack_featured_media_url":"https:\/\/i0.wp.com\/eltrabajo.cl\/portal\/wp-content\/uploads\/2020\/08\/Parquimetros.jpg?fit=580%2C319&ssl=1","jetpack_sharing_enabled":true,"jetpack_likes_enabled":true,"jetpack-related-posts":[],"_links":{"self":[{"href":"https:\/\/eltrabajo.cl\/portal\/wp-json\/wp\/v2\/posts\/102362","targetHints":{"allow":["GET"]}}],"collection":[{"href":"https:\/\/eltrabajo.cl\/portal\/wp-json\/wp\/v2\/posts"}],"about":[{"href":"https:\/\/eltrabajo.cl\/portal\/wp-json\/wp\/v2\/types\/post"}],"author":[{"embeddable":true,"href":"https:\/\/eltrabajo.cl\/portal\/wp-json\/wp\/v2\/users\/482"}],"replies":[{"embeddable":true,"href":"https:\/\/eltrabajo.cl\/portal\/wp-json\/wp\/v2\/comments?post=102362"}],"version-history":[{"count":0,"href":"https:\/\/eltrabajo.cl\/portal\/wp-json\/wp\/v2\/posts\/102362\/revisions"}],"wp:featuredmedia":[{"embeddable":true,"href":"https:\/\/eltrabajo.cl\/portal\/wp-json\/wp\/v2\/media\/102363"}],"wp:attachment":[{"href":"https:\/\/eltrabajo.cl\/portal\/wp-json\/wp\/v2\/media?parent=102362"}],"wp:term":[{"taxonomy":"category","embeddable":true,"href":"https:\/\/eltrabajo.cl\/portal\/wp-json\/wp\/v2\/categories?post=102362"},{"taxonomy":"post_tag","embeddable":true,"href":"https:\/\/eltrabajo.cl\/portal\/wp-json\/wp\/v2\/tags?post=102362"}],"curies":[{"name":"wp","href":"https:\/\/api.w.org\/{rel}","templated":true}]}}