{"id":102365,"date":"2020-08-26T08:00:14","date_gmt":"2020-08-26T12:00:14","guid":{"rendered":"https:\/\/www.eltrabajo.cl\/portal\/?p=102365"},"modified":"2020-08-25T20:34:33","modified_gmt":"2020-08-26T00:34:33","slug":"camioneros-de-san-felipe-en-status-quo-frente-al-llamado-nacional-a-paro","status":"publish","type":"post","link":"https:\/\/eltrabajo.cl\/portal\/camioneros-de-san-felipe-en-status-quo-frente-al-llamado-nacional-a-paro\/","title":{"rendered":"Camioneros de San Felipe en status quo frente al llamado nacional a paro"},"content":{"rendered":"<ul style=\"text-align: justify;\">\n<li style=\"text-align: left;\"><strong> Dirigentes locales sostienen que ser\u00eda una cat\u00e1strofe para Chile, totalmente inoportuno.<\/strong><\/li>\n<\/ul>\n<p style=\"text-align: justify;\">Los camioneros de San Felipe hasta el momento consideran inoportuno adherirse al paro convocado por los \u00abcamioneros grandes\u00bb, como los denomina el presidente de Asoducam, <strong>Guillermo Zuleta<\/strong>. Esto porque ser\u00eda catastr\u00f3fico para el pa\u00eds debido al momento que se est\u00e1 viviendo. De todas maneras, apelan a que haya un di\u00e1logo entre todas las partes.<\/p>\n<p style=\"text-align: justify;\">Aprovecha igual para dar a conocer algunos problemas que tienen en el Valle del Aconcagua y tienen que ver principalmente con la seguridad frente a robos que sufren, especialmente los camiones que transportan nueces. Es por eso que piden a las autoridades mayor seguridad.<\/p>\n<p style=\"text-align: justify;\">Asimila eso s\u00ed que son realidades distintas las que se viven: <em>\u00abUn poco pasa por las realidades que viven ambas Confederaciones, la que dirige Sergio P\u00e9rez es de los camioneros mayores que tienen 10, 15, 30, 100 camiones o m\u00e1s, entonces tienen una realidad distinta a la que tenemos por el lado de la Confederaci\u00f3n Nacional que dirige Juan Araya, que son m\u00e1s bien camioneros chicos; 1 \u00f3 2 camiones, entonces es l\u00edcito o l\u00f3gico pensar que ellos tienen unos intereses y nosotros otros, y ustedes ven que los choferes tienen otra mirada de la situaci\u00f3n\u00bb,<\/em> manifiesta Guillermo Zuleta en conversaci\u00f3n con Radio Aconcagua.<\/p>\n<p style=\"text-align: justify;\">En ese sentido dijo que ellos tienen una postura m\u00e1s gremial: <em>\u00abYo creo, lo que est\u00e1 ocurriendo hoy d\u00eda, hablo a t\u00edtulo personal, est\u00e1 siendo m\u00e1s bien derivado al lado pol\u00edtico, yo en lo personal prefiero ser m\u00e1s gremial que pol\u00edtico, o sea definitivamente gremial\u00bb,<\/em> dijo Zuleta.<\/p>\n<p style=\"text-align: justify;\">Consultado por una de las medidas que piden los camioneros y que tiene relaci\u00f3n con la modernizaci\u00f3n de las polic\u00edas, Guillermo Zuleta reafirma su pensamiento en el sentido que se mira como un tema pol\u00edtico. <em>\u00abBueno es sabido que en todos lados el gobierno llega un poco atrasado con todas las medidas que corresponden, entonces por all\u00e1 en la Araucan\u00eda est\u00e1n pasando muchas cosas, hay m\u00e1s de 500 camiones que han sido incendiados y todav\u00eda no se encuentra a nadie que puedan culparlo o sea encarcelarlo\u00bb,<\/em> indic\u00f3.<\/p>\n<p style=\"text-align: justify;\">Reconoce haber escuchado que se ha mencionado la palabra auto atentado; <em>\u00abs\u00ed por ah\u00ed he escuchado algo, siempre esas noticias son muy por debajo, pero he escuchado s\u00ed, que se han hecho auto atentados para cobrar seguros y cosas as\u00ed, entonces ah\u00ed se empieza a ensuciar un poco la informaci\u00f3n y por ac\u00e1 lejano a donde ocurren las cosas en La Araucan\u00eda nos llegan de rebote ese tipo de informaci\u00f3n\u00bb,<\/em> agreg\u00f3.<\/p>\n<p style=\"text-align: justify;\">Asume que parar hoy d\u00eda ser\u00eda terrible para el pa\u00eds: <em>\u00abPrimero por lo que pas\u00f3 en el estallido social que nos dej\u00f3 a mal traer como pa\u00eds, y hoy d\u00eda con el tema de la pandemia, entonces realmente nosotros tenemos por decir una llave que pueda pol\u00edticamente llevar a pensar en otras cosas, entonces tirarnos en huelga, hacer paro, cosas as\u00ed, imag\u00ednese como dejar\u00edamos al pa\u00eds\u00bb, <\/em>se\u00f1al\u00f3 Zuleta.<\/p>\n<p style=\"text-align: justify;\">Consultado sobre demandas a nivel local que tienen los camioneros, dijo que ac\u00e1 pasan situaciones de robo a camiones, b\u00e1sicamente a los que transportan nueces f\u00edsicamente, y <em>\u00abpor otro lado los camiones que vienen de afuera pasando por la aduana de Los Andes destino Santiago-Valpara\u00edso, tambi\u00e9n en el camino han ocurrido cosas a nosotros como gremio, nos gustar\u00eda las autoridades tomaran cartas en el asunto de tal manera que se minimizara, no voy a decir acabar porque es muy dif\u00edcil, hay mucha plata detr\u00e1s de esto y los malos siempre andan buscando el trabajo f\u00e1cil, entonces ser\u00eda ideal que pudi\u00e9ramos tener un resguardo mayor\u00bb,<\/em> se\u00f1al\u00f3 Zuleta.<\/p>\n<p style=\"text-align: justify;\">La Asociaci\u00f3n de San Felipe tiene un directorio integrado por Patricio Bascu\u00f1\u00e1n, Guillermo Zuleta, Manuel Castillo, H\u00e9ctor Quijanes y V\u00edctor Salinas.<\/p>\n<figure id=\"attachment_102366\" aria-describedby=\"caption-attachment-102366\" style=\"width: 579px\" class=\"wp-caption alignnone\"><img data-recalc-dims=\"1\" loading=\"lazy\" decoding=\"async\" class=\"size-full wp-image-102366\" src=\"https:\/\/i0.wp.com\/eltrabajo.cl\/portal\/wp-content\/uploads\/2020\/08\/directiva.jpg?resize=579%2C311&#038;ssl=1\" alt=\"Directiva de Asoducam encabezada por Guillermo Zuleta (sacada de p\u00e1gina de la confederaci\u00f3n).\" width=\"579\" height=\"311\" srcset=\"https:\/\/i0.wp.com\/eltrabajo.cl\/portal\/wp-content\/uploads\/2020\/08\/directiva.jpg?w=579&amp;ssl=1 579w, https:\/\/i0.wp.com\/eltrabajo.cl\/portal\/wp-content\/uploads\/2020\/08\/directiva.jpg?resize=300%2C161&amp;ssl=1 300w, https:\/\/i0.wp.com\/eltrabajo.cl\/portal\/wp-content\/uploads\/2020\/08\/directiva.jpg?resize=200%2C107&amp;ssl=1 200w\" sizes=\"auto, (max-width: 579px) 100vw, 579px\" \/><figcaption id=\"caption-attachment-102366\" class=\"wp-caption-text\">Directiva de Asoducam encabezada por Guillermo Zuleta (sacada de p\u00e1gina de la confederaci\u00f3n).<\/figcaption><\/figure>\n","protected":false},"excerpt":{"rendered":"<p>Dirigentes locales sostienen que ser\u00eda una cat\u00e1strofe para Chile, totalmente inoportuno. Los camioneros de San Felipe hasta el momento consideran inoportuno adherirse al paro convocado por los \u00abcamioneros grandes\u00bb, como los denomina&#8230;<\/p>\n","protected":false},"author":482,"featured_media":102366,"comment_status":"closed","ping_status":"open","sticky":false,"template":"","format":"standard","meta":{"advanced_seo_description":"","jetpack_seo_html_title":"","jetpack_seo_noindex":false,"_jetpack_memberships_contains_paid_content":false,"footnotes":""},"categories":[103],"tags":[],"class_list":["post-102365","post","type-post","status-publish","format-standard","has-post-thumbnail","hentry","category-cronica-2"],"jetpack_featured_media_url":"https:\/\/i0.wp.com\/eltrabajo.cl\/portal\/wp-content\/uploads\/2020\/08\/directiva.jpg?fit=579%2C311&ssl=1","jetpack_sharing_enabled":true,"jetpack_likes_enabled":true,"jetpack-related-posts":[],"_links":{"self":[{"href":"https:\/\/eltrabajo.cl\/portal\/wp-json\/wp\/v2\/posts\/102365","targetHints":{"allow":["GET"]}}],"collection":[{"href":"https:\/\/eltrabajo.cl\/portal\/wp-json\/wp\/v2\/posts"}],"about":[{"href":"https:\/\/eltrabajo.cl\/portal\/wp-json\/wp\/v2\/types\/post"}],"author":[{"embeddable":true,"href":"https:\/\/eltrabajo.cl\/portal\/wp-json\/wp\/v2\/users\/482"}],"replies":[{"embeddable":true,"href":"https:\/\/eltrabajo.cl\/portal\/wp-json\/wp\/v2\/comments?post=102365"}],"version-history":[{"count":0,"href":"https:\/\/eltrabajo.cl\/portal\/wp-json\/wp\/v2\/posts\/102365\/revisions"}],"wp:featuredmedia":[{"embeddable":true,"href":"https:\/\/eltrabajo.cl\/portal\/wp-json\/wp\/v2\/media\/102366"}],"wp:attachment":[{"href":"https:\/\/eltrabajo.cl\/portal\/wp-json\/wp\/v2\/media?parent=102365"}],"wp:term":[{"taxonomy":"category","embeddable":true,"href":"https:\/\/eltrabajo.cl\/portal\/wp-json\/wp\/v2\/categories?post=102365"},{"taxonomy":"post_tag","embeddable":true,"href":"https:\/\/eltrabajo.cl\/portal\/wp-json\/wp\/v2\/tags?post=102365"}],"curies":[{"name":"wp","href":"https:\/\/api.w.org\/{rel}","templated":true}]}}