{"id":102369,"date":"2020-08-27T07:40:17","date_gmt":"2020-08-27T11:40:17","guid":{"rendered":"https:\/\/www.eltrabajo.cl\/portal\/?p=102369"},"modified":"2020-08-26T20:28:24","modified_gmt":"2020-08-27T00:28:24","slug":"segismundo-iturra-es-el-primer-cesfam-del-valle-en-contar-con-un-mamografo","status":"publish","type":"post","link":"https:\/\/eltrabajo.cl\/portal\/segismundo-iturra-es-el-primer-cesfam-del-valle-en-contar-con-un-mamografo\/","title":{"rendered":"Segismundo Iturra es el primer Cesfam del Valle en contar con un mam\u00f3grafo"},"content":{"rendered":"<ul style=\"text-align: justify;\">\n<li style=\"text-align: left;\"><strong>Este dispositivo tiene una capacidad de 8 mil ex\u00e1menes al a\u00f1o y atender\u00e1 a usuarias de San Felipe, Putaendo y Santa Mar\u00eda.<\/strong><\/li>\n<\/ul>\n<p style=\"text-align: justify;\">El Cesfam Segismundo Iturra es el primero en todo el valle de Aconcagua en contar con un mam\u00f3grafo digital de \u00faltima generaci\u00f3n, que permite realizar ex\u00e1menes preventivos de c\u00e1ncer de mamas en atenci\u00f3n primaria a usuarias de San Felipe, Putaendo y Santa Mar\u00eda.<\/p>\n<p style=\"text-align: justify;\">Este equipamiento fue adquirido gracias a recursos del Ministerio de Salud, derivados del Plan Nacional del C\u00e1ncer, por un monto superior a los $170 millones. Por ello, el alcalde (s) <strong>Claudio Paredes<\/strong> y la directora del servicio de salud Aconcagua, <strong>Susan Porras<\/strong>, realizaron una visita t\u00e9cnica para verificar el funcionamiento de este dispositivo que en marzo de este a\u00f1o suspendi\u00f3 sus atenciones debido a la pandemia.<\/p>\n<p style=\"text-align: justify;\">\u00ab<em>Hemos venido a hacer esta visita t\u00e9cnica con la directora del servicio d salud para conversar con el equipo municipal que est\u00e1 a cargo de este equipamiento de primer nivel. Estamos contentos de haber generado esta alianza estrat\u00e9gica con el servicio de salud para atender a las mujeres del valle de Aconcagua, sobre todo porque el c\u00e1ncer de mamas es uno de los principales motivos de fallecimiento de las mujeres (\u2026) Este proyecto fue profundamente valorado por el alcalde Patricio Freire en su cuenta p\u00fablica porque nos pone en los mejores niveles de atenciones primaria en la regi\u00f3n\u00bb,<\/em> se\u00f1al\u00f3 el jefe comunal subrogante.<\/p>\n<p style=\"text-align: justify;\">Este equipo tiene una capacidad de 8.000 ex\u00e1menes al a\u00f1o y cuenta con informes m\u00e9dicos realizados desde hospital digital, con m\u00e9dicos radi\u00f3logos expertos en Imagenolog\u00eda.<\/p>\n<p style=\"text-align: justify;\">Precisamente, para desarrollar estas atenciones se ha dispuesto de un ingreso especial a fin de separar a los pacientes que asisten por sintomatolog\u00eda respiratoria.<\/p>\n<p style=\"text-align: justify;\">\u00ab<em>Estamos muy contentos de tener el primer mam\u00f3grafo en un Cesfam (\u2026) son muy pocos los que lo tienen en estos dispositivos de \u00faltima generaci\u00f3n, por lo que invitamos a la gente a que pueda venir con total seguridad. Este examen es totalmente gratis para los que son de Fonasa y que est\u00e1n dentro del rango etario de los 50 a los 69 a\u00f1os\u00bb,<\/em> se\u00f1al\u00f3 Susan Porras.<\/p>\n<p style=\"text-align: justify;\">Por su parte, la directora del Cesfam, <strong>Mariela Maldonado<\/strong>, afirm\u00f3 que se inici\u00f3 con atenciones para las usuarias de este dispositivo, pero a partir de septiembre ya se realizar\u00e1 la cobertura para el resto de las otras comunas.<\/p>\n<p style=\"text-align: justify;\">\u00ab<em>Efectivamente, en marzo de este a\u00f1o, producto de la pandemia de Covid-19 debimos suspender las atenciones. Sin embargo, durante este mes hemos retomado las atenciones a las usuarias del Cesfam y, en septiembre, se unir\u00e1n las de Curim\u00f3n, Putaendo y Santa Mar\u00eda. Por lo que pedimos vengan con sus elementos de protecci\u00f3n personal, como las mascarillas y otras medidas de autocuidado\u00bb,<\/em> manifest\u00f3.<\/p>\n<p style=\"text-align: justify;\">Esta tecnolog\u00eda permite detectar precozmente el c\u00e1ncer de mamas, que es la primera causa de muerte por c\u00e1ncer en la mujer chilena.<\/p>\n<figure id=\"attachment_102370\" aria-describedby=\"caption-attachment-102370\" style=\"width: 579px\" class=\"wp-caption alignnone\"><img data-recalc-dims=\"1\" loading=\"lazy\" decoding=\"async\" class=\"size-full wp-image-102370\" src=\"https:\/\/i0.wp.com\/eltrabajo.cl\/portal\/wp-content\/uploads\/2020\/08\/mamografo-cesfam-sit-1.jpg?resize=579%2C386&#038;ssl=1\" alt=\"El nuevo dispositivo fue adquirido gracias a recursos del Ministerio de Salud, derivados del Plan Nacional del C\u00e1ncer, por un monto superior a los 170 millones de pesos.\" width=\"579\" height=\"386\" srcset=\"https:\/\/i0.wp.com\/eltrabajo.cl\/portal\/wp-content\/uploads\/2020\/08\/mamografo-cesfam-sit-1.jpg?w=579&amp;ssl=1 579w, https:\/\/i0.wp.com\/eltrabajo.cl\/portal\/wp-content\/uploads\/2020\/08\/mamografo-cesfam-sit-1.jpg?resize=300%2C200&amp;ssl=1 300w, https:\/\/i0.wp.com\/eltrabajo.cl\/portal\/wp-content\/uploads\/2020\/08\/mamografo-cesfam-sit-1.jpg?resize=200%2C133&amp;ssl=1 200w\" sizes=\"auto, (max-width: 579px) 100vw, 579px\" \/><figcaption id=\"caption-attachment-102370\" class=\"wp-caption-text\">El nuevo dispositivo fue adquirido gracias a recursos del Ministerio de Salud, derivados del Plan Nacional del C\u00e1ncer, por un monto superior a los 170 millones de pesos.<\/figcaption><\/figure>\n<figure id=\"attachment_102371\" aria-describedby=\"caption-attachment-102371\" style=\"width: 578px\" class=\"wp-caption alignnone\"><img data-recalc-dims=\"1\" loading=\"lazy\" decoding=\"async\" class=\"size-full wp-image-102371\" src=\"https:\/\/i0.wp.com\/eltrabajo.cl\/portal\/wp-content\/uploads\/2020\/08\/mamografo-cesfam-sit-2.jpg?resize=578%2C290&#038;ssl=1\" alt=\"Autoridades municipales y de Salud realizaron una visita t\u00e9cnica para verificar el funcionamiento de este dispositivo que en marzo de este a\u00f1o suspendi\u00f3 sus atenciones debido a la pandemia.\" width=\"578\" height=\"290\" srcset=\"https:\/\/i0.wp.com\/eltrabajo.cl\/portal\/wp-content\/uploads\/2020\/08\/mamografo-cesfam-sit-2.jpg?w=578&amp;ssl=1 578w, https:\/\/i0.wp.com\/eltrabajo.cl\/portal\/wp-content\/uploads\/2020\/08\/mamografo-cesfam-sit-2.jpg?resize=300%2C151&amp;ssl=1 300w, https:\/\/i0.wp.com\/eltrabajo.cl\/portal\/wp-content\/uploads\/2020\/08\/mamografo-cesfam-sit-2.jpg?resize=200%2C100&amp;ssl=1 200w\" sizes=\"auto, (max-width: 578px) 100vw, 578px\" \/><figcaption id=\"caption-attachment-102371\" class=\"wp-caption-text\">Autoridades municipales y de Salud realizaron una visita t\u00e9cnica para verificar el funcionamiento de este dispositivo que en marzo de este a\u00f1o suspendi\u00f3 sus atenciones debido a la pandemia.<\/figcaption><\/figure>\n","protected":false},"excerpt":{"rendered":"<p>Este dispositivo tiene una capacidad de 8 mil ex\u00e1menes al a\u00f1o y atender\u00e1 a usuarias de San Felipe, Putaendo y Santa Mar\u00eda. El Cesfam Segismundo Iturra es el primero en todo el&#8230;<\/p>\n","protected":false},"author":482,"featured_media":102370,"comment_status":"closed","ping_status":"open","sticky":false,"template":"","format":"standard","meta":{"advanced_seo_description":"","jetpack_seo_html_title":"","jetpack_seo_noindex":false,"_jetpack_memberships_contains_paid_content":false,"footnotes":""},"categories":[103],"tags":[],"class_list":["post-102369","post","type-post","status-publish","format-standard","has-post-thumbnail","hentry","category-cronica-2"],"jetpack_featured_media_url":"https:\/\/i0.wp.com\/eltrabajo.cl\/portal\/wp-content\/uploads\/2020\/08\/mamografo-cesfam-sit-1.jpg?fit=579%2C386&ssl=1","jetpack_sharing_enabled":true,"jetpack_likes_enabled":true,"jetpack-related-posts":[],"_links":{"self":[{"href":"https:\/\/eltrabajo.cl\/portal\/wp-json\/wp\/v2\/posts\/102369","targetHints":{"allow":["GET"]}}],"collection":[{"href":"https:\/\/eltrabajo.cl\/portal\/wp-json\/wp\/v2\/posts"}],"about":[{"href":"https:\/\/eltrabajo.cl\/portal\/wp-json\/wp\/v2\/types\/post"}],"author":[{"embeddable":true,"href":"https:\/\/eltrabajo.cl\/portal\/wp-json\/wp\/v2\/users\/482"}],"replies":[{"embeddable":true,"href":"https:\/\/eltrabajo.cl\/portal\/wp-json\/wp\/v2\/comments?post=102369"}],"version-history":[{"count":0,"href":"https:\/\/eltrabajo.cl\/portal\/wp-json\/wp\/v2\/posts\/102369\/revisions"}],"wp:featuredmedia":[{"embeddable":true,"href":"https:\/\/eltrabajo.cl\/portal\/wp-json\/wp\/v2\/media\/102370"}],"wp:attachment":[{"href":"https:\/\/eltrabajo.cl\/portal\/wp-json\/wp\/v2\/media?parent=102369"}],"wp:term":[{"taxonomy":"category","embeddable":true,"href":"https:\/\/eltrabajo.cl\/portal\/wp-json\/wp\/v2\/categories?post=102369"},{"taxonomy":"post_tag","embeddable":true,"href":"https:\/\/eltrabajo.cl\/portal\/wp-json\/wp\/v2\/tags?post=102369"}],"curies":[{"name":"wp","href":"https:\/\/api.w.org\/{rel}","templated":true}]}}