{"id":102373,"date":"2020-08-27T07:45:44","date_gmt":"2020-08-27T11:45:44","guid":{"rendered":"https:\/\/www.eltrabajo.cl\/portal\/?p=102373"},"modified":"2020-08-26T20:32:39","modified_gmt":"2020-08-27T00:32:39","slug":"a-un-mes-de-pedir-su-10-afiliados-siguen-esperando-seriedad-de-afp-provida","status":"publish","type":"post","link":"https:\/\/eltrabajo.cl\/portal\/a-un-mes-de-pedir-su-10-afiliados-siguen-esperando-seriedad-de-afp-provida\/","title":{"rendered":"A un mes de pedir su 10%, afiliados siguen esperando seriedad de AFP Provida"},"content":{"rendered":"<p style=\"text-align: left;\"><span style=\"color: #c81400;\"><strong>Largas filas todo el d\u00eda para regresar a casa sin ser atendidos:<\/strong><\/span><\/p>\n<p style=\"text-align: justify;\">Largas son las filas que por horas, d\u00edas y semanas se forman en calle Prat, luego que se vencieran los plazos para que la <strong>AFP Provida<\/strong> transfiriera los dineros del 10% a sus usuarios, reteni\u00e9ndoles en algunos casos la plata con el argumento de tener los solicitantes deuda por Pensi\u00f3n Alimenticia, en otros casos la empresa les avisa a sus usuarios que el dinero no lo recibir\u00e1n en su Cuenta Rut, sino m\u00e1s bien en la Cuenta 2, operaci\u00f3n que, seg\u00fan los afectados, ellos nunca autorizaron.<\/p>\n<p style=\"text-align: justify;\">Los usuarios llegan a las 8:00 horas y d\u00eda tras d\u00eda muchos de ellos se tienen que ir en la tarde porque no llegan ni a la puerta, nadie les da respuesta y el calvario pareciera no terminar, ya que esta AFP desde el inicio, o sea, a finales de julio, a nivel nacional ha presentado serios problemas para entregar el dinero que supuestamente administran a sus verdaderos due\u00f1os.<\/p>\n<p style=\"text-align: justify;\">\n<p style=\"text-align: justify;\"><span style=\"color: #c81400;\"><strong>YA EST\u00c1N HARTOS<\/strong><\/span><\/p>\n<p style=\"text-align: justify;\"><strong>Diario El Trabajo<\/strong> habl\u00f3 con varios vecinos de las filas, as\u00ed nos explicaron su angustia con esta AFP Provida:<\/p>\n<p style=\"text-align: justify;\"><strong>Alejandra Valdivia viene desde Panquehue<\/strong>: \u00ab<em>Mi solicitud la hice el 31 de julio y el 9 de agosto se aprob\u00f3, ya ha pasado casi un mes y no me ha llegado la plata, he venido dos veces pero estoy aqu\u00ed parada y la gente se aburre tambi\u00e9n, al final del d\u00eda nos vamos porque nadie nos atiende, cierran y no hay tiempo para nosotros que tenemos derecho a nuestro dinero. Tengo dos hijos j\u00f3venes y una chica de 5 a\u00f1os de edad, todos estamos esperando ese dinero para pagar cuentas<\/em>\u00bb.<\/p>\n<p style=\"text-align: justify;\"><strong>Patricio Gonz\u00e1lez, cuatro veces haciendo fila<\/strong>: \u00ab<em>En mi caso cuando vine la primera vez me dijeron que mi solicitud para retirar el 10% fue rechazada, una segunda vez vine porque me dijeron que debo pensi\u00f3n alimenticia y por eso no tengo derecho al 10%, fui al Juzgado de Familia y resulta que me dijeron ah\u00ed que yo no tengo ninguna retenci\u00f3n, ahora me lleg\u00f3 un correo diciendo que el 24 de agosto\u00a0 ya tendr\u00eda depositada mi plata en la Cuenta 2, siendo que yo cuando hice mi formulario solicit\u00e9 a mi Cuenta Rut, y ahora no s\u00e9 con qu\u00e9 me van a salir<\/em>\u00bb.<\/p>\n<p style=\"text-align: justify;\">\n<p style=\"text-align: justify;\"><span style=\"color: #c81400;\"><strong>NO RESPONDEN<\/strong><\/span><\/p>\n<p style=\"text-align: justify;\"><strong>Diario El Trabajo<\/strong> solicitamos hablar con alguna persona encargada para conocer las razones de estos retrasos e irregularidades, se nos dijo que en el trayecto de este mi\u00e9rcoles nos llamar\u00edan para brindar una respuesta, sin embargo hasta el cierre de nuestra edici\u00f3n no fuimos contactados por alguien de AFP Provida.<\/p>\n<p style=\"text-align: justify;\"><strong>Roberto Gonz\u00e1lez Short<\/strong><\/p>\n<figure id=\"attachment_102374\" aria-describedby=\"caption-attachment-102374\" style=\"width: 579px\" class=\"wp-caption alignnone\"><img data-recalc-dims=\"1\" loading=\"lazy\" decoding=\"async\" class=\"size-full wp-image-102374\" src=\"https:\/\/i0.wp.com\/eltrabajo.cl\/portal\/wp-content\/uploads\/2020\/08\/Provida1.jpg?resize=579%2C387&#038;ssl=1\" alt=\"\u00bfQUI\u00c9N LOS DEFIENDE?- Una penosa situaci\u00f3n est\u00e1n viviendo muchos de la AFP Provida, quienes pasan horas y horas esperando recibir su dinero, pese a que algunos hicieron la solicitud hace casi un mes.\" width=\"579\" height=\"387\" srcset=\"https:\/\/i0.wp.com\/eltrabajo.cl\/portal\/wp-content\/uploads\/2020\/08\/Provida1.jpg?w=579&amp;ssl=1 579w, https:\/\/i0.wp.com\/eltrabajo.cl\/portal\/wp-content\/uploads\/2020\/08\/Provida1.jpg?resize=300%2C201&amp;ssl=1 300w, https:\/\/i0.wp.com\/eltrabajo.cl\/portal\/wp-content\/uploads\/2020\/08\/Provida1.jpg?resize=200%2C134&amp;ssl=1 200w\" sizes=\"auto, (max-width: 579px) 100vw, 579px\" \/><figcaption id=\"caption-attachment-102374\" class=\"wp-caption-text\">\u00bfQUI\u00c9N LOS DEFIENDE?- Una penosa situaci\u00f3n est\u00e1n viviendo muchos de la AFP Provida, quienes pasan horas y horas esperando recibir su dinero, pese a que algunos hicieron la solicitud hace casi un mes.<\/figcaption><\/figure>\n<figure id=\"attachment_102375\" aria-describedby=\"caption-attachment-102375\" style=\"width: 579px\" class=\"wp-caption alignnone\"><img data-recalc-dims=\"1\" loading=\"lazy\" decoding=\"async\" class=\"size-full wp-image-102375\" src=\"https:\/\/i0.wp.com\/eltrabajo.cl\/portal\/wp-content\/uploads\/2020\/08\/Provida2.jpg?resize=579%2C369&#038;ssl=1\" alt=\"OFRECIERON RESPUESTA.- Esta funcionaria de Provida nos asegur\u00f3 que la empresa nos dar\u00eda una respuesta. Seguimos esperando.\" width=\"579\" height=\"369\" srcset=\"https:\/\/i0.wp.com\/eltrabajo.cl\/portal\/wp-content\/uploads\/2020\/08\/Provida2.jpg?w=579&amp;ssl=1 579w, https:\/\/i0.wp.com\/eltrabajo.cl\/portal\/wp-content\/uploads\/2020\/08\/Provida2.jpg?resize=300%2C191&amp;ssl=1 300w, https:\/\/i0.wp.com\/eltrabajo.cl\/portal\/wp-content\/uploads\/2020\/08\/Provida2.jpg?resize=200%2C127&amp;ssl=1 200w\" sizes=\"auto, (max-width: 579px) 100vw, 579px\" \/><figcaption id=\"caption-attachment-102375\" class=\"wp-caption-text\">OFRECIERON RESPUESTA.- Esta funcionaria de Provida nos asegur\u00f3 que la empresa nos dar\u00eda una respuesta. Seguimos esperando.<\/figcaption><\/figure>\n<figure id=\"attachment_102376\" aria-describedby=\"caption-attachment-102376\" style=\"width: 578px\" class=\"wp-caption alignnone\"><img data-recalc-dims=\"1\" loading=\"lazy\" decoding=\"async\" class=\"size-full wp-image-102376\" src=\"https:\/\/i0.wp.com\/eltrabajo.cl\/portal\/wp-content\/uploads\/2020\/08\/Provida3.jpg?resize=578%2C385&#038;ssl=1\" alt=\"Todas estas personas han hecho estas filas desde hace semanas, pero nunca les alcanza el d\u00eda para llegar a la puerta de la pol\u00e9mica AFP.\" width=\"578\" height=\"385\" srcset=\"https:\/\/i0.wp.com\/eltrabajo.cl\/portal\/wp-content\/uploads\/2020\/08\/Provida3.jpg?w=578&amp;ssl=1 578w, https:\/\/i0.wp.com\/eltrabajo.cl\/portal\/wp-content\/uploads\/2020\/08\/Provida3.jpg?resize=300%2C200&amp;ssl=1 300w, https:\/\/i0.wp.com\/eltrabajo.cl\/portal\/wp-content\/uploads\/2020\/08\/Provida3.jpg?resize=200%2C133&amp;ssl=1 200w\" sizes=\"auto, (max-width: 578px) 100vw, 578px\" \/><figcaption id=\"caption-attachment-102376\" class=\"wp-caption-text\">Todas estas personas han hecho estas filas desde hace semanas, pero nunca les alcanza el d\u00eda para llegar a la puerta de la pol\u00e9mica AFP.<\/figcaption><\/figure>\n<figure id=\"attachment_102379\" aria-describedby=\"caption-attachment-102379\" style=\"width: 579px\" class=\"wp-caption alignnone\"><img data-recalc-dims=\"1\" loading=\"lazy\" decoding=\"async\" class=\"size-full wp-image-102379\" src=\"https:\/\/i0.wp.com\/eltrabajo.cl\/portal\/wp-content\/uploads\/2020\/08\/Provida_Patricio-Gonzalez.jpg?resize=579%2C592&#038;ssl=1\" alt=\"Patricio Gonz\u00e1lez, cuatro veces haciendo fila.\" width=\"579\" height=\"592\" srcset=\"https:\/\/i0.wp.com\/eltrabajo.cl\/portal\/wp-content\/uploads\/2020\/08\/Provida_Patricio-Gonzalez.jpg?w=579&amp;ssl=1 579w, https:\/\/i0.wp.com\/eltrabajo.cl\/portal\/wp-content\/uploads\/2020\/08\/Provida_Patricio-Gonzalez.jpg?resize=293%2C300&amp;ssl=1 293w, https:\/\/i0.wp.com\/eltrabajo.cl\/portal\/wp-content\/uploads\/2020\/08\/Provida_Patricio-Gonzalez.jpg?resize=147%2C150&amp;ssl=1 147w\" sizes=\"auto, (max-width: 579px) 100vw, 579px\" \/><figcaption id=\"caption-attachment-102379\" class=\"wp-caption-text\">Patricio Gonz\u00e1lez, cuatro veces haciendo fila.<\/figcaption><\/figure>\n<figure id=\"attachment_102378\" aria-describedby=\"caption-attachment-102378\" style=\"width: 579px\" class=\"wp-caption alignnone\"><img data-recalc-dims=\"1\" loading=\"lazy\" decoding=\"async\" class=\"size-full wp-image-102378\" src=\"https:\/\/i0.wp.com\/eltrabajo.cl\/portal\/wp-content\/uploads\/2020\/08\/Provida_Alejandra-Valdivia.jpg?resize=579%2C606&#038;ssl=1\" alt=\"Alejandra Valdivia, viene desde Panquehue.\" width=\"579\" height=\"606\" srcset=\"https:\/\/i0.wp.com\/eltrabajo.cl\/portal\/wp-content\/uploads\/2020\/08\/Provida_Alejandra-Valdivia.jpg?w=579&amp;ssl=1 579w, https:\/\/i0.wp.com\/eltrabajo.cl\/portal\/wp-content\/uploads\/2020\/08\/Provida_Alejandra-Valdivia.jpg?resize=287%2C300&amp;ssl=1 287w, https:\/\/i0.wp.com\/eltrabajo.cl\/portal\/wp-content\/uploads\/2020\/08\/Provida_Alejandra-Valdivia.jpg?resize=143%2C150&amp;ssl=1 143w\" sizes=\"auto, (max-width: 579px) 100vw, 579px\" \/><figcaption id=\"caption-attachment-102378\" class=\"wp-caption-text\">Alejandra Valdivia, viene desde Panquehue.<\/figcaption><\/figure>\n<figure id=\"attachment_102377\" aria-describedby=\"caption-attachment-102377\" style=\"width: 579px\" class=\"wp-caption alignnone\"><img data-recalc-dims=\"1\" loading=\"lazy\" decoding=\"async\" class=\"size-full wp-image-102377\" src=\"https:\/\/i0.wp.com\/eltrabajo.cl\/portal\/wp-content\/uploads\/2020\/08\/Provida4.jpg?resize=579%2C869&#038;ssl=1\" alt=\"SIGUEN ESPERANDO.- Mensajes como este reciben muchos usuarios, pero el dinero les es depositado a la Cuenta 2, sin que ellos lo hayan solicitado.\" width=\"579\" height=\"869\" srcset=\"https:\/\/i0.wp.com\/eltrabajo.cl\/portal\/wp-content\/uploads\/2020\/08\/Provida4.jpg?w=579&amp;ssl=1 579w, https:\/\/i0.wp.com\/eltrabajo.cl\/portal\/wp-content\/uploads\/2020\/08\/Provida4.jpg?resize=200%2C300&amp;ssl=1 200w, https:\/\/i0.wp.com\/eltrabajo.cl\/portal\/wp-content\/uploads\/2020\/08\/Provida4.jpg?resize=100%2C150&amp;ssl=1 100w\" sizes=\"auto, (max-width: 579px) 100vw, 579px\" \/><figcaption id=\"caption-attachment-102377\" class=\"wp-caption-text\">SIGUEN ESPERANDO.- Mensajes como este reciben muchos usuarios, pero el dinero les es depositado a la Cuenta 2, sin que ellos lo hayan solicitado.<\/figcaption><\/figure>\n","protected":false},"excerpt":{"rendered":"<p>Largas filas todo el d\u00eda para regresar a casa sin ser atendidos: Largas son las filas que por horas, d\u00edas y semanas se forman en calle Prat, luego que se vencieran los&#8230;<\/p>\n","protected":false},"author":482,"featured_media":102375,"comment_status":"closed","ping_status":"open","sticky":false,"template":"","format":"standard","meta":{"advanced_seo_description":"","jetpack_seo_html_title":"","jetpack_seo_noindex":false,"_jetpack_memberships_contains_paid_content":false,"footnotes":""},"categories":[15],"tags":[],"class_list":["post-102373","post","type-post","status-publish","format-standard","has-post-thumbnail","hentry","category-comunidad"],"jetpack_featured_media_url":"https:\/\/i0.wp.com\/eltrabajo.cl\/portal\/wp-content\/uploads\/2020\/08\/Provida2.jpg?fit=579%2C369&ssl=1","jetpack_sharing_enabled":true,"jetpack_likes_enabled":true,"jetpack-related-posts":[],"_links":{"self":[{"href":"https:\/\/eltrabajo.cl\/portal\/wp-json\/wp\/v2\/posts\/102373","targetHints":{"allow":["GET"]}}],"collection":[{"href":"https:\/\/eltrabajo.cl\/portal\/wp-json\/wp\/v2\/posts"}],"about":[{"href":"https:\/\/eltrabajo.cl\/portal\/wp-json\/wp\/v2\/types\/post"}],"author":[{"embeddable":true,"href":"https:\/\/eltrabajo.cl\/portal\/wp-json\/wp\/v2\/users\/482"}],"replies":[{"embeddable":true,"href":"https:\/\/eltrabajo.cl\/portal\/wp-json\/wp\/v2\/comments?post=102373"}],"version-history":[{"count":0,"href":"https:\/\/eltrabajo.cl\/portal\/wp-json\/wp\/v2\/posts\/102373\/revisions"}],"wp:featuredmedia":[{"embeddable":true,"href":"https:\/\/eltrabajo.cl\/portal\/wp-json\/wp\/v2\/media\/102375"}],"wp:attachment":[{"href":"https:\/\/eltrabajo.cl\/portal\/wp-json\/wp\/v2\/media?parent=102373"}],"wp:term":[{"taxonomy":"category","embeddable":true,"href":"https:\/\/eltrabajo.cl\/portal\/wp-json\/wp\/v2\/categories?post=102373"},{"taxonomy":"post_tag","embeddable":true,"href":"https:\/\/eltrabajo.cl\/portal\/wp-json\/wp\/v2\/tags?post=102373"}],"curies":[{"name":"wp","href":"https:\/\/api.w.org\/{rel}","templated":true}]}}