{"id":102381,"date":"2020-08-27T07:50:09","date_gmt":"2020-08-27T11:50:09","guid":{"rendered":"https:\/\/www.eltrabajo.cl\/portal\/?p=102381"},"modified":"2020-08-26T20:37:15","modified_gmt":"2020-08-27T00:37:15","slug":"hondo-pesar-provoca-muerte-de-la-profesora-gloria-bienzobas-aguilar","status":"publish","type":"post","link":"https:\/\/eltrabajo.cl\/portal\/hondo-pesar-provoca-muerte-de-la-profesora-gloria-bienzobas-aguilar\/","title":{"rendered":"Hondo pesar provoca muerte de la profesora Gloria Bi\u00e9nzobas Aguilar"},"content":{"rendered":"<p style=\"text-align: left;\"><span style=\"color: #c81400;\"><strong>Sepultada este mi\u00e9rcoles en Cementerio Municipal en Almendral:<\/strong><\/span><\/p>\n<p style=\"text-align: justify;\">Con gran pesar luego de fallecer este lunes a la edad de 75 a\u00f1os, fue despedida este mi\u00e9rcoles en horas de la ma\u00f1ana en el Cementerio Municipal de El Almendral, la profesora normalista <strong>Gloria Celinda del Carmen Bi\u00e9nzobas Aguilar<\/strong>. Su deceso sobrevino tras sufrir un tromboembolismo pulmonar, el que se agrav\u00f3 recientemente y que no logr\u00f3 superar.<\/p>\n<p style=\"text-align: justify;\">La conocida profesora era esposa de <strong>Roberto Carrandi Mu\u00f1oz<\/strong>, columnista de <strong>Diario El Trabajo<\/strong>, quien al igual que toda la familia se ha armado de fuerza y coraje para enfrentar la dolorosa partida. Bi\u00e9nzobas era profesora normalista de educaci\u00f3n general b\u00e1sica con menci\u00f3n en matem\u00e1ticas, y educadora diferencial especialista en deficiencia mental, instructora teatral egresada de la Universidad de Chile, naci\u00f3 el s\u00e1bado 31 de marzo de 1945, trabaj\u00f3 en varios centros educativos en Santiago, luego en la Escuela\u00a0 21 de San Felipe, tambi\u00e9n en la Escuela Especial Sagrado Coraz\u00f3n, en el Centro de Diagn\u00f3stico de San Felipe, y termin\u00f3 su carrera en la Direcci\u00f3n Provincial de Educaci\u00f3n (Deprov) San Felipe, como supervisora de educaci\u00f3n especial.<\/p>\n<p style=\"text-align: justify;\">\n<p style=\"text-align: justify;\"><span style=\"color: #c81400;\"><strong>MUJER GUERRERA<\/strong><\/span><\/p>\n<p style=\"text-align: justify;\">Con Carrandi vivi\u00f3 casada por 49 a\u00f1os de su vida, m\u00e1s un a\u00f1o de pololeo, permanecieron juntos hasta el d\u00eda 24 de agosto del presente a\u00f1o, cuando dej\u00f3 este mundo y as\u00ed reunirse con su hijo <strong>Roberto<\/strong>, fallecido hace 16 a\u00f1os, y con su hermano \u2018<strong>Nano<\/strong>\u2019.<\/p>\n<p style=\"text-align: justify;\">Gloria y Roberto tuvieron dos hijos, Roberto ya fallecido, y <strong>Gloria Carrandi Bi\u00e9nzobas<\/strong> (<strong>Coty<\/strong>), de ellos gan\u00f3 tres hermosas nietas y un regal\u00f3n nieto.<\/p>\n<p style=\"text-align: justify;\">\u00ab<em>Mam\u00e1 fue una mujer muy amiga de sus amigos, alegre, respetuosa, muy cat\u00f3lica, solidaria en su tiempo y espacio; amaba su profesi\u00f3n por sobre toda las cosas, siempre hac\u00eda frente a cualquier dificultad, muy guerrera, muy cari\u00f1osa, muy comprensiva, excelente madre y esposa, muy preocupada de todo y de todos. Tuvo 35 a\u00f1os de carrera, jubil\u00e1ndose el a\u00f1o 2005; vivi\u00f3 toda su vida en calle Merced 342 de San Felipe. Fue hija de <strong>Auristela Aguilar<\/strong> y <strong>Miguel Bi\u00e9nzobas<\/strong>, tuvo dos hermanos <strong>Jos\u00e9 Miguel<\/strong><\/em> (Nano) <em>y <strong>Germ\u00e1n Bi\u00e9nzobas<\/strong><\/em>\u00bb, coment\u00f3 a <strong>Diario\u00a0 El Trabajo<\/strong> su hija Coty.<\/p>\n<p style=\"text-align: justify;\">Todo el personal administrativo, period\u00edstico y gerencial de <strong>Diario El Trabajo<\/strong> hoy nos unimos al sentimiento de p\u00e9rdida de toda la Familia Carrandi Bi\u00e9nzobas, hacemos llegar a nuestro amigo y columnista de tantos a\u00f1os nuestro abrazo de contenci\u00f3n. <strong>\u00a1Descansa en Paz Gloria Celinda del Carmen Bi\u00e9nzobas Aguilar!<\/strong><\/p>\n<p style=\"text-align: justify;\"><strong>Roberto Gonz\u00e1lez Short<\/strong><\/p>\n<figure id=\"attachment_102382\" aria-describedby=\"caption-attachment-102382\" style=\"width: 579px\" class=\"wp-caption alignnone\"><img data-recalc-dims=\"1\" loading=\"lazy\" decoding=\"async\" class=\"size-full wp-image-102382\" src=\"https:\/\/i0.wp.com\/eltrabajo.cl\/portal\/wp-content\/uploads\/2020\/08\/Gloria1.jpg?resize=579%2C389&#038;ssl=1\" alt=\"GRACIAS GLORIA.- Sus familiares la despidieron con mucho pesar. Perdimos a una sanfelipe\u00f1a que dedic\u00f3 35 a\u00f1os de su vida a la educaci\u00f3n en nuestro pa\u00eds.\" width=\"579\" height=\"389\" srcset=\"https:\/\/i0.wp.com\/eltrabajo.cl\/portal\/wp-content\/uploads\/2020\/08\/Gloria1.jpg?w=579&amp;ssl=1 579w, https:\/\/i0.wp.com\/eltrabajo.cl\/portal\/wp-content\/uploads\/2020\/08\/Gloria1.jpg?resize=300%2C202&amp;ssl=1 300w, https:\/\/i0.wp.com\/eltrabajo.cl\/portal\/wp-content\/uploads\/2020\/08\/Gloria1.jpg?resize=200%2C134&amp;ssl=1 200w\" sizes=\"auto, (max-width: 579px) 100vw, 579px\" \/><figcaption id=\"caption-attachment-102382\" class=\"wp-caption-text\">GRACIAS GLORIA.- Sus familiares la despidieron con mucho pesar. Perdimos a una sanfelipe\u00f1a que dedic\u00f3 35 a\u00f1os de su vida a la educaci\u00f3n en nuestro pa\u00eds.<\/figcaption><\/figure>\n<figure id=\"attachment_102384\" aria-describedby=\"caption-attachment-102384\" style=\"width: 578px\" class=\"wp-caption alignnone\"><img data-recalc-dims=\"1\" loading=\"lazy\" decoding=\"async\" class=\"size-full wp-image-102384\" src=\"https:\/\/i0.wp.com\/eltrabajo.cl\/portal\/wp-content\/uploads\/2020\/08\/Gloria3.jpg?resize=578%2C370&#038;ssl=1\" alt=\"EL PUCHO FINAL.- La hija de Gloria, \u2018Coty\u2019 Carrandi se fum\u00f3 su cigarrito junto al f\u00e9retro de su madre, recordando las muchas veces que fumaron juntas.\" width=\"578\" height=\"370\" srcset=\"https:\/\/i0.wp.com\/eltrabajo.cl\/portal\/wp-content\/uploads\/2020\/08\/Gloria3.jpg?w=578&amp;ssl=1 578w, https:\/\/i0.wp.com\/eltrabajo.cl\/portal\/wp-content\/uploads\/2020\/08\/Gloria3.jpg?resize=300%2C192&amp;ssl=1 300w, https:\/\/i0.wp.com\/eltrabajo.cl\/portal\/wp-content\/uploads\/2020\/08\/Gloria3.jpg?resize=200%2C128&amp;ssl=1 200w\" sizes=\"auto, (max-width: 578px) 100vw, 578px\" \/><figcaption id=\"caption-attachment-102384\" class=\"wp-caption-text\">EL PUCHO FINAL.- La hija de Gloria, \u2018Coty\u2019 Carrandi se fum\u00f3 su cigarrito junto al f\u00e9retro de su madre, recordando las muchas veces que fumaron juntas.<\/figcaption><\/figure>\n<figure id=\"attachment_102383\" aria-describedby=\"caption-attachment-102383\" style=\"width: 579px\" class=\"wp-caption alignnone\"><img data-recalc-dims=\"1\" loading=\"lazy\" decoding=\"async\" class=\"size-full wp-image-102383\" src=\"https:\/\/i0.wp.com\/eltrabajo.cl\/portal\/wp-content\/uploads\/2020\/08\/Gloria2.jpg?resize=579%2C639&#038;ssl=1\" alt=\"FUERZA ROBERTO.- Aqu\u00ed la vemos en compa\u00f1\u00eda de su esposo Roberto Carrandi, en uno de esos momentos felices juntos.\" width=\"579\" height=\"639\" srcset=\"https:\/\/i0.wp.com\/eltrabajo.cl\/portal\/wp-content\/uploads\/2020\/08\/Gloria2.jpg?w=579&amp;ssl=1 579w, https:\/\/i0.wp.com\/eltrabajo.cl\/portal\/wp-content\/uploads\/2020\/08\/Gloria2.jpg?resize=272%2C300&amp;ssl=1 272w, https:\/\/i0.wp.com\/eltrabajo.cl\/portal\/wp-content\/uploads\/2020\/08\/Gloria2.jpg?resize=136%2C150&amp;ssl=1 136w\" sizes=\"auto, (max-width: 579px) 100vw, 579px\" \/><figcaption id=\"caption-attachment-102383\" class=\"wp-caption-text\">FUERZA ROBERTO.- Aqu\u00ed la vemos en compa\u00f1\u00eda de su esposo Roberto Carrandi, en uno de esos momentos felices juntos.<\/figcaption><\/figure>\n<figure id=\"attachment_102386\" aria-describedby=\"caption-attachment-102386\" style=\"width: 579px\" class=\"wp-caption alignnone\"><img data-recalc-dims=\"1\" loading=\"lazy\" decoding=\"async\" class=\"size-full wp-image-102386\" src=\"https:\/\/i0.wp.com\/eltrabajo.cl\/portal\/wp-content\/uploads\/2020\/08\/Gloria_Martina-y-Rocio-Miranda-Carrandi.jpg?resize=579%2C721&#038;ssl=1\" alt=\"FELICES CON YAYA.- Aqu\u00ed tenemos a estas regalonas nietas con su abuela Gloria, Martina y Roc\u00edo Miranda.\" width=\"579\" height=\"721\" srcset=\"https:\/\/i0.wp.com\/eltrabajo.cl\/portal\/wp-content\/uploads\/2020\/08\/Gloria_Martina-y-Rocio-Miranda-Carrandi.jpg?w=579&amp;ssl=1 579w, https:\/\/i0.wp.com\/eltrabajo.cl\/portal\/wp-content\/uploads\/2020\/08\/Gloria_Martina-y-Rocio-Miranda-Carrandi.jpg?resize=241%2C300&amp;ssl=1 241w, https:\/\/i0.wp.com\/eltrabajo.cl\/portal\/wp-content\/uploads\/2020\/08\/Gloria_Martina-y-Rocio-Miranda-Carrandi.jpg?resize=120%2C150&amp;ssl=1 120w\" sizes=\"auto, (max-width: 579px) 100vw, 579px\" \/><figcaption id=\"caption-attachment-102386\" class=\"wp-caption-text\">FELICES CON YAYA.- Aqu\u00ed tenemos a estas regalonas nietas con su abuela Gloria, Martina y Roc\u00edo Miranda.<\/figcaption><\/figure>\n<figure id=\"attachment_102385\" aria-describedby=\"caption-attachment-102385\" style=\"width: 579px\" class=\"wp-caption alignnone\"><img data-recalc-dims=\"1\" loading=\"lazy\" decoding=\"async\" class=\"size-full wp-image-102385\" src=\"https:\/\/i0.wp.com\/eltrabajo.cl\/portal\/wp-content\/uploads\/2020\/08\/Gloria_Gloria-Bienzobas.jpg?resize=579%2C661&#038;ssl=1\" alt=\"ADI\u00d3S AMIGA.- Profesora normalista, Gloria Celinda del Carmen Bi\u00e9nzobas Aguilar, naci\u00f3 el s\u00e1bado 31 de marzo de 1945 y falleci\u00f3 este lunes 24 de agosto de 2020.\" width=\"579\" height=\"661\" srcset=\"https:\/\/i0.wp.com\/eltrabajo.cl\/portal\/wp-content\/uploads\/2020\/08\/Gloria_Gloria-Bienzobas.jpg?w=579&amp;ssl=1 579w, https:\/\/i0.wp.com\/eltrabajo.cl\/portal\/wp-content\/uploads\/2020\/08\/Gloria_Gloria-Bienzobas.jpg?resize=263%2C300&amp;ssl=1 263w, https:\/\/i0.wp.com\/eltrabajo.cl\/portal\/wp-content\/uploads\/2020\/08\/Gloria_Gloria-Bienzobas.jpg?resize=131%2C150&amp;ssl=1 131w\" sizes=\"auto, (max-width: 579px) 100vw, 579px\" \/><figcaption id=\"caption-attachment-102385\" class=\"wp-caption-text\">ADI\u00d3S AMIGA.- Profesora normalista, Gloria Celinda del Carmen Bi\u00e9nzobas Aguilar, naci\u00f3 el s\u00e1bado 31 de marzo de 1945 y falleci\u00f3 este lunes 24 de agosto de 2020.<\/figcaption><\/figure>\n","protected":false},"excerpt":{"rendered":"<p>Sepultada este mi\u00e9rcoles en Cementerio Municipal en Almendral: Con gran pesar luego de fallecer este lunes a la edad de 75 a\u00f1os, fue despedida este mi\u00e9rcoles en horas de la ma\u00f1ana en&#8230;<\/p>\n","protected":false},"author":482,"featured_media":102384,"comment_status":"closed","ping_status":"open","sticky":false,"template":"","format":"standard","meta":{"advanced_seo_description":"","jetpack_seo_html_title":"","jetpack_seo_noindex":false,"_jetpack_memberships_contains_paid_content":false,"footnotes":""},"categories":[15],"tags":[],"class_list":["post-102381","post","type-post","status-publish","format-standard","has-post-thumbnail","hentry","category-comunidad"],"jetpack_featured_media_url":"https:\/\/i0.wp.com\/eltrabajo.cl\/portal\/wp-content\/uploads\/2020\/08\/Gloria3.jpg?fit=578%2C370&ssl=1","jetpack_sharing_enabled":true,"jetpack_likes_enabled":true,"jetpack-related-posts":[],"_links":{"self":[{"href":"https:\/\/eltrabajo.cl\/portal\/wp-json\/wp\/v2\/posts\/102381","targetHints":{"allow":["GET"]}}],"collection":[{"href":"https:\/\/eltrabajo.cl\/portal\/wp-json\/wp\/v2\/posts"}],"about":[{"href":"https:\/\/eltrabajo.cl\/portal\/wp-json\/wp\/v2\/types\/post"}],"author":[{"embeddable":true,"href":"https:\/\/eltrabajo.cl\/portal\/wp-json\/wp\/v2\/users\/482"}],"replies":[{"embeddable":true,"href":"https:\/\/eltrabajo.cl\/portal\/wp-json\/wp\/v2\/comments?post=102381"}],"version-history":[{"count":0,"href":"https:\/\/eltrabajo.cl\/portal\/wp-json\/wp\/v2\/posts\/102381\/revisions"}],"wp:featuredmedia":[{"embeddable":true,"href":"https:\/\/eltrabajo.cl\/portal\/wp-json\/wp\/v2\/media\/102384"}],"wp:attachment":[{"href":"https:\/\/eltrabajo.cl\/portal\/wp-json\/wp\/v2\/media?parent=102381"}],"wp:term":[{"taxonomy":"category","embeddable":true,"href":"https:\/\/eltrabajo.cl\/portal\/wp-json\/wp\/v2\/categories?post=102381"},{"taxonomy":"post_tag","embeddable":true,"href":"https:\/\/eltrabajo.cl\/portal\/wp-json\/wp\/v2\/tags?post=102381"}],"curies":[{"name":"wp","href":"https:\/\/api.w.org\/{rel}","templated":true}]}}