{"id":102388,"date":"2020-08-27T07:55:33","date_gmt":"2020-08-27T11:55:33","guid":{"rendered":"https:\/\/www.eltrabajo.cl\/portal\/?p=102388"},"modified":"2020-08-26T20:40:37","modified_gmt":"2020-08-27T00:40:37","slug":"motociclista-de-24-anos-de-edad-grave-con-riesgo-vital-en-uci-del-san-camilo","status":"publish","type":"post","link":"https:\/\/eltrabajo.cl\/portal\/motociclista-de-24-anos-de-edad-grave-con-riesgo-vital-en-uci-del-san-camilo\/","title":{"rendered":"Motociclista de 24 a\u00f1os de edad grave con riesgo vital en UCI del San Camilo"},"content":{"rendered":"<p style=\"text-align: left;\"><span style=\"color: #c81400;\"><strong>Tras participar en accidente de tr\u00e1nsito:<\/strong><\/span><\/p>\n<p style=\"text-align: justify;\">Grave e internado en la Unidad de Cuidados Intensivos del Hospital San Camilo producto de sus heridas, entre ellas un TEC, permanece un joven de 24 a\u00f1os de edad identificado como <strong>Diego N\u00fa\u00f1ez<\/strong>, que este martes en la noche protagoniz\u00f3 un accidente de tr\u00e1nsito mientras conduc\u00eda su motocicleta chocando con un jeep en la intersecci\u00f3n de las calles Vicente Sa\u00e1 Cueto con Hermanos Carrera de la Villa La Estancia.<\/p>\n<p style=\"text-align: justify;\">Carabineros de la Segunda Comisar\u00eda de San Felipe, por medio del subcomisario de los Servicios, capit\u00e1n <strong>Franco Herrera Quezada<\/strong>, indic\u00f3 que efectivamente este martes alrededor de las 22:00 a 22:15 horas, <em>\u00abconforme al registro que mantenemos nosotros, ah\u00ed en el sector de Vicente Sa\u00e1 Cueto con Hermanos Carrera, hubo una colisi\u00f3n entre un jeep y una motocicleta, y en este caso la peor parte, lesionado y con riesgo vital, result\u00f3 el motoclista, el cual qued\u00f3 con lesiones en ambas mu\u00f1ecas y en el cr\u00e1neo. Esta persona lo hac\u00eda con documentaci\u00f3n al d\u00eda, es una persona chilena de 24 a\u00f1os. Fue derivado en este caso al servicio de urgencia del Hospital San Camilo, donde qued\u00f3 en este caso hospitalizado con riesgo vital. La verdad que al momento no manten\u00eda antecedentes de cu\u00e1l es el estado de salud que mantiene esta persona, toda vez que se encontraba en observaci\u00f3n en la Unidad de Cuidados Intensivos, as\u00ed es que por tal motivo al momento se dio cuenta a la fiscal\u00eda en este caso por el accidente de tr\u00e1nsito con resultado de lesiones de car\u00e1cter grave\u00bb,<\/em> indic\u00f3 el oficial.<\/p>\n<p style=\"text-align: justify;\">Agreg\u00f3 que el fiscal de turno dispuso que la SIAT investigara este hecho: <em>\u00abEn este caso el conductor del veh\u00edculo (Jeep) que particip\u00f3 en este accidente de tr\u00e1nsito, qued\u00f3 en espera de citaci\u00f3n por parte de la fiscal\u00eda\u00bb,<\/em> se\u00f1al\u00f3 el capit\u00e1n Herrera.<\/p>\n<p style=\"text-align: justify;\">Consultado el capit\u00e1n Franco Herrera Quezada sobre las circunstancias del accidente, manifest\u00f3 lo siguiente: <em>\u00abLa verdad que al momento de llegar personal de Carabineros y entrevistar en este caso a los participantes, la primea hip\u00f3tesis, la causa basal probable, posteriormente se debe determinar a trav\u00e9s de los peritajes de la SIAT, es que al llegar a esa intersecci\u00f3n de calle, el conductor del Jeep no se habr\u00eda percatado en este caso de la presencia del motociclista y habr\u00edan colisionado de frente, obviamente de igual forma \u00e9l se qued\u00f3 en el lugar, llam\u00f3 a Carabineros, se adopt\u00f3 el procedimiento de las alcoholemias de ambos conductores y bueno, lamentablemente el conductor de la motocicleta, por no contar con la protecci\u00f3n que tiene un veh\u00edculo, obviamente recibi\u00f3 la peor parte, as\u00ed es que toda esta situaci\u00f3n est\u00e1 siendo investigada a priori, es lo que m\u00e1s menos tenemos de este accidente\u00bb,<\/em> se\u00f1al\u00f3.<\/p>\n<p style=\"text-align: justify;\">Hasta el cierre de esta nota, el joven de 24 a\u00f1os de nombre Diego N\u00fa\u00f1ez a\u00fan permanec\u00eda internado en la UCI del San Camilo.<\/p>\n<p style=\"text-align: justify;\">\n<p style=\"text-align: justify;\"><span style=\"color: #c81400;\"><strong>FAMILIA INICIA CAMPA\u00d1A<\/strong><\/span><\/p>\n<p style=\"text-align: justify;\">Nuestro medio convers\u00f3 con miembros de la familia de Diego N\u00fa\u00f1ez, quienes nos se\u00f1alaron que est\u00e1n reuniendo fondos para lo que se necesite. Lo est\u00e1n haciendo a trav\u00e9s del local que tiene Diego, llamado \u2018El Rinc\u00f3n del Sabor \u00a1Aqu\u00ed se Chorrea!\u2019, un emprendimiento que estaba llevando a cabo.<\/p>\n<p style=\"text-align: justify;\">Las personas que quieran comprar alg\u00fan producto pueden llamar a los tel\u00e9fonos celulares <strong>+56 9 8864 3696 \u00f3 +56 9 5431 0384.<\/strong><\/p>\n<figure id=\"attachment_102389\" aria-describedby=\"caption-attachment-102389\" style=\"width: 578px\" class=\"wp-caption alignnone\"><img data-recalc-dims=\"1\" loading=\"lazy\" decoding=\"async\" class=\"size-full wp-image-102389\" src=\"https:\/\/i0.wp.com\/eltrabajo.cl\/portal\/wp-content\/uploads\/2020\/08\/Diego.jpg?resize=578%2C432&#038;ssl=1\" alt=\"Diego N\u00fa\u00f1ez, de 24 a\u00f1os de edad, permanece internado en la UCI del San Camilo (foto autorizada por la familia).\" width=\"578\" height=\"432\" srcset=\"https:\/\/i0.wp.com\/eltrabajo.cl\/portal\/wp-content\/uploads\/2020\/08\/Diego.jpg?w=578&amp;ssl=1 578w, https:\/\/i0.wp.com\/eltrabajo.cl\/portal\/wp-content\/uploads\/2020\/08\/Diego.jpg?resize=300%2C224&amp;ssl=1 300w, https:\/\/i0.wp.com\/eltrabajo.cl\/portal\/wp-content\/uploads\/2020\/08\/Diego.jpg?resize=200%2C150&amp;ssl=1 200w\" sizes=\"auto, (max-width: 578px) 100vw, 578px\" \/><figcaption id=\"caption-attachment-102389\" class=\"wp-caption-text\">Diego N\u00fa\u00f1ez, de 24 a\u00f1os de edad, permanece internado en la UCI del San Camilo (foto autorizada por la familia).<\/figcaption><\/figure>\n<figure id=\"attachment_102390\" aria-describedby=\"caption-attachment-102390\" style=\"width: 579px\" class=\"wp-caption alignnone\"><img data-recalc-dims=\"1\" loading=\"lazy\" decoding=\"async\" class=\"size-full wp-image-102390\" src=\"https:\/\/i0.wp.com\/eltrabajo.cl\/portal\/wp-content\/uploads\/2020\/08\/Diego-Moto-2.jpg?resize=579%2C278&#038;ssl=1\" alt=\"El otro veh\u00edculo participante, un Jeep de color blanco, cuyo conductor se qued\u00f3 en el lugar de los hechos tras el accidente.\" width=\"579\" height=\"278\" srcset=\"https:\/\/i0.wp.com\/eltrabajo.cl\/portal\/wp-content\/uploads\/2020\/08\/Diego-Moto-2.jpg?w=579&amp;ssl=1 579w, https:\/\/i0.wp.com\/eltrabajo.cl\/portal\/wp-content\/uploads\/2020\/08\/Diego-Moto-2.jpg?resize=300%2C144&amp;ssl=1 300w, https:\/\/i0.wp.com\/eltrabajo.cl\/portal\/wp-content\/uploads\/2020\/08\/Diego-Moto-2.jpg?resize=200%2C96&amp;ssl=1 200w\" sizes=\"auto, (max-width: 579px) 100vw, 579px\" \/><figcaption id=\"caption-attachment-102390\" class=\"wp-caption-text\">El otro veh\u00edculo participante, un Jeep de color blanco, cuyo conductor se qued\u00f3 en el lugar de los hechos tras el accidente.<\/figcaption><\/figure>\n<figure id=\"attachment_102391\" aria-describedby=\"caption-attachment-102391\" style=\"width: 579px\" class=\"wp-caption alignnone\"><img data-recalc-dims=\"1\" loading=\"lazy\" decoding=\"async\" class=\"size-full wp-image-102391\" src=\"https:\/\/i0.wp.com\/eltrabajo.cl\/portal\/wp-content\/uploads\/2020\/08\/Diego-Moto.jpg?resize=579%2C278&#038;ssl=1\" alt=\"Carabineros y personal del SAMU en el lugar de los hechos, junto a la motocicleta que aparece tirada en el suelo tras el accidente.\" width=\"579\" height=\"278\" srcset=\"https:\/\/i0.wp.com\/eltrabajo.cl\/portal\/wp-content\/uploads\/2020\/08\/Diego-Moto.jpg?w=579&amp;ssl=1 579w, https:\/\/i0.wp.com\/eltrabajo.cl\/portal\/wp-content\/uploads\/2020\/08\/Diego-Moto.jpg?resize=300%2C144&amp;ssl=1 300w, https:\/\/i0.wp.com\/eltrabajo.cl\/portal\/wp-content\/uploads\/2020\/08\/Diego-Moto.jpg?resize=200%2C96&amp;ssl=1 200w\" sizes=\"auto, (max-width: 579px) 100vw, 579px\" \/><figcaption id=\"caption-attachment-102391\" class=\"wp-caption-text\">Carabineros y personal del SAMU en el lugar de los hechos, junto a la motocicleta que aparece tirada en el suelo tras el accidente.<\/figcaption><\/figure>\n<figure id=\"attachment_102392\" aria-describedby=\"caption-attachment-102392\" style=\"width: 579px\" class=\"wp-caption alignnone\"><img data-recalc-dims=\"1\" loading=\"lazy\" decoding=\"async\" class=\"size-full wp-image-102392\" src=\"https:\/\/i0.wp.com\/eltrabajo.cl\/portal\/wp-content\/uploads\/2020\/08\/diego-Local.jpg?resize=579%2C751&#038;ssl=1\" alt=\"El logo del emprendimiento que estaba llevando a cabo Diego N\u00fa\u00f1ez, donde la familia espera vender harto para tener dinero en caso que sea necesario.\" width=\"579\" height=\"751\" srcset=\"https:\/\/i0.wp.com\/eltrabajo.cl\/portal\/wp-content\/uploads\/2020\/08\/diego-Local.jpg?w=579&amp;ssl=1 579w, https:\/\/i0.wp.com\/eltrabajo.cl\/portal\/wp-content\/uploads\/2020\/08\/diego-Local.jpg?resize=231%2C300&amp;ssl=1 231w, https:\/\/i0.wp.com\/eltrabajo.cl\/portal\/wp-content\/uploads\/2020\/08\/diego-Local.jpg?resize=116%2C150&amp;ssl=1 116w\" sizes=\"auto, (max-width: 579px) 100vw, 579px\" \/><figcaption id=\"caption-attachment-102392\" class=\"wp-caption-text\">El logo del emprendimiento que estaba llevando a cabo Diego N\u00fa\u00f1ez, donde la familia espera vender harto para tener dinero en caso que sea necesario.<\/figcaption><\/figure>\n","protected":false},"excerpt":{"rendered":"<p>Tras participar en accidente de tr\u00e1nsito: Grave e internado en la Unidad de Cuidados Intensivos del Hospital San Camilo producto de sus heridas, entre ellas un TEC, permanece un joven de 24&#8230;<\/p>\n","protected":false},"author":482,"featured_media":102389,"comment_status":"closed","ping_status":"open","sticky":false,"template":"","format":"standard","meta":{"advanced_seo_description":"","jetpack_seo_html_title":"","jetpack_seo_noindex":false,"_jetpack_memberships_contains_paid_content":false,"footnotes":""},"categories":[21],"tags":[],"class_list":["post-102388","post","type-post","status-publish","format-standard","has-post-thumbnail","hentry","category-policial"],"jetpack_featured_media_url":"https:\/\/i0.wp.com\/eltrabajo.cl\/portal\/wp-content\/uploads\/2020\/08\/Diego.jpg?fit=578%2C432&ssl=1","jetpack_sharing_enabled":true,"jetpack_likes_enabled":true,"jetpack-related-posts":[],"_links":{"self":[{"href":"https:\/\/eltrabajo.cl\/portal\/wp-json\/wp\/v2\/posts\/102388","targetHints":{"allow":["GET"]}}],"collection":[{"href":"https:\/\/eltrabajo.cl\/portal\/wp-json\/wp\/v2\/posts"}],"about":[{"href":"https:\/\/eltrabajo.cl\/portal\/wp-json\/wp\/v2\/types\/post"}],"author":[{"embeddable":true,"href":"https:\/\/eltrabajo.cl\/portal\/wp-json\/wp\/v2\/users\/482"}],"replies":[{"embeddable":true,"href":"https:\/\/eltrabajo.cl\/portal\/wp-json\/wp\/v2\/comments?post=102388"}],"version-history":[{"count":0,"href":"https:\/\/eltrabajo.cl\/portal\/wp-json\/wp\/v2\/posts\/102388\/revisions"}],"wp:featuredmedia":[{"embeddable":true,"href":"https:\/\/eltrabajo.cl\/portal\/wp-json\/wp\/v2\/media\/102389"}],"wp:attachment":[{"href":"https:\/\/eltrabajo.cl\/portal\/wp-json\/wp\/v2\/media?parent=102388"}],"wp:term":[{"taxonomy":"category","embeddable":true,"href":"https:\/\/eltrabajo.cl\/portal\/wp-json\/wp\/v2\/categories?post=102388"},{"taxonomy":"post_tag","embeddable":true,"href":"https:\/\/eltrabajo.cl\/portal\/wp-json\/wp\/v2\/tags?post=102388"}],"curies":[{"name":"wp","href":"https:\/\/api.w.org\/{rel}","templated":true}]}}