{"id":102394,"date":"2020-08-27T08:00:33","date_gmt":"2020-08-27T12:00:33","guid":{"rendered":"https:\/\/www.eltrabajo.cl\/portal\/?p=102394"},"modified":"2020-08-26T20:44:11","modified_gmt":"2020-08-27T00:44:11","slug":"de-covid-19-y-a-los-93-anos-de-edad-muere-el-general-r-hector-orozco","status":"publish","type":"post","link":"https:\/\/eltrabajo.cl\/portal\/de-covid-19-y-a-los-93-anos-de-edad-muere-el-general-r-hector-orozco\/","title":{"rendered":"De Covid-19 y a los 93 a\u00f1os de edad muere el General (r) H\u00e9ctor Orozco"},"content":{"rendered":"<p style=\"text-align: left;\"><span style=\"color: #c81400;\"><strong>Estaba cumpliendo condena en Punta Peuco:<\/strong><\/span><\/p>\n<ul style=\"text-align: left;\">\n<li><strong>Militar hab\u00eda sido condenado por los asesinatos de Absal\u00f3n Wegner y Rigoberto Achu en San Felipe.<\/strong><\/li>\n<\/ul>\n<p style=\"text-align: left;\">A los 93 a\u00f1os de edad y producto del Covid-19 muri\u00f3 el General (r) <strong>H\u00e9ctor Orozco<\/strong>, quien estaba cumpliendo condena en el Penal de Punta Peuco desde el a\u00f1o 2017 por los asesinatos de los militantes PC y PS doctor <strong>Absal\u00f3n Wegner<\/strong> y <strong>Rigoberto Achu<\/strong>, crimen ocurrido el d\u00eda 13 de diciembre del a\u00f1o 1973 en la intersecci\u00f3n de las calles 5 de Abril con Molina en San Felipe. Ambos fueron asesinados tras regresar a la c\u00e1rcel.<\/p>\n<p style=\"text-align: justify;\">Al respecto fue la hija del doctor Absal\u00f3n Wegner, <strong>M\u00f3nica<\/strong>, quien se refiri\u00f3 a este fallecimiento se\u00f1alando que las muertes siempre son duras, independiente de quien sea: <em>\u00abCon la muerte del se\u00f1or Orozco se va cerrando un ciclo para nuestra familia, bastante largo, bastante duro, pero creo que es bueno ir cerrando etapas. Ahora no es bueno la muerte porque me imagino que su familia tambi\u00e9n est\u00e1 sufriendo, las muertes en s\u00ed no las celebramos por ning\u00fan motivo, simplemente el hecho de decir que tuvo una larga vida \u00e9l tom\u00f3 sus decisiones, nosotros gracias a Dios estuvimos a tiempo de poder hacer un justo juicio creo yo\u00bb,<\/em> se\u00f1al\u00f3.<\/p>\n<p style=\"text-align: justify;\">&#8211; <strong>\u00bfUstedes como familia est\u00e1n conformes con lo que se resolvi\u00f3 en el juicio llevado a cabo por el Ministro Julio Miranda?<\/strong><\/p>\n<p style=\"text-align: justify;\">&#8211; Mira fue bastante largo, dur\u00f3 7 a\u00f1os, el juicio fue bastante estudiado de forma muy responsable, con much\u00edsima investigaci\u00f3n, testimonios, algunos testigos\u2026 algunos testigos que fallecieron dejaron toda su experiencia notariada para que fuera lo m\u00e1s seria y responsable posible, entonces yo dir\u00eda que el juicio fue lo m\u00e1s justo que pudo haber sido para ambas partes. M\u00e1s all\u00e1 que ellos reconozcan o no, se hizo con toda la seriedad del mundo, entonces creo que eso a m\u00ed me deja, a mi familia, mi mam\u00e1, mi hermana, nos deja muy tranquilas en que se hizo con toda la seriedad que ten\u00eda que hacerse algo tan duro y terrible.<\/p>\n<p style=\"text-align: justify;\">&#8211; <strong>\u00bfUstedes lograron en alg\u00fan momento durante la investigaci\u00f3n conversar con el General Orozco?, o durante la reconstituci\u00f3n de escena que se llev\u00f3 a cabo ah\u00ed en calle Molina con 5 de Abril, \u00bfintercambiaron alguna vez una palabra con \u00e9l o no?<\/strong><\/p>\n<p style=\"text-align: justify;\">&#8211; Nunca, nunca, nunca ellos quisieron dar la cara, nunca quisieron hablar con la familia, la verdad que nosotros no insistimos tampoco, porque cuando pas\u00f3 esto ya eran personas de bastante edad, bastante enfermas, y aqu\u00ed se trata de verificar hechos y verificar situaciones. A nosotros nos importaba que se descubriera qui\u00e9nes fueron los asesinos de mi pap\u00e1 y gracias a este juicio se pudo conseguir, ahora si ellos no lo reconocen, si ellos est\u00e1n tranquilos o no con sus conciencias, es un tema de ellos, si ellos no quisieron juntarse con nosotros y darnos la cara, tuvimos que hacer en d\u00edas diferentes\u2026 no se pudo carear, cada uno daba su testimonio en d\u00edas diferentes, entonces no hubo mucha posibilidad de interacci\u00f3n con ellos\u2026 no, nunca.<\/p>\n<p style=\"text-align: justify;\">&#8211; <strong>\u00bfSe pueden cerrar heridas al pasar el tiempo o es un tema que siempre sigue pendiente ah\u00ed en conversaciones familiares?, porque el otro d\u00eda me dec\u00eda una madre que le asesinaron su hijo, ella esperar\u00eda que hubiera muerto en un accidente o de una enfermedad, pero no que lo mataran, ya es completamente diferente. \u00bfSe sigue conversando el tema en reuniones familiares o no?<\/strong><\/p>\n<p style=\"text-align: justify;\">&#8211; Yo creo que el tema de que maten a un ser querido es duro, es algo que te va a repercutir en tu vida para siempre en lo que viene. Mis hijos han tenido que saber lo que pas\u00f3 con el abuelo y seguramente se lo contar\u00e1n a mis nietos, as\u00ed es que es algo que siempre est\u00e1 presente y mi mam\u00e1 siempre lo recuerda, entonces es algo que evidentemente est\u00e1 en las reuniones familiares y est\u00e1 presente, pero yo tengo, no s\u00e9 tal vez llamarle la gracia, yo vengo de un hogar cristiano, a m\u00ed desde muy temprano me ense\u00f1aron que las cosas hay que reconocerlas, aclararlas, pero cuando ya se tiene la pel\u00edcula clara hay que empezar a vivir y no quedarse pegada en el pasado, entonces tambi\u00e9n hay que perdonar. Yo quiero que mis hijos tengan una vida linda, maravillosa, y eso es reconocer el pasado, pero mirar\u00a0 adelante, no podemos quedarnos pegados en ese pasado que es doloroso, que es duro; hoy d\u00eda sabemos la verdad, hoy d\u00eda sabemos lo que pas\u00f3, pero pudimos enjuiciar a estas personas, entonces yo creo que despu\u00e9s de esto hay un cierre importante que no se va del coraz\u00f3n, pero s\u00ed un cierre de cap\u00edtulo por as\u00ed decirlo, y tenemos que mirar para adelante, tenemos que ver el futuro, mirar con esperanza lo que viene y ojala que nuestro pa\u00eds s\u00ed pueda reconciliarse; los que no reconocen, puedan reconocer; los que no perdonan, puedan perdonar; los que hicieron tanto da\u00f1o, puedan pedir perd\u00f3n tambi\u00e9n. Siempre uno cuando est\u00e1 vivo tiene la capacidad de perdonar y pedir perd\u00f3n.<\/p>\n<p style=\"text-align: justify;\">&#8211; <strong>\u00bfEse es el caso de ustedes como familia, perdonaron a los asesinos de su padre?, porque hay que hablar derechamente de asesinos.<\/strong><\/p>\n<p style=\"text-align: justify;\">&#8211; S\u00ed son asesinos.<\/p>\n<p style=\"text-align: justify;\">&#8211; <strong>\u00bfLos perdonaron ya?<\/strong><\/p>\n<p style=\"text-align: justify;\">&#8211; S\u00ed, nosotros sabemos y tenemos los nombres de cada una de las personas que fueron involucradas directa o indirectamente en el asesinato de mi pap\u00e1, porque esto a parte fue muy bien planificado y tenemos los nombres, pero hemos tenido la capacidad como familia de creer; as\u00ed como Dios tambi\u00e9n lo perdona a uno, tambi\u00e9n debe perdonar porque sabes lo que pasa si no perdonas, te quedas pegado ah\u00ed y no puedes seguir viviendo, y yo creo que el mejor honor que le podemos dar a mi pap\u00e1 los que estamos vivos, es vivir una vida buena, una vida con prop\u00f3sito, vivir una vida lo m\u00e1s alegre que se pueda, reconociendo la persona que fue \u00e9l, entonces yo no me quiero quedar en la muerte ni en el odio\u2026 me quiero quedar en la vida, en el perd\u00f3n y caminar en esta vida que tengo el privilegio de vivir.<\/p>\n<p style=\"text-align: justify;\">&#8211; <strong>Conversando con algunas personas, porque estuvimos presentes en la reconstituci\u00f3n de escena, cerca del General Orozco, del doctor Navarro, igual la gente conversaba dando muy buenas referencias de su padre, un reconocimiento hac\u00eda \u00e9l, \u00bfeso ustedes lo valoran en ese sentido como familia?<\/strong><\/p>\n<p style=\"text-align: justify;\">&#8211; S\u00ed, yo le tengo mucho cari\u00f1o a la ciudad de San Felipe, por eso mismo porque al pasar los a\u00f1os siempre el 13 de diciembre siempre hay gente encendiendo velitas, gente cantando, hay gente acompa\u00f1ando, bueno yo soy la hija mayor, viv\u00ed muchos a\u00f1os fuera de Chile, no pude ir y siempre me han pasado cosas a m\u00ed o a mi familia el 13 de diciembre para no poder ir \u00a1no hay caso!, no hemos podido ir, me meto en las redes de San Felipe el 13 y 14 de diciembre y pucha yo les agradezco tanto a le gente tan buena de San Felipe, que siempre hay una velita, una canci\u00f3n, hay una compa\u00f1\u00eda porque de verdad, viene de muy cerca la recomendaci\u00f3n, pero mi pap\u00e1 quiso mucho, a pesar de no ser de San Felipe, es un lugar que quiso mucho, un lugar que \u00e9l trat\u00f3 de hacerlo de acuerdo a su militancia, cada d\u00eda vivir con lo que \u00e9l pensaba y ser, ser una persona de servicio, ser una persona de salud que impacte en la vida de las personas, no s\u00f3lo un cargo pol\u00edtico, sino que realmente \u00e9l era un m\u00e9dico que escogi\u00f3 su carrera porque quer\u00eda servir a los desprotegidos y en cierta medida lo vivi\u00f3 y lo pudo hacer y la gente de San Felipe lo reconoce.<\/p>\n<p style=\"text-align: justify;\">&#8211; <strong>Bueno hay un sal\u00f3n en la direcci\u00f3n del Servicio de Salud Aconcagua que lleva el nombre de su padre Absal\u00f3n Wegner.<\/strong><\/p>\n<p style=\"text-align: justify;\">&#8211; S\u00ed ah\u00ed estuvimos nosotros, toda mi familia e incluso viaj\u00f3 mi t\u00eda desde Temuco, la hermana de mi pap\u00e1; estuvimos todos juntos ah\u00ed la familia, fue maravilloso, un acto de reconstituci\u00f3n, tambi\u00e9n de alegr\u00eda, de honrar la memoria de mi padre porque de verdad que \u00e9l quiso mucho a San Felipe, quiso mucho a Putaendo y a su gente, entonces yo creo que la ciudad ha sido muy generosa en reconocerlo.<\/p>\n<p style=\"text-align: justify;\">M\u00f3nica Wegner vive actualmente en Santiago.<\/p>\n<figure id=\"attachment_102395\" aria-describedby=\"caption-attachment-102395\" style=\"width: 579px\" class=\"wp-caption alignnone\"><img data-recalc-dims=\"1\" loading=\"lazy\" decoding=\"async\" class=\"size-full wp-image-102395\" src=\"https:\/\/i0.wp.com\/eltrabajo.cl\/portal\/wp-content\/uploads\/2020\/08\/muere-achu-achu-wegner.jpg?resize=579%2C347&#038;ssl=1\" alt=\"Absalon Wegner y Rigoberto Achu fueron asesinados el d\u00eda 13 de diciembre de 1973.\" width=\"579\" height=\"347\" srcset=\"https:\/\/i0.wp.com\/eltrabajo.cl\/portal\/wp-content\/uploads\/2020\/08\/muere-achu-achu-wegner.jpg?w=579&amp;ssl=1 579w, https:\/\/i0.wp.com\/eltrabajo.cl\/portal\/wp-content\/uploads\/2020\/08\/muere-achu-achu-wegner.jpg?resize=300%2C180&amp;ssl=1 300w, https:\/\/i0.wp.com\/eltrabajo.cl\/portal\/wp-content\/uploads\/2020\/08\/muere-achu-achu-wegner.jpg?resize=200%2C120&amp;ssl=1 200w\" sizes=\"auto, (max-width: 579px) 100vw, 579px\" \/><figcaption id=\"caption-attachment-102395\" class=\"wp-caption-text\">Absalon Wegner y Rigoberto Achu fueron asesinados el d\u00eda 13 de diciembre de 1973.<\/figcaption><\/figure>\n<figure id=\"attachment_102396\" aria-describedby=\"caption-attachment-102396\" style=\"width: 579px\" class=\"wp-caption alignnone\"><img data-recalc-dims=\"1\" loading=\"lazy\" decoding=\"async\" class=\"size-full wp-image-102396\" src=\"https:\/\/i0.wp.com\/eltrabajo.cl\/portal\/wp-content\/uploads\/2020\/08\/muere-acto-reparatorio-absalon-wegner.jpg?resize=579%2C401&#038;ssl=1\" alt=\"La familia el d\u00eda de inauguraci\u00f3n del audit\u00f3rium Absal\u00f3n Wegner en el Servicio de Salud Aconcagua.\" width=\"579\" height=\"401\" srcset=\"https:\/\/i0.wp.com\/eltrabajo.cl\/portal\/wp-content\/uploads\/2020\/08\/muere-acto-reparatorio-absalon-wegner.jpg?w=579&amp;ssl=1 579w, https:\/\/i0.wp.com\/eltrabajo.cl\/portal\/wp-content\/uploads\/2020\/08\/muere-acto-reparatorio-absalon-wegner.jpg?resize=300%2C208&amp;ssl=1 300w, https:\/\/i0.wp.com\/eltrabajo.cl\/portal\/wp-content\/uploads\/2020\/08\/muere-acto-reparatorio-absalon-wegner.jpg?resize=200%2C139&amp;ssl=1 200w, https:\/\/i0.wp.com\/eltrabajo.cl\/portal\/wp-content\/uploads\/2020\/08\/muere-acto-reparatorio-absalon-wegner.jpg?resize=218%2C150&amp;ssl=1 218w\" sizes=\"auto, (max-width: 579px) 100vw, 579px\" \/><figcaption id=\"caption-attachment-102396\" class=\"wp-caption-text\">La familia el d\u00eda de inauguraci\u00f3n del audit\u00f3rium Absal\u00f3n Wegner en el Servicio de Salud Aconcagua.<\/figcaption><\/figure>\n<figure id=\"attachment_102397\" aria-describedby=\"caption-attachment-102397\" style=\"width: 579px\" class=\"wp-caption alignnone\"><img data-recalc-dims=\"1\" loading=\"lazy\" decoding=\"async\" class=\"size-full wp-image-102397\" src=\"https:\/\/i0.wp.com\/eltrabajo.cl\/portal\/wp-content\/uploads\/2020\/08\/muere-Hector-Orozco.jpg?resize=579%2C620&#038;ssl=1\" alt=\"H\u00e9ctor Orozco cuando particip\u00f3 de la reconstituci\u00f3n de escena. Falleci\u00f3 a los 93 a\u00f1os por Covid-19.\" width=\"579\" height=\"620\" srcset=\"https:\/\/i0.wp.com\/eltrabajo.cl\/portal\/wp-content\/uploads\/2020\/08\/muere-Hector-Orozco.jpg?w=579&amp;ssl=1 579w, https:\/\/i0.wp.com\/eltrabajo.cl\/portal\/wp-content\/uploads\/2020\/08\/muere-Hector-Orozco.jpg?resize=280%2C300&amp;ssl=1 280w, https:\/\/i0.wp.com\/eltrabajo.cl\/portal\/wp-content\/uploads\/2020\/08\/muere-Hector-Orozco.jpg?resize=140%2C150&amp;ssl=1 140w\" sizes=\"auto, (max-width: 579px) 100vw, 579px\" \/><figcaption id=\"caption-attachment-102397\" class=\"wp-caption-text\">H\u00e9ctor Orozco cuando particip\u00f3 de la reconstituci\u00f3n de escena. Falleci\u00f3 a los 93 a\u00f1os por Covid-19.<\/figcaption><\/figure>\n","protected":false},"excerpt":{"rendered":"<p>Estaba cumpliendo condena en Punta Peuco: Militar hab\u00eda sido condenado por los asesinatos de Absal\u00f3n Wegner y Rigoberto Achu en San Felipe. A los 93 a\u00f1os de edad y producto del Covid-19&#8230;<\/p>\n","protected":false},"author":482,"featured_media":102397,"comment_status":"closed","ping_status":"open","sticky":false,"template":"","format":"standard","meta":{"advanced_seo_description":"","jetpack_seo_html_title":"","jetpack_seo_noindex":false,"_jetpack_memberships_contains_paid_content":false,"footnotes":""},"categories":[105,103],"tags":[],"class_list":["post-102394","post","type-post","status-publish","format-standard","has-post-thumbnail","hentry","category-covid-19","category-cronica-2"],"jetpack_featured_media_url":"https:\/\/i0.wp.com\/eltrabajo.cl\/portal\/wp-content\/uploads\/2020\/08\/muere-Hector-Orozco.jpg?fit=579%2C620&ssl=1","jetpack_sharing_enabled":true,"jetpack_likes_enabled":true,"jetpack-related-posts":[],"_links":{"self":[{"href":"https:\/\/eltrabajo.cl\/portal\/wp-json\/wp\/v2\/posts\/102394","targetHints":{"allow":["GET"]}}],"collection":[{"href":"https:\/\/eltrabajo.cl\/portal\/wp-json\/wp\/v2\/posts"}],"about":[{"href":"https:\/\/eltrabajo.cl\/portal\/wp-json\/wp\/v2\/types\/post"}],"author":[{"embeddable":true,"href":"https:\/\/eltrabajo.cl\/portal\/wp-json\/wp\/v2\/users\/482"}],"replies":[{"embeddable":true,"href":"https:\/\/eltrabajo.cl\/portal\/wp-json\/wp\/v2\/comments?post=102394"}],"version-history":[{"count":0,"href":"https:\/\/eltrabajo.cl\/portal\/wp-json\/wp\/v2\/posts\/102394\/revisions"}],"wp:featuredmedia":[{"embeddable":true,"href":"https:\/\/eltrabajo.cl\/portal\/wp-json\/wp\/v2\/media\/102397"}],"wp:attachment":[{"href":"https:\/\/eltrabajo.cl\/portal\/wp-json\/wp\/v2\/media?parent=102394"}],"wp:term":[{"taxonomy":"category","embeddable":true,"href":"https:\/\/eltrabajo.cl\/portal\/wp-json\/wp\/v2\/categories?post=102394"},{"taxonomy":"post_tag","embeddable":true,"href":"https:\/\/eltrabajo.cl\/portal\/wp-json\/wp\/v2\/tags?post=102394"}],"curies":[{"name":"wp","href":"https:\/\/api.w.org\/{rel}","templated":true}]}}