{"id":102399,"date":"2020-08-28T07:40:16","date_gmt":"2020-08-28T11:40:16","guid":{"rendered":"https:\/\/www.eltrabajo.cl\/portal\/?p=102399"},"modified":"2020-08-27T21:58:11","modified_gmt":"2020-08-28T01:58:11","slug":"llaman-a-alcaldes-a-decretar-el-no-retorno-a-clases-presenciales-durante-este-ano","status":"publish","type":"post","link":"https:\/\/eltrabajo.cl\/portal\/llaman-a-alcaldes-a-decretar-el-no-retorno-a-clases-presenciales-durante-este-ano\/","title":{"rendered":"Llaman a alcaldes a decretar el no retorno a clases presenciales durante este a\u00f1o"},"content":{"rendered":"<ul style=\"text-align: justify;\">\n<li style=\"text-align: left;\"><strong>Hoy viernes los alcaldes de la Asociaci\u00f3n de Municipalidades Regi\u00f3n de Aconcagua, realizar\u00e1n reuni\u00f3n donde se conversar\u00e1 el futuro educativo de los estudiantes de nuestra zona<\/strong><\/li>\n<\/ul>\n<p style=\"text-align: justify;\">A pesar de las intenciones del Ministerio de Educaci\u00f3n para gestionar la vuelta a clases de los estudiantes del pa\u00eds, son muchas las voces que se han manifestado contrarias a esta decisi\u00f3n. La carencia de infraestructura de los establecimientos educacionales que impide mantener la distancia social entre los m\u00e1s peque\u00f1os, como tambi\u00e9n la calidad de <strong>\u2018vectores activos\u2019<\/strong> que tienen los ni\u00f1os, quienes muchos de ellos al ser asintom\u00e1ticos, contagian a sus familias sin saber que est\u00e1n enfermos, han sido las principales razones que han motivado a los detractores a manifestarse en contra de la decisi\u00f3n gubernamental.<\/p>\n<p style=\"text-align: justify;\">En el Valle de Aconcagua, la Municipalidad de Calle Larga fue una de las primeras en anunciar el no retorno a clases presenciales durante el 2020, decisi\u00f3n que se tom\u00f3 pensando en el bienestar de ni\u00f1os, ni\u00f1as, sus familias, profesores y asistentes de la educaci\u00f3n.<\/p>\n<p style=\"text-align: justify;\">\u00ab<em>En Chile hay m\u00e1s de 15 mil personas que han fallecido producto de la pandemia y a nuestros ni\u00f1os y ni\u00f1as se les est\u00e1 diciendo que podr\u00edan volver a clases presenciales cuando esto sea posible. Esto produce en ellos una gran incertidumbre, es por eso que es necesario que las autoridades comunales, m\u00e1s que ser parte de un gobierno, tenemos como deber proteger a la gente que vive en nuestras comunas. Tenemos que ser m\u00e1s contundentes en las decisiones que tomamos. En Calle Larga estimamos que los ni\u00f1os y ni\u00f1as no ten\u00edan que volver a clases presenciales. Ojala que el resto de los municipios tome una medida en ese sentido\u00bb,<\/em> sostuvo el alcalde <strong>Nelson Venegas<\/strong>, quien como presidente de la Asociaci\u00f3n de Municipalidades Regi\u00f3n de Aconcagua, sostendr\u00e1 hoy viernes una reuni\u00f3n con los alcaldes de las provincias de Los Andes y San Felipe donde se plantear\u00e1 ese tema.<\/p>\n<p style=\"text-align: justify;\">\u00ab<em>Le pedir\u00e9 ma\u00f1ana a los alcaldes que tomemos la decisi\u00f3n en conjunto del no retorno a clases presenciales durante este a\u00f1o. De esta forma los ni\u00f1os, ni\u00f1as, sus familias y toda la comunidad educativa, podr\u00e1n tener la certeza de que no volver\u00e1n a clases presenciales. Si se vuelve a clases, las personas se tienen que movilizar, los ni\u00f1os pueden llevar el contagio a sus casas y es por eso que los alcaldes conversaremos este tema y ojala que tengamos una decisi\u00f3n m\u00e1s contundente, porque lo que se est\u00e1 viviendo en nuestro pa\u00eds es demasiado grave y como alcaldes debemos proteger a nuestra gente\u00bb,<\/em> agreg\u00f3 Nelson Venegas.<\/p>\n<p style=\"text-align: justify;\">\n<p style=\"text-align: justify;\"><span style=\"color: #c81400;\"><strong>MEJOR EN SUS CASAS<\/strong><\/span><\/p>\n<p style=\"text-align: justify;\">Sobre la postura de quienes se oponen al retorno a clases presenciales, <strong>Jaime \u00c1lvarez<\/strong>, m\u00e9dico y ginec\u00f3logo del Valle de Aconcagua, manifest\u00f3 los riesgos a los que se exponen los ni\u00f1os y ni\u00f1as, como tambi\u00e9n sus familias, si se determina la vuelta a clases.<\/p>\n<p style=\"text-align: justify;\">\u00ab<em>Los menores tambi\u00e9n pueden sufrir enfermedades vinculadas a la pandemia y adem\u00e1s son vectores activos para contagiar a los dem\u00e1s. Los abuelos son los m\u00e1s afectados por esta pandemia y no hay que olvidar que los vectores\u00a0 esencialmente son los ni\u00f1os, principalmente asintom\u00e1ticos, y ellos con la vuelta a clases van a poner en riesgo a sus adultos mayores. No olvidemos tambi\u00e9n que hay un porcentaje no despreciable de ni\u00f1os que tambi\u00e9n se enferman y que han muerto por esta pandemia. Hay un s\u00edndrome inflamatorio que se da en ni\u00f1os y que es muy complicado de tratar por lo que no hay que arriesgarlos. Por otra parte nuestros adultos mayores son los mayores afectados con esta pandemia y los ni\u00f1os van a ser los vectores. La verdad es que los ni\u00f1os est\u00e1n mucho m\u00e1s seguros en sus casas que en los colegios. Los Andes debe tomar la medida de la no vuelta a clases. Eso es lo m\u00e1s seguro para nuestros ni\u00f1os y nuestros adultos\u00bb,<\/em> manifest\u00f3 Jaime \u00c1lvarez.<\/p>\n<figure id=\"attachment_102400\" aria-describedby=\"caption-attachment-102400\" style=\"width: 579px\" class=\"wp-caption alignnone\"><img data-recalc-dims=\"1\" loading=\"lazy\" decoding=\"async\" class=\"size-full wp-image-102400\" src=\"https:\/\/i0.wp.com\/eltrabajo.cl\/portal\/wp-content\/uploads\/2020\/08\/llaman-a-alcaldes.jpg?resize=579%2C312&#038;ssl=1\" alt=\"El alcalde Nelson Venegas, presidente de la Asociaci\u00f3n de Municipalidades Regi\u00f3n de Aconcagua, sostendr\u00e1 hoy viernes una reuni\u00f3n con los alcaldes de las provincias de Los Andes y San Felipe donde se plantear\u00e1 ese tema.\" width=\"579\" height=\"312\" srcset=\"https:\/\/i0.wp.com\/eltrabajo.cl\/portal\/wp-content\/uploads\/2020\/08\/llaman-a-alcaldes.jpg?w=579&amp;ssl=1 579w, https:\/\/i0.wp.com\/eltrabajo.cl\/portal\/wp-content\/uploads\/2020\/08\/llaman-a-alcaldes.jpg?resize=300%2C162&amp;ssl=1 300w, https:\/\/i0.wp.com\/eltrabajo.cl\/portal\/wp-content\/uploads\/2020\/08\/llaman-a-alcaldes.jpg?resize=200%2C108&amp;ssl=1 200w\" sizes=\"auto, (max-width: 579px) 100vw, 579px\" \/><figcaption id=\"caption-attachment-102400\" class=\"wp-caption-text\">El alcalde Nelson Venegas, presidente de la Asociaci\u00f3n de Municipalidades Regi\u00f3n de Aconcagua, sostendr\u00e1 hoy viernes una reuni\u00f3n con los alcaldes de las provincias de Los Andes y San Felipe donde se plantear\u00e1 ese tema.<\/figcaption><\/figure>\n","protected":false},"excerpt":{"rendered":"<p>Hoy viernes los alcaldes de la Asociaci\u00f3n de Municipalidades Regi\u00f3n de Aconcagua, realizar\u00e1n reuni\u00f3n donde se conversar\u00e1 el futuro educativo de los estudiantes de nuestra zona A pesar de las intenciones del&#8230;<\/p>\n","protected":false},"author":482,"featured_media":102400,"comment_status":"closed","ping_status":"open","sticky":false,"template":"","format":"standard","meta":{"advanced_seo_description":"","jetpack_seo_html_title":"","jetpack_seo_noindex":false,"_jetpack_memberships_contains_paid_content":false,"footnotes":""},"categories":[105,103],"tags":[],"class_list":["post-102399","post","type-post","status-publish","format-standard","has-post-thumbnail","hentry","category-covid-19","category-cronica-2"],"jetpack_featured_media_url":"https:\/\/i0.wp.com\/eltrabajo.cl\/portal\/wp-content\/uploads\/2020\/08\/llaman-a-alcaldes.jpg?fit=579%2C312&ssl=1","jetpack_sharing_enabled":true,"jetpack_likes_enabled":true,"jetpack-related-posts":[],"_links":{"self":[{"href":"https:\/\/eltrabajo.cl\/portal\/wp-json\/wp\/v2\/posts\/102399","targetHints":{"allow":["GET"]}}],"collection":[{"href":"https:\/\/eltrabajo.cl\/portal\/wp-json\/wp\/v2\/posts"}],"about":[{"href":"https:\/\/eltrabajo.cl\/portal\/wp-json\/wp\/v2\/types\/post"}],"author":[{"embeddable":true,"href":"https:\/\/eltrabajo.cl\/portal\/wp-json\/wp\/v2\/users\/482"}],"replies":[{"embeddable":true,"href":"https:\/\/eltrabajo.cl\/portal\/wp-json\/wp\/v2\/comments?post=102399"}],"version-history":[{"count":0,"href":"https:\/\/eltrabajo.cl\/portal\/wp-json\/wp\/v2\/posts\/102399\/revisions"}],"wp:featuredmedia":[{"embeddable":true,"href":"https:\/\/eltrabajo.cl\/portal\/wp-json\/wp\/v2\/media\/102400"}],"wp:attachment":[{"href":"https:\/\/eltrabajo.cl\/portal\/wp-json\/wp\/v2\/media?parent=102399"}],"wp:term":[{"taxonomy":"category","embeddable":true,"href":"https:\/\/eltrabajo.cl\/portal\/wp-json\/wp\/v2\/categories?post=102399"},{"taxonomy":"post_tag","embeddable":true,"href":"https:\/\/eltrabajo.cl\/portal\/wp-json\/wp\/v2\/tags?post=102399"}],"curies":[{"name":"wp","href":"https:\/\/api.w.org\/{rel}","templated":true}]}}