{"id":102407,"date":"2020-08-28T07:50:11","date_gmt":"2020-08-28T11:50:11","guid":{"rendered":"https:\/\/www.eltrabajo.cl\/portal\/?p=102407"},"modified":"2020-08-28T15:00:30","modified_gmt":"2020-08-28T19:00:30","slug":"este-sabado-se-cumplen-5-anos-de-la-tragica-muerte-de-javier-munoz-delgado","status":"publish","type":"post","link":"https:\/\/eltrabajo.cl\/portal\/este-sabado-se-cumplen-5-anos-de-la-tragica-muerte-de-javier-munoz-delgado\/","title":{"rendered":"Este s\u00e1bado se cumplen 5 a\u00f1os de la tr\u00e1gica muerte de Javier Mu\u00f1oz Delgado"},"content":{"rendered":"<p style=\"text-align: left;\"><span style=\"color: #c8000a;\"><strong>Hermano del relator deportivo dise\u00f1\u00f3 mascarillas impresas:<\/strong><\/span><\/p>\n<p style=\"text-align: justify;\">Este s\u00e1bado 29 de agosto se cumplen cinco a\u00f1os de la tragedia en la que perdi\u00f3 la vida el destacado relator deportivo sanfelipe\u00f1o, de 43 a\u00f1os de edad, <strong>Javier Mu\u00f1oz Delgado<\/strong>, luego que la madrugada del s\u00e1bado 29 de agosto de 2015 falleciera en un tr\u00e1gico accidente en la entonces Ruta 60 CH, cuando conduc\u00eda su veh\u00edculo marca JAC placa patente GK TG 93 de color gris desde la ciudad porte\u00f1a, para regresar a su morada en Villa La Escuadra de San Felipe, donde lo esperaban su esposa y sus tres hijos.<\/p>\n<p style=\"text-align: justify;\">La tragedia ocurri\u00f3 alrededor de las 3 de la madrugada a escasos metros de la Municipalidad de Panquehue. El comunicador fue impactado por el conductor de un veh\u00edculo Hyundai Accent placa patente GH KG 66, identificado como <strong>Diego Esteban Vera Pizarro<\/strong>, entonces de 24 a\u00f1os de edad, domiciliado en el sector El Array\u00e1n de Catemu, quien con 1.3 gramos de alcohol en su sangre y producto de conducir a m\u00e1s de 180 kil\u00f3metros por hora, habr\u00eda impactado de frente el veh\u00edculo donde viajaba Javier, quedando ambos m\u00f3viles pr\u00e1cticamente desintegrados producto del violento choque. Todo el pa\u00eds supo la noticia, miles lloraron su partida y otros tantos no se explican por qu\u00e9 la persona que le dio muerte, hoy sigue en libertad, habiendo cumplido s\u00f3lo un a\u00f1o en prisi\u00f3n.<\/p>\n<p style=\"text-align: justify;\">Mu\u00f1oz fue un connotado hombre de las comunicaciones y reconocido relator deportivo que se convirti\u00f3 en un pilar fundamental como rostro del Canal del F\u00fatbol y Directv Sports, adem\u00e1s de ser declarado Hijo Ilustre de San Felipe. La pena de su partida marc\u00f3 a toda la familia, tanto as\u00ed que su madre <strong>Nancy Delgado<\/strong> falleci\u00f3 en marzo de 2020.<\/p>\n<p style=\"text-align: justify;\"><span style=\"color: #c8000a;\"><strong>RESE\u00d1A DE SU VIDA<\/strong><\/span><\/p>\n<p style=\"text-align: justify;\">Seg\u00fan lo describi\u00f3 hace cinco a\u00f1os el periodista <strong>Pablo Salinas<\/strong> en <strong>Diario El Trabajo<\/strong>, Javier Francisco Mu\u00f1oz Delgado naci\u00f3 y se cri\u00f3 en Poblaci\u00f3n Oscar Bonilla, en El Tambo, lugar donde se gan\u00f3 el cari\u00f1o de toda la gente que lo llamaba \u2018<strong>El Panchito<\/strong>\u2019 cuando jugaba a la pelota. Su ense\u00f1anza b\u00e1sica la realiz\u00f3 en el Colegio Alonso de Ercilla y la media en el Liceo Comercial de Los Andes, donde ya siendo adolescente comenz\u00f3 a sentir la pasi\u00f3n por las comunicaciones, animando eventos y ceremonias por sus dotes en la locuci\u00f3n, llegando a iniciarse en Radio Transandina en esa localidad, realizando sus primeros reportes.<\/p>\n<p style=\"text-align: justify;\">Con la humildad que lo caracteriz\u00f3, \u2018El Negrito\u2019 comenz\u00f3 a abrirse paso en San Felipe formando parte de Radio Colunqu\u00e9n en el nost\u00e1lgico y extinto programa \u2018El Clan Juvenil\u2019, que marc\u00f3 una \u00e9poca radial entre los sanfelipe\u00f1os. Sin embargo, su inclinaci\u00f3n al relato deportivo le abri\u00f3 paso hasta llegar a Radio Aconcagua para probar suerte en el \u00e1rea deportiva de la emisora, donde surge el g\u00e9nesis de su carrera en el periodismo deportivo.<\/p>\n<p style=\"text-align: justify;\">Contrajo matrimonio con su esposa <strong>Anita<\/strong> y tuvo tres hijas: <strong>Camila<\/strong>, <strong>Catalina<\/strong> y <strong>Kiara<\/strong>, quienes a\u00fan hoy lloran su repentina partida junto a toda una comunidad. Su esp\u00edritu de superaci\u00f3n lo llev\u00f3 adem\u00e1s a integrar el departamento de relaciones p\u00fablicas de la Gobernaci\u00f3n de San Felipe, como tambi\u00e9n en su oportunidad realizar labores como reportero de prensa radial.<\/p>\n<p style=\"text-align: justify;\"><span style=\"color: #c8000a;\"><strong>CARRERA TELEVISIVA<\/strong><\/span><\/p>\n<p style=\"text-align: justify;\">En 2005, Javier Mu\u00f1oz se incorpor\u00f3 al Canal del F\u00fatbol con mucha fe, y buscando proyectarse a lo grande. En dicha estaci\u00f3n comenz\u00f3 grabando partidos de f\u00fatbol adem\u00e1s de relatar encuentros en vivo y en directo, que fueron valorados por los directivos de la estaci\u00f3n televisiva, brind\u00e1ndole la oportunidad de que su rostro apareciera en pantalla a nivel nacional.<\/p>\n<p style=\"text-align: justify;\">Su caracter\u00edstica forma de relatar los partidos de f\u00fatbol lo catapultaron como un profesional de las comunicaciones, llegando a transmitir los encuentros deportivos en el Mundial de Brasil para la cadena Directv Sport y las clasificatorias de Copa Am\u00e9rica, donde Chile result\u00f3 el gran vencedor; es as\u00ed como quedar\u00e1 inmortalizado su relato cuando <strong>Alexis S\u00e1nchez<\/strong>, en el \u00faltimo penal, convirti\u00f3 en ganadora a la Selecci\u00f3n Chilena, donde la voz de Javier Mu\u00f1oz predomin\u00f3 en ese momento crucial que mantuvo a nuestro pa\u00eds con innumerables celebraciones.<\/p>\n<p style=\"text-align: justify;\">Durante la euforia de aquella trasmisi\u00f3n que form\u00f3 un hito en el \u00e1mbito deportivo, casualmente Javier Mu\u00f1oz esgrimi\u00f3 la frase \u2018<strong>Gracias a la vida que me ha dado tanto<\/strong>\u2019 de la cantante Violeta Parra, una oraci\u00f3n que hoy envuelve de gran congoja y reflexi\u00f3n el destacado legado que nos deja este profesional, cuya imagen permanecer\u00e1 viva en cada coraz\u00f3n de quienes lo conocieron.<\/p>\n<p style=\"text-align: justify;\"><span style=\"color: #c8000a;\"><strong>QUER\u00cdA SER PERIODISTA<\/strong><\/span><\/p>\n<p style=\"text-align: justify;\">Producto de la significativa fama que fue adquiriendo por su profesionalismo, Javier quiso ampliar sus conocimientos estudiando la carrera de Periodismo en la Universidad Pedro de Valdivia, logrando alcanzar a egresar como periodista, sin poder lamentablemente obtener su anhelado t\u00edtulo.<\/p>\n<p style=\"text-align: justify;\">A pesar de trabajar constantemente en la capital, Javier nunca quiso emigrar de su querida tierra San Felipe, siendo reconocido como <strong>Hijo Ilustre<\/strong> en 2012. Asimismo en Radio Aconcagua, donde asumi\u00f3 parte de la direcci\u00f3n del \u00e1rea deportiva, Javier nunca renunci\u00f3 a dejar los micr\u00f3fonos radiales que lo fueron dando a conocer y lo llevaron a merecer el t\u00edtulo destacado de comunicador, incluso hasta ser reconocido en el extranjero.<\/p>\n<p style=\"text-align: justify;\"><span style=\"color: #c8000a;\"><strong>EN MASCARILLAS<\/strong><\/span><\/p>\n<p style=\"text-align: justify;\">La ma\u00f1ana de este jueves tuvimos la oportunidad de hablar con el hermano de Javier, <strong>Salvador Mu\u00f1oz<\/strong>, quien con cari\u00f1o reparti\u00f3 varias mascarillas en nuestra ciudad con fotos impresas de Javier en ellas. <em>\u00abPara todos en nuestra familia la muerte de Javier ha sido un golpe bastante duro, a nivel personal hasta el d\u00eda de hoy no logro vivir o ser feliz sin su presencia, \u00e9ramos tres hermanos, Javier era el mayor, sigo yo, y mi hermana menor Priscilla <\/em>(\u2026)<em> s\u00e9 que por esta pandemia no ser\u00e1 posible realizar homenajes ni actividades conmemorativas para Javier, as\u00ed que con saber que la gente no lo olvida sentimos que as\u00ed debe ser<\/em>\u00bb, dijo Salvador a <strong>Diario El Trabajo<\/strong>.<\/p>\n<p style=\"text-align: justify;\">&#8211; <strong>Tu madre Nancy falleci\u00f3 este a\u00f1o a causa de una enfermedad degenerativa, \u00bfcrees que la muerte de Javier fue vinculante a su deceso?<\/strong><\/p>\n<p style=\"text-align: justify;\">&#8211; S\u00ed, yo creo que para ella fue un golpe muy duro porque mi hermano Javier era su hijo regal\u00f3n, as\u00ed que pienso que mi hermano se la llev\u00f3 a su Descanso.<\/p>\n<p style=\"text-align: justify;\">&#8211; <strong>\u00bfQu\u00e9 homenajes se le han hecho y cu\u00e1les est\u00e1n en espera?<\/strong><\/p>\n<p style=\"text-align: justify;\">&#8211; Las muestras de cari\u00f1o para Javier han sido muchas, partidos de f\u00fatbol, la calle principal de El Tambo lleva su nombre, las autoridades anunciaron hace alg\u00fan tiempo que si llegamos a tener estadio municipal nuevo, este llevar\u00e1 tambi\u00e9n su nombre, yo agradezco a todos las muestras de cari\u00f1o, ojala nunca lo olvidemos.<\/p>\n<p style=\"text-align: justify;\"><span style=\"color: #c8000a;\"><strong>JAM\u00c1S OLVIDADO<\/strong><\/span><\/p>\n<p style=\"text-align: justify;\">Todo el personal administrativo, period\u00edstico y gerencial de <strong>Diario El Trabajo<\/strong> hoy publicamos esta nueva rese\u00f1a informativa sobre la vida y muerte del querido Javier Mu\u00f1oz Delgado, al cumplirse este s\u00e1bado cinco a\u00f1os de su tr\u00e1gica partida.<\/p>\n<p style=\"text-align: justify;\"><strong>Roberto Gonz\u00e1lez Short<\/strong><\/p>\n<figure id=\"attachment_102409\" aria-describedby=\"caption-attachment-102409\" style=\"width: 579px\" class=\"wp-caption alignnone\"><img data-recalc-dims=\"1\" loading=\"lazy\" decoding=\"async\" class=\"size-full wp-image-102409\" src=\"https:\/\/i0.wp.com\/eltrabajo.cl\/portal\/wp-content\/uploads\/2020\/08\/javier-munoz-2.jpg?resize=579%2C386&#038;ssl=1\" alt=\"AMARGO RECUERDO.- Este es el veh\u00edculo en el que viajaba Javier la madrugada del 29 de agosto de 2015, cuando fue impactado por un conductor ebrio que viajaba a 180 kil\u00f3metros por hora.\" width=\"579\" height=\"386\" srcset=\"https:\/\/i0.wp.com\/eltrabajo.cl\/portal\/wp-content\/uploads\/2020\/08\/javier-munoz-2.jpg?w=579&amp;ssl=1 579w, https:\/\/i0.wp.com\/eltrabajo.cl\/portal\/wp-content\/uploads\/2020\/08\/javier-munoz-2.jpg?resize=300%2C200&amp;ssl=1 300w, https:\/\/i0.wp.com\/eltrabajo.cl\/portal\/wp-content\/uploads\/2020\/08\/javier-munoz-2.jpg?resize=200%2C133&amp;ssl=1 200w\" sizes=\"auto, (max-width: 579px) 100vw, 579px\" \/><figcaption id=\"caption-attachment-102409\" class=\"wp-caption-text\">AMARGO RECUERDO.- Este es el veh\u00edculo en el que viajaba Javier la madrugada del 29 de agosto de 2015, cuando fue impactado por un conductor ebrio que viajaba a 180 kil\u00f3metros por hora.<\/figcaption><\/figure>\n<figure id=\"attachment_102410\" aria-describedby=\"caption-attachment-102410\" style=\"width: 579px\" class=\"wp-caption alignnone\"><img data-recalc-dims=\"1\" loading=\"lazy\" decoding=\"async\" class=\"size-full wp-image-102410\" src=\"https:\/\/i0.wp.com\/eltrabajo.cl\/portal\/wp-content\/uploads\/2020\/08\/javier-munoz-3.jpg?resize=579%2C387&#038;ssl=1\" alt=\"HUMILDE HOMENAJE.- Estas son las mascarillas con la imagen de Javier Mu\u00f1oz, que con mucho cari\u00f1o su hermano Salvador ha confeccionado para regalar a los colegas de medios locales.\" width=\"579\" height=\"387\" srcset=\"https:\/\/i0.wp.com\/eltrabajo.cl\/portal\/wp-content\/uploads\/2020\/08\/javier-munoz-3.jpg?w=579&amp;ssl=1 579w, https:\/\/i0.wp.com\/eltrabajo.cl\/portal\/wp-content\/uploads\/2020\/08\/javier-munoz-3.jpg?resize=300%2C201&amp;ssl=1 300w, https:\/\/i0.wp.com\/eltrabajo.cl\/portal\/wp-content\/uploads\/2020\/08\/javier-munoz-3.jpg?resize=200%2C134&amp;ssl=1 200w\" sizes=\"auto, (max-width: 579px) 100vw, 579px\" \/><figcaption id=\"caption-attachment-102410\" class=\"wp-caption-text\">HUMILDE HOMENAJE.- Estas son las mascarillas con la imagen de Javier Mu\u00f1oz, que con mucho cari\u00f1o su hermano Salvador ha confeccionado para regalar a los colegas de medios locales.<\/figcaption><\/figure>\n<figure id=\"attachment_102411\" aria-describedby=\"caption-attachment-102411\" style=\"width: 579px\" class=\"wp-caption alignnone\"><img data-recalc-dims=\"1\" loading=\"lazy\" decoding=\"async\" class=\"size-full wp-image-102411\" src=\"https:\/\/i0.wp.com\/eltrabajo.cl\/portal\/wp-content\/uploads\/2020\/08\/javier-munoz-_Salvador-Munoz.jpg?resize=579%2C606&#038;ssl=1\" alt=\"Salvador Mu\u00f1oz, hermano de Javier, reparti\u00f3 mascarillas en recuerdo de su hermano.\" width=\"579\" height=\"606\" srcset=\"https:\/\/i0.wp.com\/eltrabajo.cl\/portal\/wp-content\/uploads\/2020\/08\/javier-munoz-_Salvador-Munoz.jpg?w=579&amp;ssl=1 579w, https:\/\/i0.wp.com\/eltrabajo.cl\/portal\/wp-content\/uploads\/2020\/08\/javier-munoz-_Salvador-Munoz.jpg?resize=287%2C300&amp;ssl=1 287w, https:\/\/i0.wp.com\/eltrabajo.cl\/portal\/wp-content\/uploads\/2020\/08\/javier-munoz-_Salvador-Munoz.jpg?resize=143%2C150&amp;ssl=1 143w\" sizes=\"auto, (max-width: 579px) 100vw, 579px\" \/><figcaption id=\"caption-attachment-102411\" class=\"wp-caption-text\">Salvador Mu\u00f1oz, hermano de Javier, reparti\u00f3 mascarillas en recuerdo de su hermano.<\/figcaption><\/figure>\n<figure id=\"attachment_102408\" aria-describedby=\"caption-attachment-102408\" style=\"width: 579px\" class=\"wp-caption alignnone\"><img data-recalc-dims=\"1\" loading=\"lazy\" decoding=\"async\" class=\"size-full wp-image-102408\" src=\"https:\/\/i0.wp.com\/eltrabajo.cl\/portal\/wp-content\/uploads\/2020\/08\/javier-munoz-1.jpg?resize=579%2C724&#038;ssl=1\" alt=\"POR SIEMPRE JAVIER.- El lunes 31 de agosto de 2015 en la portada de Diario El Trabajo publicamos una amplia cobertura gr\u00e1fica, en la que se reflej\u00f3 la multitudinaria despedida ofrecida al \u2018Se\u00f1or de los Humildes\u2019, Javier Mu\u00f1oz Delgado.\" width=\"579\" height=\"724\" srcset=\"https:\/\/i0.wp.com\/eltrabajo.cl\/portal\/wp-content\/uploads\/2020\/08\/javier-munoz-1.jpg?w=579&amp;ssl=1 579w, https:\/\/i0.wp.com\/eltrabajo.cl\/portal\/wp-content\/uploads\/2020\/08\/javier-munoz-1.jpg?resize=240%2C300&amp;ssl=1 240w, https:\/\/i0.wp.com\/eltrabajo.cl\/portal\/wp-content\/uploads\/2020\/08\/javier-munoz-1.jpg?resize=120%2C150&amp;ssl=1 120w\" sizes=\"auto, (max-width: 579px) 100vw, 579px\" \/><figcaption id=\"caption-attachment-102408\" class=\"wp-caption-text\">POR SIEMPRE JAVIER.- El lunes 31 de agosto de 2015 en la portada de Diario El Trabajo publicamos una amplia cobertura gr\u00e1fica, en la que se reflej\u00f3 la multitudinaria despedida ofrecida al \u2018Se\u00f1or de los Humildes\u2019, Javier Mu\u00f1oz Delgado.<\/figcaption><\/figure>\n","protected":false},"excerpt":{"rendered":"<p>Hermano del relator deportivo dise\u00f1\u00f3 mascarillas impresas: Este s\u00e1bado 29 de agosto se cumplen cinco a\u00f1os de la tragedia en la que perdi\u00f3 la vida el destacado relator deportivo sanfelipe\u00f1o, de 43&#8230;<\/p>\n","protected":false},"author":482,"featured_media":102412,"comment_status":"closed","ping_status":"open","sticky":false,"template":"","format":"standard","meta":{"advanced_seo_description":"","jetpack_seo_html_title":"","jetpack_seo_noindex":false,"_jetpack_memberships_contains_paid_content":false,"footnotes":""},"categories":[15],"tags":[],"class_list":["post-102407","post","type-post","status-publish","format-standard","has-post-thumbnail","hentry","category-comunidad"],"jetpack_featured_media_url":"https:\/\/i0.wp.com\/eltrabajo.cl\/portal\/wp-content\/uploads\/2020\/08\/javier-munoz-1-copia.jpg?fit=580%2C578&ssl=1","jetpack_sharing_enabled":true,"jetpack_likes_enabled":true,"jetpack-related-posts":[],"_links":{"self":[{"href":"https:\/\/eltrabajo.cl\/portal\/wp-json\/wp\/v2\/posts\/102407","targetHints":{"allow":["GET"]}}],"collection":[{"href":"https:\/\/eltrabajo.cl\/portal\/wp-json\/wp\/v2\/posts"}],"about":[{"href":"https:\/\/eltrabajo.cl\/portal\/wp-json\/wp\/v2\/types\/post"}],"author":[{"embeddable":true,"href":"https:\/\/eltrabajo.cl\/portal\/wp-json\/wp\/v2\/users\/482"}],"replies":[{"embeddable":true,"href":"https:\/\/eltrabajo.cl\/portal\/wp-json\/wp\/v2\/comments?post=102407"}],"version-history":[{"count":0,"href":"https:\/\/eltrabajo.cl\/portal\/wp-json\/wp\/v2\/posts\/102407\/revisions"}],"wp:featuredmedia":[{"embeddable":true,"href":"https:\/\/eltrabajo.cl\/portal\/wp-json\/wp\/v2\/media\/102412"}],"wp:attachment":[{"href":"https:\/\/eltrabajo.cl\/portal\/wp-json\/wp\/v2\/media?parent=102407"}],"wp:term":[{"taxonomy":"category","embeddable":true,"href":"https:\/\/eltrabajo.cl\/portal\/wp-json\/wp\/v2\/categories?post=102407"},{"taxonomy":"post_tag","embeddable":true,"href":"https:\/\/eltrabajo.cl\/portal\/wp-json\/wp\/v2\/tags?post=102407"}],"curies":[{"name":"wp","href":"https:\/\/api.w.org\/{rel}","templated":true}]}}