{"id":102420,"date":"2020-08-28T08:00:03","date_gmt":"2020-08-28T12:00:03","guid":{"rendered":"https:\/\/www.eltrabajo.cl\/portal\/?p=102420"},"modified":"2020-08-27T22:10:18","modified_gmt":"2020-08-28T02:10:18","slug":"hombre-de-73-anos-muere-aplastado-por-pala-mecanica-al-interior-de-taller","status":"publish","type":"post","link":"https:\/\/eltrabajo.cl\/portal\/hombre-de-73-anos-muere-aplastado-por-pala-mecanica-al-interior-de-taller\/","title":{"rendered":"Hombre de 73 a\u00f1os muere aplastado por pala mec\u00e1nica al interior de taller"},"content":{"rendered":"<ul style=\"text-align: justify;\">\n<li style=\"text-align: left;\"><strong>V\u00edctima fue auxiliada por familiares y vecinos, quienes procedieron a levantar la pesada pala, tras lo cual la v\u00edctima balbuce\u00f3 algunas palabras, siendo infructuosos los intentos por reanimarlo, falleciendo alrededor de 30 minutos despu\u00e9s del tr\u00e1gico accidente.<\/strong><\/li>\n<\/ul>\n<p style=\"text-align: justify;\">Un hombre de 73 a\u00f1os de edad, identificado como <strong>Carlos Fuenzalida<\/strong>, falleci\u00f3 la tarde de ayer luego de sufrir un grave accidente laboral al interior de un taller mec\u00e1nico ubicado en la Villa Argelia.<\/p>\n<p style=\"text-align: justify;\">El hecho se registr\u00f3 alrededor de las 17,30 horas, en circunstancias que se desconocen exactamente al no existir una informaci\u00f3n oficial sobre lo sucedido al cierre de la presente edici\u00f3n. No obstante y seg\u00fan fuentes extraoficiales, Carlos Fuenzalida se habr\u00eda encontrado trabajando en el sistema hidr\u00e1ulico de una retroexcavadora, circunstancias en la cual aparentemente habr\u00eda sido aplastado por la pala de una retroexcavadora.<\/p>\n<p style=\"text-align: justify;\">El tr\u00e1gico accidente ocurri\u00f3 en un taller mec\u00e1nico de reparaci\u00f3n de retroexcavadoras y maquinaria de demolici\u00f3n ubicado en Villa Argelia, en el pasaje Corea, sector Borde Estero Quilpu\u00e9, cerca de la calle Abraham Ahumada, taller que aparentemente ser\u00eda propiedad de la v\u00edctima fatal.<\/p>\n<p style=\"text-align: justify;\">En el lugar y siempre en el \u00e1mbito de antecedentes extraoficiales, se pudo conocer que tras el accidente, la v\u00edctima comenz\u00f3 a pedir ayuda, siendo auxiliado por familiares y vecinos que lograron sacarlo debajo de la pesada pala. No obstante, tras quitarle el enorme peso de encima, balbuce\u00f3 algunas palabras y se desmay\u00f3.<\/p>\n<p style=\"text-align: justify;\">Seg\u00fan indicaron vecinos del sector, habr\u00edan intentado reanimarlo durante media hora, pero no pudieron lograrlo, falleciendo finalmente alrededor de las 18 horas.<\/p>\n<figure id=\"attachment_102421\" aria-describedby=\"caption-attachment-102421\" style=\"width: 579px\" class=\"wp-caption alignnone\"><img data-recalc-dims=\"1\" loading=\"lazy\" decoding=\"async\" class=\"size-full wp-image-102421\" src=\"https:\/\/i0.wp.com\/eltrabajo.cl\/portal\/wp-content\/uploads\/2020\/08\/pala1.jpg?resize=579%2C387&#038;ssl=1\" alt=\"Personal de Carabineros en las afueras del taller mec\u00e1nico y de bicicletas donde se registr\u00f3 la horrible tragedia.\" width=\"579\" height=\"387\" srcset=\"https:\/\/i0.wp.com\/eltrabajo.cl\/portal\/wp-content\/uploads\/2020\/08\/pala1.jpg?w=579&amp;ssl=1 579w, https:\/\/i0.wp.com\/eltrabajo.cl\/portal\/wp-content\/uploads\/2020\/08\/pala1.jpg?resize=300%2C201&amp;ssl=1 300w, https:\/\/i0.wp.com\/eltrabajo.cl\/portal\/wp-content\/uploads\/2020\/08\/pala1.jpg?resize=200%2C134&amp;ssl=1 200w\" sizes=\"auto, (max-width: 579px) 100vw, 579px\" \/><figcaption id=\"caption-attachment-102421\" class=\"wp-caption-text\">Personal de Carabineros en las afueras del taller mec\u00e1nico y de bicicletas donde se registr\u00f3 la horrible tragedia.<\/figcaption><\/figure>\n","protected":false},"excerpt":{"rendered":"<p>V\u00edctima fue auxiliada por familiares y vecinos, quienes procedieron a levantar la pesada pala, tras lo cual la v\u00edctima balbuce\u00f3 algunas palabras, siendo infructuosos los intentos por reanimarlo, falleciendo alrededor de 30&#8230;<\/p>\n","protected":false},"author":482,"featured_media":102421,"comment_status":"closed","ping_status":"open","sticky":false,"template":"","format":"standard","meta":{"advanced_seo_description":"","jetpack_seo_html_title":"","jetpack_seo_noindex":false,"_jetpack_memberships_contains_paid_content":false,"footnotes":""},"categories":[21],"tags":[],"class_list":["post-102420","post","type-post","status-publish","format-standard","has-post-thumbnail","hentry","category-policial"],"jetpack_featured_media_url":"https:\/\/i0.wp.com\/eltrabajo.cl\/portal\/wp-content\/uploads\/2020\/08\/pala1.jpg?fit=579%2C387&ssl=1","jetpack_sharing_enabled":true,"jetpack_likes_enabled":true,"jetpack-related-posts":[],"_links":{"self":[{"href":"https:\/\/eltrabajo.cl\/portal\/wp-json\/wp\/v2\/posts\/102420","targetHints":{"allow":["GET"]}}],"collection":[{"href":"https:\/\/eltrabajo.cl\/portal\/wp-json\/wp\/v2\/posts"}],"about":[{"href":"https:\/\/eltrabajo.cl\/portal\/wp-json\/wp\/v2\/types\/post"}],"author":[{"embeddable":true,"href":"https:\/\/eltrabajo.cl\/portal\/wp-json\/wp\/v2\/users\/482"}],"replies":[{"embeddable":true,"href":"https:\/\/eltrabajo.cl\/portal\/wp-json\/wp\/v2\/comments?post=102420"}],"version-history":[{"count":0,"href":"https:\/\/eltrabajo.cl\/portal\/wp-json\/wp\/v2\/posts\/102420\/revisions"}],"wp:featuredmedia":[{"embeddable":true,"href":"https:\/\/eltrabajo.cl\/portal\/wp-json\/wp\/v2\/media\/102421"}],"wp:attachment":[{"href":"https:\/\/eltrabajo.cl\/portal\/wp-json\/wp\/v2\/media?parent=102420"}],"wp:term":[{"taxonomy":"category","embeddable":true,"href":"https:\/\/eltrabajo.cl\/portal\/wp-json\/wp\/v2\/categories?post=102420"},{"taxonomy":"post_tag","embeddable":true,"href":"https:\/\/eltrabajo.cl\/portal\/wp-json\/wp\/v2\/tags?post=102420"}],"curies":[{"name":"wp","href":"https:\/\/api.w.org\/{rel}","templated":true}]}}